{"id":9700315,"date":"2015-05-22T12:27:41","date_gmt":"2015-05-22T12:27:41","guid":{"rendered":"https:\/\/www.upo.es\/diario\/?p=9700315"},"modified":"2015-05-22T14:32:40","modified_gmt":"2015-05-22T14:32:40","slug":"banco-santander-impulsa-la-alianza-para-la-movilidad-academica-iberoamericana-con-40-000-becas","status":"publish","type":"post","link":"https:\/\/www.upo.es\/diario\/institucional\/2015\/05\/banco-santander-impulsa-la-alianza-para-la-movilidad-academica-iberoamericana-con-40-000-becas\/","title":{"rendered":"Banco Santander impulsa la Alianza para la Movilidad Acad\u00e9mica Iberoamericana con 40.000 becas"},"content":{"rendered":"<figure id=\"attachment_9700316\" aria-describedby=\"caption-attachment-9700316\" style=\"width: 600px\" class=\"wp-caption aligncenter\"><a href=\"https:\/\/www.upo.es\/diario\/wp-content\/uploads\/2015\/05\/JAV_0090.jpg\"><img loading=\"lazy\" decoding=\"async\" class=\"size-large wp-image-9700316\" alt=\"Rebeca Grynspan (3\u00aa, izquierda) y Jos\u00e9 Antonio \u00c1lvarez (4\u00ba, izq) han firmado la adhesi\u00f3n de Banco Santander a la Alianza\" src=\"https:\/\/www.upo.es\/diario\/wp-content\/uploads\/2015\/05\/JAV_0090-600x480.jpg\" width=\"600\" height=\"480\" srcset=\"https:\/\/www.upo.es\/diario\/wp-content\/uploads\/2015\/05\/JAV_0090-600x480.jpg 600w, https:\/\/www.upo.es\/diario\/wp-content\/uploads\/2015\/05\/JAV_0090-320x256.jpg 320w\" sizes=\"auto, (max-width: 600px) 100vw, 600px\" \/><\/a><figcaption id=\"caption-attachment-9700316\" class=\"wp-caption-text\">Rebeca Grynspan (3\u00aa, izquierda) y Jos\u00e9 Antonio \u00c1lvarez (4\u00ba, izq) han firmado la adhesi\u00f3n de Banco Santander a la Alianza<\/figcaption><\/figure>\n<p>La Secretaria General Iberoamericana, Rebeca Grynspan, y el Consejero Delegado de Banco Santander, Jos\u00e9 Antonio \u00c1lvarez, han firmado hoy la adhesi\u00f3n de Banco Santander a la <b>Alianza para la Movilidad Acad\u00e9mica Iberoamericana<\/b>, los \u00aberasmus latinoamericanos\u00bb, un proyecto que surge en el <a href=\"https:\/\/www.upo.es\/diario\/institucional\/2014\/07\/el-iii-encuentro-internacional-de-rectores-universia-concluye-con-el-compromiso-de-la-carta-de-rio-2014\/\">III Encuentro Internacional de Rectores Universia<\/a> celebrado en R\u00edo de Janeiro en 2014. Rebeca Grynspan y Jos\u00e9 Antonio \u00c1lvarez destacaron durante la firma el papel de la Alianza en fortalecer el tejido acad\u00e9mico y contribuir al crecimiento sostenible y la reducci\u00f3n de la desigualdad en la regi\u00f3n.<\/p>\n<p>M\u00e1s de dos terceras partes de la poblaci\u00f3n universitaria latinoamericana pertenecen a familias que por primera vez puede acceder a la educaci\u00f3n superior. Esto representa un potencial sin igual para que la educaci\u00f3n de un salto cualitativo y contribuya a reducir la persistente desigualdad en la distribuci\u00f3n de oportunidades en Am\u00e9rica Latina.<\/p>\n<p>La Alianza para la Movilidad Acad\u00e9mica Iberoamericana permitir\u00e1 aunar los recursos necesarios para respaldar la acci\u00f3n de intercambio acad\u00e9mico m\u00e1s ambiciosa creada hasta la fecha en la regi\u00f3n. Coordinada por la <a href=\"http:\/\/www.segib.org\/\">Secretar\u00eda General Iberoamericana<\/a>, prev\u00e9 que hasta el a\u00f1o 2020 al menos 200.000 estudiantes, profesores e investigadores iberoamericanos puedan ampliar sus estudios y conocimientos en otros pa\u00edses de la Comunidad. Para contribuir a estos intercambios acad\u00e9micos, <b>Banco Santander, a trav\u00e9s de Santander Universidades, se compromete a entregar 40.000 becas hasta 2018<\/b>.<\/p>\n<p>&nbsp;<\/p>\n","protected":false},"excerpt":{"rendered":"<p>La Secretaria General Iberoamericana, Rebeca Grynspan, y el Consejero Delegado de Banco Santander, Jos\u00e9 Antonio \u00c1lvarez, han firmado hoy la adhesi\u00f3n de Banco Santander a la Alianza para la Movilidad Acad\u00e9mica Iberoamericana, los \u00aberasmus latinoamericanos\u00bb, un proyecto que surge en el III Encuentro Internacional de Rectores Universia celebrado en R\u00edo de Janeiro en 2014. <\/p>\n","protected":false},"author":6,"featured_media":0,"comment_status":"closed","ping_status":"open","sticky":false,"template":"","format":"standard","meta":{"_monsterinsights_skip_tracking":false,"_monsterinsights_sitenote_active":false,"_monsterinsights_sitenote_note":"","_monsterinsights_sitenote_category":0,"footnotes":""},"categories":[6],"tags":[1000,64,21,805,734,1282,57,39],"class_list":["post-9700315","post","type-post","status-publish","format-standard","hentry","category-institucional","tag-banco-santander","tag-becas","tag-estudiantes","tag-iberoamerica","tag-investigadores","tag-movilidad-internacional","tag-universia","tag-universidades"],"_links":{"self":[{"href":"https:\/\/www.upo.es\/diario\/wp-json\/wp\/v2\/posts\/9700315","targetHints":{"allow":["GET"]}}],"collection":[{"href":"https:\/\/www.upo.es\/diario\/wp-json\/wp\/v2\/posts"}],"about":[{"href":"https:\/\/www.upo.es\/diario\/wp-json\/wp\/v2\/types\/post"}],"author":[{"embeddable":true,"href":"https:\/\/www.upo.es\/diario\/wp-json\/wp\/v2\/users\/6"}],"replies":[{"embeddable":true,"href":"https:\/\/www.upo.es\/diario\/wp-json\/wp\/v2\/comments?post=9700315"}],"version-history":[{"count":1,"href":"https:\/\/www.upo.es\/diario\/wp-json\/wp\/v2\/posts\/9700315\/revisions"}],"predecessor-version":[{"id":9700317,"href":"https:\/\/www.upo.es\/diario\/wp-json\/wp\/v2\/posts\/9700315\/revisions\/9700317"}],"wp:attachment":[{"href":"https:\/\/www.upo.es\/diario\/wp-json\/wp\/v2\/media?parent=9700315"}],"wp:term":[{"taxonomy":"category","embeddable":true,"href":"https:\/\/www.upo.es\/diario\/wp-json\/wp\/v2\/categories?post=9700315"},{"taxonomy":"post_tag","embeddable":true,"href":"https:\/\/www.upo.es\/diario\/wp-json\/wp\/v2\/tags?post=9700315"}],"curies":[{"name":"wp","href":"https:\/\/api.w.org\/{rel}","templated":true}]}}