{"id":970327,"date":"2013-06-04T06:00:18","date_gmt":"2013-06-04T06:00:18","guid":{"rendered":"https:\/\/www.upo.es\/diario\/?p=970327"},"modified":"2013-06-04T06:14:04","modified_gmt":"2013-06-04T06:14:04","slug":"manana-se-celebran-en-la-upo-las-iii-jornadas-sobre-gestion-de-la-calidad-y-el-medio-ambiente-en-la-empresa-andaluza","status":"publish","type":"post","link":"https:\/\/www.upo.es\/diario\/institucional\/2013\/06\/manana-se-celebran-en-la-upo-las-iii-jornadas-sobre-gestion-de-la-calidad-y-el-medio-ambiente-en-la-empresa-andaluza\/","title":{"rendered":"Hoy se celebran en la UPO las III Jornadas sobre Gesti\u00f3n de la Calidad y el Medio Ambiente en la Empresa Andaluza"},"content":{"rendered":"<p>&nbsp;<\/p>\n<figure id=\"attachment_970330\" aria-describedby=\"caption-attachment-970330\" style=\"width: 242px\" class=\"wp-caption alignright\"><a href=\"https:\/\/www.upo.es\/diario\/wp-content\/uploads\/2013\/06\/Jornadas-V\u00edctor-2013.jpg\"><img loading=\"lazy\" decoding=\"async\" class=\"size-medium wp-image-970330\" alt=\"III Jornadas sobre Gesti\u00f3n de la Calidad y el Medio Ambiente\" src=\"https:\/\/www.upo.es\/diario\/wp-content\/uploads\/2013\/06\/Jornadas-V\u00edctor-2013-242x320.jpg\" width=\"242\" height=\"320\" srcset=\"https:\/\/www.upo.es\/diario\/wp-content\/uploads\/2013\/06\/Jornadas-V\u00edctor-2013-242x320.jpg 242w, https:\/\/www.upo.es\/diario\/wp-content\/uploads\/2013\/06\/Jornadas-V\u00edctor-2013-776x1024.jpg 776w, https:\/\/www.upo.es\/diario\/wp-content\/uploads\/2013\/06\/Jornadas-V\u00edctor-2013-600x791.jpg 600w, https:\/\/www.upo.es\/diario\/wp-content\/uploads\/2013\/06\/Jornadas-V\u00edctor-2013.jpg 1068w\" sizes=\"auto, (max-width: 242px) 100vw, 242px\" \/><\/a><figcaption id=\"caption-attachment-970330\" class=\"wp-caption-text\">III Jornadas sobre Gesti\u00f3n de la Calidad y el Medio Ambiente<\/figcaption><\/figure>\n<p><span style=\"text-decoration: underline;\">Hoy, a las 10:00 horas, en el sal\u00f3n de grados del edificio 7 de la Universidad Pablo de Olavide<\/span>, se inaugurar\u00e1n las III Jornadas sobre la Gesti\u00f3n de la Calidad y el Medio Ambiente en la Empresa Andaluza: Retos y Oportunidades, puestas en marcha a trav\u00e9s del \u00c1rea de Formaci\u00f3n Permanente de la UPO y que se enmarcan dentro de las actividades promovidas por el M\u00e1ster Universitario en Sistemas Integrados de Gesti\u00f3n: Calidad y Medio Ambiente. La presentaci\u00f3n de las mismas correr\u00e1 a cargo de Jaime de Palacio P\u00e9rez, socio director de Sinergy y director cient\u00edfico del m\u00e1ster.<\/p>\n<p>Este encuentro estar\u00e1 estructurado en torno a cuatro ponencias en las que se abordar\u00e1n los retos y oportunidades de la gesti\u00f3n de la calidad y el Medio Ambiente desde varias perspectivas, y que ser\u00e1n impartidas por profesionales de diferentes empresas.<\/p>\n<p>La primera sesi\u00f3n, que tendr\u00e1 lugar a las 10:30 horas, estar\u00e1 a cargo de Juan Ignacio Herr\u00e1n P\u00e9rez, director comercial de Andaluc\u00eda y auditor jefe de SGS Ib\u00e9rica, quien analizar\u00e1 el proceso de certificaci\u00f3n en una auditor\u00eda. A continuaci\u00f3n, se celebrar\u00e1 la ponencia \u201cLa sostenibilidad en el coraz\u00f3n de la empresa\u201d, que correr\u00e1 a cargo de Mar\u00eda Bayo Ponce, presidenta de la asociaci\u00f3n Un mundo 10.<\/p>\n<p>Tras el descanso, a las 12:00 horas, ser\u00e1 el turno de Esther Atencia Gil, directora del \u00c1rea de Planificaci\u00f3n, An\u00e1lisis y Calidad de la UPO, quien analizar\u00e1 el papel de dicha \u00e1rea a trav\u00e9s de la conferencia \u201cLos sistemas de gesti\u00f3n de calidad en la Universidad Pablo de Olavide: El papel del \u00c1rea de Planificaci\u00f3n, An\u00e1lisis y Calidad\u201d.<\/p>\n<p>Por \u00faltimo, intervendr\u00e1 Jes\u00fas S\u00e1nchez Ruiz, socio director de Proms, quien explicar\u00e1 la importancia de la competitividad en una empresa. Asimismo, en las jornadas participar\u00e1 V\u00edctor Amadeo Ba\u00f1uls Silvera, director acad\u00e9mico del M\u00e1ster Universitario en Sistemas Integrados de Gesti\u00f3n.<\/p>\n<p>Durante la jornadas, tambi\u00e9n se presentar\u00e1 oficialmente la quinta edici\u00f3n de dicho m\u00e1ster, previsto para el pr\u00f3ximo curso acad\u00e9mico 2013\/2014.<\/p>\n<p>M\u00e1s informaci\u00f3n en <a href=\"http:\/\/bit.ly\/1atYsAO\">http:\/\/bit.ly\/1atYsAO<\/a><\/p>\n<p>&nbsp;<\/p>\n<p align=\"center\"><b><span style=\"text-decoration: underline;\">\u00a0<\/span><\/b><\/p>\n","protected":false},"excerpt":{"rendered":"<p>Hoy martes, a las 10:00 horas, en el sal\u00f3n de grados del edificio 7 de la Universidad Pablo de Olavide, se inaugurar\u00e1n las III Jornadas sobre la Gesti\u00f3n de la Calidad y el Medio Ambiente en la Empresa Andaluza: Retos y Oportunidades, puestas en marcha a trav\u00e9s del \u00c1rea de Formaci\u00f3n Permanente de la UPO y que se enmarcan dentro de las actividades promovidas por el M\u00e1ster Universitario en Sistemas Integrados de Gesti\u00f3n: Calidad y Medio Ambiente. La presentaci\u00f3n de las mismas correr\u00e1 a cargo de Jaime de Palacio P\u00e9rez, socio director de Sinergy y director cient\u00edfico del m\u00e1ster.<\/p>\n","protected":false},"author":4,"featured_media":0,"comment_status":"closed","ping_status":"open","sticky":false,"template":"","format":"standard","meta":{"_monsterinsights_skip_tracking":false,"_monsterinsights_sitenote_active":false,"_monsterinsights_sitenote_note":"","_monsterinsights_sitenote_category":0,"footnotes":""},"categories":[6],"tags":[328,655,84],"class_list":["post-970327","post","type-post","status-publish","format-standard","hentry","category-institucional","tag-formacion-permanente","tag-gestion-de-la-calidad-y-el-medio-ambiente","tag-jornadas"],"_links":{"self":[{"href":"https:\/\/www.upo.es\/diario\/wp-json\/wp\/v2\/posts\/970327","targetHints":{"allow":["GET"]}}],"collection":[{"href":"https:\/\/www.upo.es\/diario\/wp-json\/wp\/v2\/posts"}],"about":[{"href":"https:\/\/www.upo.es\/diario\/wp-json\/wp\/v2\/types\/post"}],"author":[{"embeddable":true,"href":"https:\/\/www.upo.es\/diario\/wp-json\/wp\/v2\/users\/4"}],"replies":[{"embeddable":true,"href":"https:\/\/www.upo.es\/diario\/wp-json\/wp\/v2\/comments?post=970327"}],"version-history":[{"count":3,"href":"https:\/\/www.upo.es\/diario\/wp-json\/wp\/v2\/posts\/970327\/revisions"}],"predecessor-version":[{"id":970332,"href":"https:\/\/www.upo.es\/diario\/wp-json\/wp\/v2\/posts\/970327\/revisions\/970332"}],"wp:attachment":[{"href":"https:\/\/www.upo.es\/diario\/wp-json\/wp\/v2\/media?parent=970327"}],"wp:term":[{"taxonomy":"category","embeddable":true,"href":"https:\/\/www.upo.es\/diario\/wp-json\/wp\/v2\/categories?post=970327"},{"taxonomy":"post_tag","embeddable":true,"href":"https:\/\/www.upo.es\/diario\/wp-json\/wp\/v2\/tags?post=970327"}],"curies":[{"name":"wp","href":"https:\/\/api.w.org\/{rel}","templated":true}]}}