{"id":9718065,"date":"2015-05-26T06:00:57","date_gmt":"2015-05-26T06:00:57","guid":{"rendered":"https:\/\/www.upo.es\/diario\/?p=9718065"},"modified":"2015-05-26T11:59:59","modified_gmt":"2015-05-26T11:59:59","slug":"el-impacto-de-la-falta-de-credito-sobre-el-empleo-tema-del-ultimo-seminario-de-la-catedra-bbva","status":"publish","type":"post","link":"https:\/\/www.upo.es\/diario\/institucional\/2015\/05\/el-impacto-de-la-falta-de-credito-sobre-el-empleo-tema-del-ultimo-seminario-de-la-catedra-bbva\/","title":{"rendered":"El impacto de la falta de cr\u00e9dito sobre el empleo, tema del \u00faltimo seminario de la C\u00e1tedra BBVA"},"content":{"rendered":"<figure id=\"attachment_9723590\" aria-describedby=\"caption-attachment-9723590\" style=\"width: 600px\" class=\"wp-caption aligncenter\"><a href=\"https:\/\/www.upo.es\/diario\/wp-content\/uploads\/2015\/05\/Marcel-Jansen_UAM.jpg\"><img loading=\"lazy\" decoding=\"async\" class=\"size-large wp-image-9723590\" alt=\" Marcel Jansen ha presentado su art\u00edculo \u201cWhen credit dries up: job losses in the great recession\u201d\" src=\"https:\/\/www.upo.es\/diario\/wp-content\/uploads\/2015\/05\/Marcel-Jansen_UAM-600x385.jpg\" width=\"600\" height=\"385\" srcset=\"https:\/\/www.upo.es\/diario\/wp-content\/uploads\/2015\/05\/Marcel-Jansen_UAM-600x385.jpg 600w, https:\/\/www.upo.es\/diario\/wp-content\/uploads\/2015\/05\/Marcel-Jansen_UAM-320x205.jpg 320w\" sizes=\"auto, (max-width: 600px) 100vw, 600px\" \/><\/a><figcaption id=\"caption-attachment-9723590\" class=\"wp-caption-text\">Marcel Jansen ha presentado su art\u00edculo \u201cWhen credit dries up: job losses in the great recession\u201d<\/figcaption><\/figure>\n<p style=\"text-align: justify;\">El profesor de la Universidad Aut\u00f3noma de Madrid <strong>Marcel Jansen<\/strong> ha cerrado hoy las actividades de la C\u00e1tedra BBVA-DT SUR de An\u00e1lisis Econ\u00f3mico de la UPO\u00a0 con un seminario en el que ha presentado su art\u00edculo <strong>\u201c<em>When credit dries up: job losses in the great recession<\/em>\u201d<\/strong>.<\/p>\n<p style=\"text-align: justify;\">Este art\u00edculo, reconocido con el Premio Jaime Fern\u00e1ndez de Araoz sobre <em>Corporate Finance<\/em>, aborda en qu\u00e9 medida la reducci\u00f3n del volumen de cr\u00e9dito concedido por el sistema financiero a las empresas en Espa\u00f1a durante la pasada recesi\u00f3n econ\u00f3mica ha contribuido a generar la gran ca\u00edda del empleo en nuestro pa\u00eds.<\/p>\n<p style=\"text-align: justify;\">La <strong>C\u00e1tedra BBVA-DT Sur de An\u00e1lisis Econ\u00f3mico,<\/strong>\u00a0vinculada al Departamento de Econom\u00eda, M\u00e9todos Cuantitativos e Historia Econ\u00f3mica de la UPO, promueve el desarrollo del conocimiento de la realidad socioecon\u00f3mica de Andaluc\u00eda, tanto en el plano macroecon\u00f3mico como sectorial.<\/p>\n<p style=\"text-align: justify;\"><b>Marcel Jansen<\/b> es profesor titular en la Universidad Aut\u00f3noma de Madrid y doctor en Econom\u00eda por el Instituto Universitario Europeo de Florencia. Es experto en Macroeconom\u00eda y Econom\u00eda Laboral con particular \u00e9nfasis en la Teor\u00eda de B\u00fasqueda cuyos pioneros fueron premiados con el Premio Nobel en 2010. Marcel Jansen colabora desde 2009 con FEDEA y ha sido consultor del Banco Interamericano de Desarrollo y de la OCDE en asuntos como la negociaci\u00f3n colectiva y el paro juvenil. Cuenta con numerosas publicaciones en revistas cient\u00edficas de prestigio internacional.<\/p>\n","protected":false},"excerpt":{"rendered":"<p>El profesor de la Universidad Aut\u00f3noma de Madrid Marcel Jansen ha cerrado hoy las actividades de la C\u00e1tedra BBVA-DT SUR de An\u00e1lisis Econ\u00f3mico de la UPO  con un seminario en el que ha presentado su art\u00edculo \u201cWhen credit dries up: job losses in the great recession\u201d. <\/p>\n","protected":false},"author":4,"featured_media":0,"comment_status":"closed","ping_status":"open","sticky":false,"template":"","format":"standard","meta":{"_monsterinsights_skip_tracking":false,"_monsterinsights_sitenote_active":false,"_monsterinsights_sitenote_note":"","_monsterinsights_sitenote_category":0,"footnotes":""},"categories":[6],"tags":[553,552,144,191,63,948,567,78],"class_list":["post-9718065","post","type-post","status-publish","format-standard","hentry","category-institucional","tag-analisis-economico","tag-catedra-bbva","tag-crisis","tag-desempleo","tag-economia","tag-mercado-financiero","tag-mercado-laboral","tag-seminario"],"_links":{"self":[{"href":"https:\/\/www.upo.es\/diario\/wp-json\/wp\/v2\/posts\/9718065","targetHints":{"allow":["GET"]}}],"collection":[{"href":"https:\/\/www.upo.es\/diario\/wp-json\/wp\/v2\/posts"}],"about":[{"href":"https:\/\/www.upo.es\/diario\/wp-json\/wp\/v2\/types\/post"}],"author":[{"embeddable":true,"href":"https:\/\/www.upo.es\/diario\/wp-json\/wp\/v2\/users\/4"}],"replies":[{"embeddable":true,"href":"https:\/\/www.upo.es\/diario\/wp-json\/wp\/v2\/comments?post=9718065"}],"version-history":[{"count":6,"href":"https:\/\/www.upo.es\/diario\/wp-json\/wp\/v2\/posts\/9718065\/revisions"}],"predecessor-version":[{"id":9718068,"href":"https:\/\/www.upo.es\/diario\/wp-json\/wp\/v2\/posts\/9718065\/revisions\/9718068"}],"wp:attachment":[{"href":"https:\/\/www.upo.es\/diario\/wp-json\/wp\/v2\/media?parent=9718065"}],"wp:term":[{"taxonomy":"category","embeddable":true,"href":"https:\/\/www.upo.es\/diario\/wp-json\/wp\/v2\/categories?post=9718065"},{"taxonomy":"post_tag","embeddable":true,"href":"https:\/\/www.upo.es\/diario\/wp-json\/wp\/v2\/tags?post=9718065"}],"curies":[{"name":"wp","href":"https:\/\/api.w.org\/{rel}","templated":true}]}}