{"id":9718069,"date":"2015-05-26T05:55:44","date_gmt":"2015-05-26T05:55:44","guid":{"rendered":"https:\/\/www.upo.es\/diario\/?p=9718069"},"modified":"2015-05-26T06:25:33","modified_gmt":"2015-05-26T06:25:33","slug":"manana-jornada-sobre-monitorizacion-social-macro-datos-para-el-analisis-sociologico","status":"publish","type":"post","link":"https:\/\/www.upo.es\/diario\/institucional\/2015\/05\/manana-jornada-sobre-monitorizacion-social-macro-datos-para-el-analisis-sociologico\/","title":{"rendered":"Hoy, jornada sobre \u201cMonitorizaci\u00f3n social: macro-datos para el an\u00e1lisis sociol\u00f3gico\u201d"},"content":{"rendered":"<p>Hoy martes 26 de mayo,<strong> a las 12:00 horas en la sala de grados del edificio 6<\/strong> de la <a href=\"http:\/\/www.upo.es\/portal\/impe\/web\/portada\">Universidad Pablo de Olavide<\/a>, se celebrar\u00e1 la jornada <b><a href=\"https:\/\/www1.upo.es\/cms1\/export\/sites\/upo\/sociologia\/documentos\/Monitorizacion-social.pdf\">\u201cMonitorizaci\u00f3n social: macro-datos para el an\u00e1lisis sociol\u00f3gico\u201d<\/a><\/b>, que ser\u00e1 impartida por <strong>Arturo Montejo R\u00e1ez<\/strong>, investigador del grupo \u201c<a href=\"http:\/\/sinai.ujaen.es\/es\/\">Sistemas Inteligentes de Acceso a la Informaci\u00f3n<\/a>\u201d de la <a href=\"http:\/\/www10.ujaen.es\/\">Universidad de Ja\u00e9n<\/a>.<\/p>\n<p>En los \u00faltimos a\u00f1os, debido a la irrupci\u00f3n de la web 2.0 y su incorporaci\u00f3n a la vida cotidiana de buena parte de la poblaci\u00f3n mundial, se ha producido una aut\u00e9ntica explosi\u00f3n en la disponibilidad de datos para el estudio de las expresiones y las pr\u00e1cticas de millones de personas. El objetivo de esta jornada es propiciar un primer acercamiento a las herramientas que se pueden utilizar para el estudio de los macro-datos y explorar v\u00edas de cooperaci\u00f3n interdisciplinar.<\/p>\n<p>Esta jornada, cuya asistencia es libre hasta completar aforo, ha sido organizada por el <a href=\"https:\/\/www1.upo.es\/sociologia\/\">Departamento de Sociolog\u00eda<\/a> de la Universidad Pablo de Olavide.<\/p>\n","protected":false},"excerpt":{"rendered":"<p>Hoy martes 26 de mayo, a las 12:00 horas en la sala de grados del edificio 6 de la Universidad Pablo de Olavide, se celebrar\u00e1 la jornada \u201cMonitorizaci\u00f3n social: macro-datos para el an\u00e1lisis sociol\u00f3gico\u201d, que ser\u00e1 impartida por Arturo Montejo R\u00e1ez, investigador del grupo \u201cSistemas Inteligentes de Acceso a la Informaci\u00f3n\u201d de la Universidad de Ja\u00e9n. <\/p>\n","protected":false},"author":6,"featured_media":0,"comment_status":"closed","ping_status":"open","sticky":false,"template":"","format":"standard","meta":{"_monsterinsights_skip_tracking":false,"_monsterinsights_sitenote_active":false,"_monsterinsights_sitenote_note":"","_monsterinsights_sitenote_category":0,"footnotes":""},"categories":[6],"tags":[2397,227,514,104,719,1453],"class_list":["post-9718069","post","type-post","status-publish","format-standard","hentry","category-institucional","tag-big-data","tag-conferencia","tag-jornada","tag-sociologia","tag-tic","tag-universidad-de-jaen"],"_links":{"self":[{"href":"https:\/\/www.upo.es\/diario\/wp-json\/wp\/v2\/posts\/9718069","targetHints":{"allow":["GET"]}}],"collection":[{"href":"https:\/\/www.upo.es\/diario\/wp-json\/wp\/v2\/posts"}],"about":[{"href":"https:\/\/www.upo.es\/diario\/wp-json\/wp\/v2\/types\/post"}],"author":[{"embeddable":true,"href":"https:\/\/www.upo.es\/diario\/wp-json\/wp\/v2\/users\/6"}],"replies":[{"embeddable":true,"href":"https:\/\/www.upo.es\/diario\/wp-json\/wp\/v2\/comments?post=9718069"}],"version-history":[{"count":3,"href":"https:\/\/www.upo.es\/diario\/wp-json\/wp\/v2\/posts\/9718069\/revisions"}],"predecessor-version":[{"id":9722568,"href":"https:\/\/www.upo.es\/diario\/wp-json\/wp\/v2\/posts\/9718069\/revisions\/9722568"}],"wp:attachment":[{"href":"https:\/\/www.upo.es\/diario\/wp-json\/wp\/v2\/media?parent=9718069"}],"wp:term":[{"taxonomy":"category","embeddable":true,"href":"https:\/\/www.upo.es\/diario\/wp-json\/wp\/v2\/categories?post=9718069"},{"taxonomy":"post_tag","embeddable":true,"href":"https:\/\/www.upo.es\/diario\/wp-json\/wp\/v2\/tags?post=9718069"}],"curies":[{"name":"wp","href":"https:\/\/api.w.org\/{rel}","templated":true}]}}