{"id":9723847,"date":"2015-05-26T10:50:15","date_gmt":"2015-05-26T10:50:15","guid":{"rendered":"https:\/\/www.upo.es\/diario\/?p=9723847"},"modified":"2015-06-01T12:59:01","modified_gmt":"2015-06-01T12:59:01","slug":"la-upo-unica-universidad-andaluza-acreditada-en-el-servicio-de-voluntario-europeo","status":"publish","type":"post","link":"https:\/\/www.upo.es\/diario\/institucional\/2015\/05\/la-upo-unica-universidad-andaluza-acreditada-en-el-servicio-de-voluntario-europeo\/","title":{"rendered":"La UPO, \u00fanica universidad andaluza acreditada en el Servicio de Voluntariado Europeo"},"content":{"rendered":"<figure id=\"attachment_9723848\" aria-describedby=\"caption-attachment-9723848\" style=\"width: 600px\" class=\"wp-caption aligncenter\"><a href=\"https:\/\/www.upo.es\/diario\/wp-content\/uploads\/2015\/05\/isabelbarragan.jpg\"><img loading=\"lazy\" decoding=\"async\" class=\"size-large wp-image-9723848\" alt=\"En la foto, en el centro de pie y con camisa marr\u00f3n, la alumna de la UPO Isabel Barrag\u00e1n Vera junto a unos compa\u00f1eros durante su estancia como voluntaria en Alemania.\" src=\"https:\/\/www.upo.es\/diario\/wp-content\/uploads\/2015\/05\/isabelbarragan-600x399.jpg\" width=\"600\" height=\"399\" srcset=\"https:\/\/www.upo.es\/diario\/wp-content\/uploads\/2015\/05\/isabelbarragan-600x399.jpg 600w, https:\/\/www.upo.es\/diario\/wp-content\/uploads\/2015\/05\/isabelbarragan-320x213.jpg 320w\" sizes=\"auto, (max-width: 600px) 100vw, 600px\" \/><\/a><figcaption id=\"caption-attachment-9723848\" class=\"wp-caption-text\">En la foto, en el centro de pie y con camisa marr\u00f3n, la alumna de la UPO Isabel Barrag\u00e1n Vera junto a unos compa\u00f1eros durante su estancia como voluntaria en Alemania.<\/figcaption><\/figure>\n<p>La <a href=\"http:\/\/www.upo.es\/portal\/impe\/web\/portada\">Universidad Pablo de Olavide<\/a> ha renovado su acreditaci\u00f3n hasta el a\u00f1o 2020 como entidad vinculada al <a href=\"http:\/\/www.erasmusplus.injuve.es\/acciones\/voluntariadoeuropeo\/?__locale=es\">Servicio de Voluntariado Europeo<\/a>, siendo la \u00fanica universidad andaluza acreditada para enviar y acoger a j\u00f3venes voluntarios en el marco de este programa de la <a href=\"http:\/\/europa.eu\/index_es.htm\">Uni\u00f3n Europea<\/a>.<\/p>\n<p>El Servicio de Voluntariado Europeo es una experiencia de aprendizaje en el \u00e1mbito de la educaci\u00f3n no formal que permite a j\u00f3venes de entre 18 y 30 a\u00f1os realizar una actividad de voluntariado en un pa\u00eds de la Uni\u00f3n Europea o en pa\u00edses vinculados a \u00e9sta, por un per\u00edodo de 6 a 12 meses. Se enmarca en el Programa Erasmus+ y est\u00e1 subvencionado a trav\u00e9s del <a href=\"http:\/\/www.msssi.gob.es\/\">Ministerio de Sanidad, Servicios Sociales e Igualdad<\/a> mediante el <a href=\"http:\/\/ec.europa.eu\/esf\/home.jsp?langId=es\">Fondo Social Europeo<\/a>.<\/p>\n<p>La <a href=\"http:\/\/www.upo.es\/upsc\/voluntariado-ps\/oficina-voluntariado\/\">Oficina de Voluntariado y Solidaridad<\/a>, perteneciente al <a href=\"http:\/\/www.upo.es\/rectorado\/vicerrectorado\/part_social\/index.jsp\">Vicerrectorado de Estudiantes, Cultura y Compromiso Social<\/a>, es la encargada de gestionar en la UPO este programa de voluntariado desde el a\u00f1o 2005. Durante este curso acad\u00e9mico 2014-2015 han sido 9 los estudiantes que se han marchado a realizar labores de voluntariado a Portugal, Alemania, Italia, Austria, Malta, Francia e Inglaterra. Isabel Barrag\u00e1n Vera realiz\u00f3 el <a href=\"https:\/\/www.upo.es\/postgrado\/Master-Oficial-Relaciones-Internacionales\">M\u00e1ster Universitario en Relaciones Internacionales<\/a> en la UPO y al finalizarlo decidi\u00f3 realizar labores de voluntariado en la ciudad alemana de M\u00fcster. \u201cPara m\u00ed ha sido una experiencia estupenda, ya que me ha dado la oportunidad de crecer tanto personal como profesionalmente\u201d, afirma Isabel, quien desarroll\u00f3 su labor en una televisi\u00f3n ciudadana realizando reportajes sobre temas sociales e internacionales.<\/p>\n<p>Luisa del Greco es una joven italiana que est\u00e1 realizando su labor de voluntariado en la Universidad Pablo de Olavide. Participa en diferentes proyectos en los que est\u00e1 implicada esta universidad, como el acompa\u00f1amiento a personas mayores en el <a href=\"http:\/\/huvr.es\/\">Hospital Virgen del Roc\u00edo<\/a> o el programa con drogodependientes en rehabilitaci\u00f3n en la <a href=\"http:\/\/proyectohombresevilla.com\/\">Fundaci\u00f3n CES Proyecto Hombre<\/a>. \u201cAconsejo a todos los j\u00f3venes a participar en el Servicio de Voluntariado Europeo y disfrutar de esta oportunidad que ofrece la Uni\u00f3n Europea de conocer un nuevo pa\u00eds, su gente y su cultura. Para m\u00ed est\u00e1 siendo una experiencia \u00fanica\u201d, afirma esta licenciada en Lenguas, Literatura y Culturas Modernas.<\/p>\n<p>En los \u00faltimos a\u00f1os,\u00a0 el programa ha ido adquiriendo relevancia con el impulso de la Universidad Pablo de Olavide\u00a0 y el aumento del inter\u00e9s entre la comunidad de estudiantes. Como explica Elodia Hern\u00e1ndez, vicerrectora de Estudiantes, Cultura y Compromiso Social, \u201ceste programa expresa dos claves en nuestro modo de pensar la universidad, me refiero a la concepci\u00f3n de una educaci\u00f3n superior donde tengan cabida las acciones y actividades de compromiso social a la vez que un aprendizaje proyectado hacia la internacionalizaci\u00f3n\u201d.<\/p>\n<p>Para el curso pr\u00f3ximo se est\u00e1 acompa\u00f1ando a 47 estudiantes en la b\u00fasqueda de entidades de acogida en distintos pa\u00edses, por lo que se prev\u00e9 que el n\u00famero de participantes se incremente. \u201cMensualmente, mediante email o atenci\u00f3n presencial, atendemos a m\u00e1s de 100 personas demandando informaci\u00f3n\u201d, explica Inmaculada Sancho, responsable de la Oficina de Voluntariado y Solidaridad de la UPO.<\/p>\n<p>El programa, que cubre la totalidad de gastos de la persona voluntaria en materia de formaci\u00f3n, viaje, alojamiento y comida, le ofrece la posibilidad de conocer otras realidades sociales y culturales\u00a0 que son fundamentales para el desarrollo de su formaci\u00f3n integral.<\/p>\n","protected":false},"excerpt":{"rendered":"<p>La Universidad Pablo de Olavide ha renovado su acreditaci\u00f3n hasta el a\u00f1o 2020 como entidad vinculada al Servicio de Voluntariado Europeo, siendo la \u00fanica universidad andaluza acreditada para enviar y acoger a j\u00f3venes voluntarios en el marco de este programa de la Uni\u00f3n Europea. <\/p>\n","protected":false},"author":2,"featured_media":0,"comment_status":"closed","ping_status":"open","sticky":false,"template":"","format":"standard","meta":{"_monsterinsights_skip_tracking":false,"_monsterinsights_sitenote_active":false,"_monsterinsights_sitenote_note":"","_monsterinsights_sitenote_category":0,"footnotes":""},"categories":[6],"tags":[21,454,1168,1992,68,1265,86],"class_list":["post-9723847","post","type-post","status-publish","format-standard","hentry","category-institucional","tag-estudiantes","tag-europa","tag-oficina-de-voluntariado-y-solidaridad","tag-servicio-de-voluntariado-europeo","tag-union-europea","tag-vicerrectorado-de-estudiantes-cultura-y-compromiso-social","tag-voluntariado"],"_links":{"self":[{"href":"https:\/\/www.upo.es\/diario\/wp-json\/wp\/v2\/posts\/9723847","targetHints":{"allow":["GET"]}}],"collection":[{"href":"https:\/\/www.upo.es\/diario\/wp-json\/wp\/v2\/posts"}],"about":[{"href":"https:\/\/www.upo.es\/diario\/wp-json\/wp\/v2\/types\/post"}],"author":[{"embeddable":true,"href":"https:\/\/www.upo.es\/diario\/wp-json\/wp\/v2\/users\/2"}],"replies":[{"embeddable":true,"href":"https:\/\/www.upo.es\/diario\/wp-json\/wp\/v2\/comments?post=9723847"}],"version-history":[{"count":4,"href":"https:\/\/www.upo.es\/diario\/wp-json\/wp\/v2\/posts\/9723847\/revisions"}],"predecessor-version":[{"id":9761817,"href":"https:\/\/www.upo.es\/diario\/wp-json\/wp\/v2\/posts\/9723847\/revisions\/9761817"}],"wp:attachment":[{"href":"https:\/\/www.upo.es\/diario\/wp-json\/wp\/v2\/media?parent=9723847"}],"wp:term":[{"taxonomy":"category","embeddable":true,"href":"https:\/\/www.upo.es\/diario\/wp-json\/wp\/v2\/categories?post=9723847"},{"taxonomy":"post_tag","embeddable":true,"href":"https:\/\/www.upo.es\/diario\/wp-json\/wp\/v2\/tags?post=9723847"}],"curies":[{"name":"wp","href":"https:\/\/api.w.org\/{rel}","templated":true}]}}