{"id":9736523,"date":"2015-05-28T00:01:48","date_gmt":"2015-05-28T00:01:48","guid":{"rendered":"https:\/\/www.upo.es\/diario\/?p=9736523"},"modified":"2015-06-01T12:59:58","modified_gmt":"2015-06-01T12:59:58","slug":"la-pena-flamenca-de-la-upo-cierra-manana-el-curso-con-la-actuacion-de-la-bailaora-mayte-olivares","status":"publish","type":"post","link":"https:\/\/www.upo.es\/diario\/cultura\/2015\/05\/la-pena-flamenca-de-la-upo-cierra-manana-el-curso-con-la-actuacion-de-la-bailaora-mayte-olivares\/","title":{"rendered":"La pe\u00f1a flamenca de la UPO cierra ma\u00f1ana el curso con la actuaci\u00f3n de la bailaora Mayte Olivares"},"content":{"rendered":"<p>Ma\u00f1ana viernes 29 de mayo, a las 19:00 horas, en el Espacio Cultural \u201cAntigua Guarder\u00eda\u201d de la Universidad Pablo de Olavide, la pe\u00f1a flamenca de la UPO <a href=\"http:\/\/pfsentirflamenco.blogspot.com.es\/\">\u201cSentir Flamenco\u201d<\/a> cerrar\u00e1 el curso 2014-2015 con la actuaci\u00f3n de la bailaora Mayte Olivares y el guitarrista Juan Jos\u00e9 Bando.<\/p>\n<p>El fin de fiesta, cuya entrada es libre hasta completar aforo, se completar\u00e1 con una actuaci\u00f3n de los alumnos del Taller de Guitarra.<\/p>\n<p>Integrada por profesores, alumnos y personal de administraci\u00f3n y servicios, la Pe\u00f1a \u201cSentir Flamenco\u201d de la UPO es una iniciativa que busca el acercamiento de la universidad al flamenco y viceversa. Con el apoyo del <a href=\"http:\/\/www.upo.es\/rectorado\/vicerrectorado\/part_social\/index.jsp\">Vicerrectorado de Estudiantes, Cultura y Compromiso Social<\/a> de la <a href=\"http:\/\/www.upo.es\/portal\/impe\/web\/portada\">Universidad Pablo de Olavide<\/a>, esta pe\u00f1a ha organizado este curso conferencias, encuentros con artistas, cine, presentaciones de libros, actuaciones y cursos de guitarra y de baile.<\/p>\n","protected":false},"excerpt":{"rendered":"<p>Ma\u00f1ana viernes 29 de mayo, a las 19:00 horas, en el Espacio Cultural \u201cAntigua Guarder\u00eda\u201d de la Universidad Pablo de Olavide, la pe\u00f1a flamenca de la UPO \u201cSentir Flamenco\u201d cerrar\u00e1 el curso 2014-2015 con la actuaci\u00f3n de la bailaora Mayte Olivares y el guitarrista Juan Jos\u00e9 Bando.<\/p>\n","protected":false},"author":2,"featured_media":0,"comment_status":"closed","ping_status":"open","sticky":false,"template":"","format":"standard","meta":{"_monsterinsights_skip_tracking":false,"_monsterinsights_sitenote_active":false,"_monsterinsights_sitenote_note":"","_monsterinsights_sitenote_category":0,"footnotes":""},"categories":[7],"tags":[2402,2345,93,2139,2403],"class_list":["post-9736523","post","type-post","status-publish","format-standard","hentry","category-cultura","tag-actuacion","tag-baile","tag-flamenco","tag-pena-flamenca-sentir-flamenco","tag-recital"],"_links":{"self":[{"href":"https:\/\/www.upo.es\/diario\/wp-json\/wp\/v2\/posts\/9736523","targetHints":{"allow":["GET"]}}],"collection":[{"href":"https:\/\/www.upo.es\/diario\/wp-json\/wp\/v2\/posts"}],"about":[{"href":"https:\/\/www.upo.es\/diario\/wp-json\/wp\/v2\/types\/post"}],"author":[{"embeddable":true,"href":"https:\/\/www.upo.es\/diario\/wp-json\/wp\/v2\/users\/2"}],"replies":[{"embeddable":true,"href":"https:\/\/www.upo.es\/diario\/wp-json\/wp\/v2\/comments?post=9736523"}],"version-history":[{"count":6,"href":"https:\/\/www.upo.es\/diario\/wp-json\/wp\/v2\/posts\/9736523\/revisions"}],"predecessor-version":[{"id":9761820,"href":"https:\/\/www.upo.es\/diario\/wp-json\/wp\/v2\/posts\/9736523\/revisions\/9761820"}],"wp:attachment":[{"href":"https:\/\/www.upo.es\/diario\/wp-json\/wp\/v2\/media?parent=9736523"}],"wp:term":[{"taxonomy":"category","embeddable":true,"href":"https:\/\/www.upo.es\/diario\/wp-json\/wp\/v2\/categories?post=9736523"},{"taxonomy":"post_tag","embeddable":true,"href":"https:\/\/www.upo.es\/diario\/wp-json\/wp\/v2\/tags?post=9736523"}],"curies":[{"name":"wp","href":"https:\/\/api.w.org\/{rel}","templated":true}]}}