{"id":974314,"date":"2013-06-04T08:53:59","date_gmt":"2013-06-04T08:53:59","guid":{"rendered":"https:\/\/www.upo.es\/diario\/?p=974314"},"modified":"2013-06-05T06:30:41","modified_gmt":"2013-06-05T06:30:41","slug":"el-master-de-preparacion-fisica-y-readaptacion-en-futbol-de-la-upo-se-realizara-tambien-en-madrid","status":"publish","type":"post","link":"https:\/\/www.upo.es\/diario\/institucional\/2013\/06\/el-master-de-preparacion-fisica-y-readaptacion-en-futbol-de-la-upo-se-realizara-tambien-en-madrid\/","title":{"rendered":"El M\u00e1ster de Preparaci\u00f3n F\u00edsica y Readaptaci\u00f3n en F\u00fatbol de la UPO se realizar\u00e1 tambi\u00e9n en Madrid"},"content":{"rendered":"<figure id=\"attachment_974316\" aria-describedby=\"caption-attachment-974316\" style=\"width: 320px\" class=\"wp-caption alignright\"><a href=\"https:\/\/www.upo.es\/diario\/wp-content\/uploads\/2013\/06\/master_futbol1.jpg\"><img loading=\"lazy\" decoding=\"async\" class=\"size-medium wp-image-974316 \" alt=\"Joaqu\u00edn Caparr\u00f3s, Modesto Luce\u00f1o, Vicente Guzm\u00e1n, Beatriz S\u00e1nchez Garc\u00eda y y Bernardo Requena S\u00e1nchez\" src=\"https:\/\/www.upo.es\/diario\/wp-content\/uploads\/2013\/06\/master_futbol1-320x240.jpg\" width=\"320\" height=\"240\" srcset=\"https:\/\/www.upo.es\/diario\/wp-content\/uploads\/2013\/06\/master_futbol1-320x240.jpg 320w, https:\/\/www.upo.es\/diario\/wp-content\/uploads\/2013\/06\/master_futbol1-1024x768.jpg 1024w, https:\/\/www.upo.es\/diario\/wp-content\/uploads\/2013\/06\/master_futbol1-600x450.jpg 600w\" sizes=\"auto, (max-width: 320px) 100vw, 320px\" \/><\/a><figcaption id=\"caption-attachment-974316\" class=\"wp-caption-text\">El objetivo del m\u00e1ster es mejorar el conocimiento cient\u00edfico y t\u00e9cnico de los estudiantes participantes sobre el proceso de acondicionamiento f\u00edsico del futbolista<\/figcaption><\/figure>\n<figure id=\"attachment_974315\" aria-describedby=\"caption-attachment-974315\" style=\"width: 320px\" class=\"wp-caption alignright\"><a href=\"https:\/\/www.upo.es\/diario\/wp-content\/uploads\/2013\/06\/master_futbol.jpg\"><img loading=\"lazy\" decoding=\"async\" class=\"size-medium wp-image-974315\" alt=\"Desde la izquierda: Joaqu\u00edn Caparr\u00f3s, Modesto Luce\u00f1o, Vicente Guzm\u00e1n, Beatriz S\u00e1nchez Garc\u00eda y y Bernardo Requena S\u00e1nchez\" src=\"https:\/\/www.upo.es\/diario\/wp-content\/uploads\/2013\/06\/master_futbol-320x240.jpg\" width=\"320\" height=\"240\" srcset=\"https:\/\/www.upo.es\/diario\/wp-content\/uploads\/2013\/06\/master_futbol-320x240.jpg 320w, https:\/\/www.upo.es\/diario\/wp-content\/uploads\/2013\/06\/master_futbol-1024x768.jpg 1024w, https:\/\/www.upo.es\/diario\/wp-content\/uploads\/2013\/06\/master_futbol-600x450.jpg 600w\" sizes=\"auto, (max-width: 320px) 100vw, 320px\" \/><\/a><figcaption id=\"caption-attachment-974315\" class=\"wp-caption-text\">Desde la izquierda: Joaqu\u00edn Caparr\u00f3s, Modesto Luce\u00f1o, Vicente Guzm\u00e1n, Beatriz S\u00e1nchez Garc\u00eda y Bernardo Requena S\u00e1nchez<\/figcaption><\/figure>\n<p>El rector de la Universidad Pablo de Olavide, Vicente Guzm\u00e1n Fluja y la diputada del \u00c1rea de Ciudadan\u00eda, Participaci\u00f3n y Cultura de la Diputaci\u00f3n de Sevilla, Beatriz S\u00e1nchez Garc\u00eda, presidieron ayer en el sal\u00f3n de actos de la Casa de la Provincia de Sevilla, el <b>acto de presentaci\u00f3n de la segunda edici\u00f3n del M\u00e1ster de Preparaci\u00f3n F\u00edsica y Readaptaci\u00f3n en F\u00fatbol de la Universidad Pablo de Olavide<\/b>. A dicho acto asistieron tambi\u00e9n Joaqu\u00edn Caparr\u00f3s, ex entrenador del Sevilla F.C. y fundador de la Fundaci\u00f3n Caparr\u00f3s; Modesto Luce\u00f1o Garc\u00e9s, vicerrector de Estudiantes, Deporte y Medio Ambiente de la UPO y Bernardo Requena S\u00e1nchez, director acad\u00e9mico del m\u00e1ster.<\/p>\n<p><b>Vicente Guzm\u00e1n<\/b> ha asegurado que uno de los principales objetivos del m\u00e1ster, que tendr\u00e1 en esta edici\u00f3n tambi\u00e9n sede en Madrid, es contribuir a alcanzar niveles de profesionalizaci\u00f3n \u00f3ptimos en el f\u00fatbol \u201cporque a veces su gesti\u00f3n deja mucho que desear. Se pueden hacer las cosas mejor desde diferentes aspectos, y saldr\u00edamos ganando todos. Sin embargo, hay determinados estamentos que se siguen resistiendo al cambio, algo que se podr\u00e1 cambiar con la ense\u00f1anza. Como Universidad p\u00fablica vamos a apostar firmemente por todo ello y a contribuir a tener un deporte mejor\u201d.<\/p>\n<p>En su opini\u00f3n, el m\u00e1ster a\u00fana caracter\u00edsticas muy importantes, como la formaci\u00f3n desde una perspectiva pr\u00e1ctica e investigadora, junto a un alto componente de inserci\u00f3n laboral para abrir posibilidades de trabajo a los alumnos. Por otro lado, el rector ha afirmado que el Centro de Investigaci\u00f3n en Rendimiento F\u00edsico y Deportivo convertir\u00e1 a la UPO en referencia a nivel deportivo y de salud, de tal forma que ayude a poner en marcha innovaciones y avances que repercutan en la gente que practica deporte de base.<\/p>\n<p>Por su parte, <b>Joaqu\u00edn Caparr\u00f3s<\/b> ha declarado que \u201csi en nuestro f\u00fatbol somos campeones del mundo no es por casualidad, sino por la preparaci\u00f3n, formaci\u00f3n e investigaci\u00f3n que reciben y realizan nuestros deportistas\u201d. No obstante, nuestro pa\u00eds recibe a t\u00e9cnicos de diferentes pa\u00edses que estudian el funcionamiento de trabajo t\u00e9cnico-t\u00e1ctico, entrenamiento, prevenci\u00f3n de lesiones, etc.<\/p>\n<p>Asimismo, ha manifestado que \u201cel que dentro de unos a\u00f1os salga una generaci\u00f3n de t\u00e9cnicos muy bien preparados y formados por la Universidad Pablo de Olavide va a ser un hecho muy importante en el mundo del f\u00fatbol\u201d, al tiempo que ha augurado el \u00e9xito de la II edici\u00f3n del m\u00e1ster \u201cpuesto que tener una sede en Madrid va a generar muchas expectativas\u201d.<\/p>\n<p><strong>El objetivo del m\u00e1ster es mejorar el conocimiento cient\u00edfico y t\u00e9cnico de los estudiantes participantes sobre el proceso de acondicionamiento f\u00edsico del futbolista<\/strong>. Para ello, los contenidos docentes que se han seleccionado para configurar dicho programa formativo superan de forma considerable los contenidos que los alumnos reciben sobre esta tem\u00e1tica en las Facultades del Deporte europeas. Adem\u00e1s, el m\u00e1ster estar\u00e1 integrado por docentes, en su mayor\u00eda profesionales, vinculados a equipos de f\u00fatbol en activo.<\/p>\n","protected":false},"excerpt":{"rendered":"<p>El rector de la Universidad Pablo de Olavide, Vicente Guzm\u00e1n Fluja y la diputada del \u00c1rea de Ciudadan\u00eda, Participaci\u00f3n y Cultura de la Diputaci\u00f3n de Sevilla, Beatriz S\u00e1nchez Garc\u00eda, presidieron ayer en el sal\u00f3n de actos de la Casa de la Provincia de Sevilla, el acto de presentaci\u00f3n de la segunda edici\u00f3n del M\u00e1ster de Preparaci\u00f3n F\u00edsica y Readaptaci\u00f3n en F\u00fatbol de la Universidad Pablo de Olavide. A dicho acto asistieron tambi\u00e9n Joaqu\u00edn Caparr\u00f3s, ex entrenador del Sevilla F.C. y fundador de la Fundaci\u00f3n Caparr\u00f3s; Modesto Luce\u00f1o Garc\u00e9s, vicerrector de Estudiantes, Deporte y Medio Ambiente de la UPO y Bernardo Requena S\u00e1nchez, director acad\u00e9mico del m\u00e1ster.<\/p>\n","protected":false},"author":6,"featured_media":0,"comment_status":"closed","ping_status":"open","sticky":false,"template":"","format":"standard","meta":{"_monsterinsights_skip_tracking":false,"_monsterinsights_sitenote_active":false,"_monsterinsights_sitenote_note":"","_monsterinsights_sitenote_category":0,"footnotes":""},"categories":[6],"tags":[541,640,47,46,118,82,38,106],"class_list":["post-974314","post","type-post","status-publish","format-standard","hentry","category-institucional","tag-deporte","tag-escuela-de-futbol","tag-fundaciones","tag-futbol","tag-master","tag-postgrado","tag-rector","tag-vicente-c-guzman"],"_links":{"self":[{"href":"https:\/\/www.upo.es\/diario\/wp-json\/wp\/v2\/posts\/974314","targetHints":{"allow":["GET"]}}],"collection":[{"href":"https:\/\/www.upo.es\/diario\/wp-json\/wp\/v2\/posts"}],"about":[{"href":"https:\/\/www.upo.es\/diario\/wp-json\/wp\/v2\/types\/post"}],"author":[{"embeddable":true,"href":"https:\/\/www.upo.es\/diario\/wp-json\/wp\/v2\/users\/6"}],"replies":[{"embeddable":true,"href":"https:\/\/www.upo.es\/diario\/wp-json\/wp\/v2\/comments?post=974314"}],"version-history":[{"count":6,"href":"https:\/\/www.upo.es\/diario\/wp-json\/wp\/v2\/posts\/974314\/revisions"}],"predecessor-version":[{"id":974321,"href":"https:\/\/www.upo.es\/diario\/wp-json\/wp\/v2\/posts\/974314\/revisions\/974321"}],"wp:attachment":[{"href":"https:\/\/www.upo.es\/diario\/wp-json\/wp\/v2\/media?parent=974314"}],"wp:term":[{"taxonomy":"category","embeddable":true,"href":"https:\/\/www.upo.es\/diario\/wp-json\/wp\/v2\/categories?post=974314"},{"taxonomy":"post_tag","embeddable":true,"href":"https:\/\/www.upo.es\/diario\/wp-json\/wp\/v2\/tags?post=974314"}],"curies":[{"name":"wp","href":"https:\/\/api.w.org\/{rel}","templated":true}]}}