{"id":974937,"date":"2013-06-05T23:50:52","date_gmt":"2013-06-05T23:50:52","guid":{"rendered":"https:\/\/www.upo.es\/diario\/?p=974937"},"modified":"2013-06-07T11:12:47","modified_gmt":"2013-06-07T11:12:47","slug":"manana-se-abre-el-plazo-de-solicitud-de-plazas-para-el-proximo-curso-en-la-residencia-de-la-upo-flora-tristan","status":"publish","type":"post","link":"https:\/\/www.upo.es\/diario\/infoupo\/2013\/06\/manana-se-abre-el-plazo-de-solicitud-de-plazas-para-el-proximo-curso-en-la-residencia-de-la-upo-flora-tristan\/","title":{"rendered":"Abierto el plazo de solicitud de plazas para el pr\u00f3ximo curso en la residencia de la UPO Flora Trist\u00e1n"},"content":{"rendered":"<figure id=\"attachment_974938\" aria-describedby=\"caption-attachment-974938\" style=\"width: 320px\" class=\"wp-caption alignright\"><a href=\"https:\/\/www.upo.es\/diario\/wp-content\/uploads\/2013\/06\/flora.jpg\"><img loading=\"lazy\" decoding=\"async\" class=\"size-medium wp-image-974938\" alt=\"La Flora Trist\u00e1n dispone de 222 plazas para residir en alguna de sus 112 viviendas \" src=\"https:\/\/www.upo.es\/diario\/wp-content\/uploads\/2013\/06\/flora-320x213.jpg\" width=\"320\" height=\"213\" srcset=\"https:\/\/www.upo.es\/diario\/wp-content\/uploads\/2013\/06\/flora-320x213.jpg 320w, https:\/\/www.upo.es\/diario\/wp-content\/uploads\/2013\/06\/flora-1024x682.jpg 1024w, https:\/\/www.upo.es\/diario\/wp-content\/uploads\/2013\/06\/flora-600x400.jpg 600w, https:\/\/www.upo.es\/diario\/wp-content\/uploads\/2013\/06\/flora.jpg 1900w\" sizes=\"auto, (max-width: 320px) 100vw, 320px\" \/><\/a><figcaption id=\"caption-attachment-974938\" class=\"wp-caption-text\">La Flora Trist\u00e1n dispone de 222 plazas para residir en alguna de sus 112 viviendas<\/figcaption><\/figure>\n<p>Las <strong>222 plazas de la Residencia Universitaria Flora Trist\u00e1n para el curso 2013-2014<\/strong> pueden solicitarse\u00a0<strong>hasta el 15 de julio<\/strong>. La solicitud de plaza y toda la informaci\u00f3n sobre las bases de admisi\u00f3n y documentaci\u00f3n se encuentra en la web <a href=\"http:\/\/www.upo.es\/floratristan\">www.upo.es\/floratristan<\/a>. Las solicitudes pueden entregarse en persona o por correo ordinario en el Registro General de la Universidad Pablo de Olavide (edificio 3).<\/p>\n<p>Las 222 plazas disponibles para el curso 2013-2014 son anuales, semestrales o trimestrales. Los apartamentos son compartidos entre dos personas pero cada una dispone de habitaci\u00f3n y ba\u00f1o propios. Adem\u00e1s, incluyen cocina equipada, un sal\u00f3n comedor y un cuarto de estudio. La residencia dispone de garaje, lavander\u00eda gratuita, salas de exposiciones, sala de inform\u00e1tica, wifi en zonas comunes, biblioteca &#8211; sala de estudio abierta 24 horas, sal\u00f3n de actos, sala de estar\/ TV y m\u00e1quina fotocopiadora e impresora. Tambi\u00e9n dispone de plazas adaptadas para personas con diversidad funcional.<\/p>\n<p>La Flora Trist\u00e1n se comunica con la Universidad Pablo de Olavide a trav\u00e9s de las l\u00edneas de autob\u00fas 38 y M-130, adem\u00e1s del carril bici que llega hasta el campus de la UPO.<\/p>\n<p>De los 222 residentes universitarios de la Flora Trist\u00e1n, en este curso 40 han sido becarios que han colaborado con los proyectos del barrio a trav\u00e9s del tejido asociativo del mismo. Estas becas consisten en una colaboraci\u00f3n de entre 6 y 8 horas semanales con entidades o instituciones del barrio. Como contraprestaci\u00f3n, el residente queda exento de abonar la cuota correspondiente al alquiler de la vivienda, aunque s\u00ed deber\u00e1 sufragar los gastos de consumo de agua y luz, as\u00ed como el abono de la fianza a su llegada. Estas becas tienen una duraci\u00f3n de todo un curso acad\u00e9mico y las condiciones y los plazos de solicitud de las becas, pueden ser consultadas en las Bases de Admisi\u00f3n. S\u00f3lo pueden acceder a plazas becadas aquellos estudiantes que mantengan su vinculaci\u00f3n con la Universidad durante todo el curso acad\u00e9mico.<\/p>\n<p>La Residencia Universitaria Flora Trist\u00e1n, ubicada en Pol\u00edgono Sur, es una iniciativa pionera en Andaluc\u00eda que pretende proporcionar a los estudiantes universitarios una formaci\u00f3n humana integral m\u00e1s all\u00e1 de la formaci\u00f3n acad\u00e9mica, adem\u00e1s de contribuir a la revitalizaci\u00f3n del Pol\u00edgono Sur a trav\u00e9s de la presencia cotidiana de los j\u00f3venes universitarios.<\/p>\n","protected":false},"excerpt":{"rendered":"<p>Las 222 plazas de la Residencia Universitaria Flora Trist\u00e1n para el curso 2013-2014 pueden solicitarse hasta el 15 de julio. La solicitud de plaza y toda la informaci\u00f3n sobre las bases de admisi\u00f3n y documentaci\u00f3n se encuentra en la web www.upo.es\/floratristan. Las solicitudes pueden entregarse en persona o por correo ordinario en el Registro General de la Universidad Pablo de Olavide (edificio 3).<\/p>\n","protected":false},"author":2,"featured_media":0,"comment_status":"closed","ping_status":"open","sticky":false,"template":"","format":"standard","meta":{"_monsterinsights_skip_tracking":false,"_monsterinsights_sitenote_active":false,"_monsterinsights_sitenote_note":"","_monsterinsights_sitenote_category":0,"footnotes":""},"categories":[5,6],"tags":[],"class_list":["post-974937","post","type-post","status-publish","format-standard","hentry","category-infoupo","category-institucional"],"_links":{"self":[{"href":"https:\/\/www.upo.es\/diario\/wp-json\/wp\/v2\/posts\/974937","targetHints":{"allow":["GET"]}}],"collection":[{"href":"https:\/\/www.upo.es\/diario\/wp-json\/wp\/v2\/posts"}],"about":[{"href":"https:\/\/www.upo.es\/diario\/wp-json\/wp\/v2\/types\/post"}],"author":[{"embeddable":true,"href":"https:\/\/www.upo.es\/diario\/wp-json\/wp\/v2\/users\/2"}],"replies":[{"embeddable":true,"href":"https:\/\/www.upo.es\/diario\/wp-json\/wp\/v2\/comments?post=974937"}],"version-history":[{"count":12,"href":"https:\/\/www.upo.es\/diario\/wp-json\/wp\/v2\/posts\/974937\/revisions"}],"predecessor-version":[{"id":983856,"href":"https:\/\/www.upo.es\/diario\/wp-json\/wp\/v2\/posts\/974937\/revisions\/983856"}],"wp:attachment":[{"href":"https:\/\/www.upo.es\/diario\/wp-json\/wp\/v2\/media?parent=974937"}],"wp:term":[{"taxonomy":"category","embeddable":true,"href":"https:\/\/www.upo.es\/diario\/wp-json\/wp\/v2\/categories?post=974937"},{"taxonomy":"post_tag","embeddable":true,"href":"https:\/\/www.upo.es\/diario\/wp-json\/wp\/v2\/tags?post=974937"}],"curies":[{"name":"wp","href":"https:\/\/api.w.org\/{rel}","templated":true}]}}