{"id":9761811,"date":"2015-06-01T00:15:33","date_gmt":"2015-06-01T00:15:33","guid":{"rendered":"https:\/\/www.upo.es\/diario\/?p=9761811"},"modified":"2015-06-02T12:47:06","modified_gmt":"2015-06-02T12:47:06","slug":"expertas-abordan-en-la-upo-la-diversidad-cultural-y-la-inclusion-educativa-desde-la-perspectiva-de-genero","status":"publish","type":"post","link":"https:\/\/www.upo.es\/diario\/institucional\/2015\/06\/expertas-abordan-en-la-upo-la-diversidad-cultural-y-la-inclusion-educativa-desde-la-perspectiva-de-genero\/","title":{"rendered":"Expertas abordan en la UPO la diversidad cultural y la inclusi\u00f3n educativa desde la perspectiva de g\u00e9nero"},"content":{"rendered":"<figure id=\"attachment_9761812\" aria-describedby=\"caption-attachment-9761812\" style=\"width: 600px\" class=\"wp-caption aligncenter\"><a href=\"https:\/\/www.upo.es\/diario\/wp-content\/uploads\/2015\/06\/s_gendercit.jpg\"><img loading=\"lazy\" decoding=\"async\" class=\"size-large wp-image-9761812\" alt=\"Desde la izquierda: Mercedes Cuevas L\u00f3pez, Carmen Monreal Gimeno y Mar\u00eda del Roc\u00edo C\u00e1rdenas Rodr\u00edguez\" src=\"https:\/\/www.upo.es\/diario\/wp-content\/uploads\/2015\/06\/s_gendercit-600x378.jpg\" width=\"600\" height=\"378\" srcset=\"https:\/\/www.upo.es\/diario\/wp-content\/uploads\/2015\/06\/s_gendercit-600x378.jpg 600w, https:\/\/www.upo.es\/diario\/wp-content\/uploads\/2015\/06\/s_gendercit-320x201.jpg 320w\" sizes=\"auto, (max-width: 600px) 100vw, 600px\" \/><\/a><figcaption id=\"caption-attachment-9761812\" class=\"wp-caption-text\">Desde la izquierda: Mercedes Cuevas, Carmen Monreal \u00a0y Mar\u00eda del Roc\u00edo C\u00e1rdenas<\/figcaption><\/figure>\n<p>Hoy ha comenzado en la Universidad Pablo de Olavide el <b>\u201cI Seminario Internacional de Investigaci\u00f3n sobre Diversidad Cultural, G\u00e9nero e Inclusi\u00f3n Educativa\u201d, <\/b>encuentro organizado en el marco del proyecto <a href=\"http:\/\/gendercit.eu\/\">\u201cGENDERCIT: G\u00e9nero y Ciudadan\u00eda\u201d<\/a> que re\u00fane a expertas en la materia los d\u00edas 1, 2 y 3 de junio.<\/p>\n<p>El seminario, que ha sido inaugurado esta ma\u00f1ana por las profesoras de esta universidad Carmen Monreal Gimeno, directora del proyecto GENDERCIT, y Mar\u00eda del Roc\u00edo C\u00e1rdenas Rodr\u00edguez, directora del seminario, ha contado con la participaci\u00f3n de la profesora de la <a href=\"https:\/\/www.ugr.es\/\">Universidad de Granada<\/a> Mercedes Cuevas L\u00f3pez, quien ha pronunciado la conferencia inaugural sobre la importancia de la educaci\u00f3n intercultural con un enfoque de g\u00e9nero.<\/p>\n<p>Con la finalidad de <strong>buscar alternativas que promuevan una sociedad que respete la diversidad y a la vez se enriquezca la convivencia entre personas de diferentes culturas<\/strong>, el seminario se centra en analizar <strong>qu\u00e9 medidas se pueden tomar desde la interculturalidad con perspectiva de g\u00e9nero para fomentar la cohesi\u00f3n social<\/strong>. De esta manera, ma\u00f1ana martes se celebrar\u00e1 la mesa redonda \u00a0\u201cDiversidad Cultural, G\u00e9nero e Inclusi\u00f3n Educativa en el \u00e1mbito formativo\u201d y tambi\u00e9n se abordar\u00e1 el an\u00e1lisis de las necesidades formativas de los agentes educativos sobre su desempe\u00f1o profesional en contextos multiculturales y las competencias profesionales.<\/p>\n<p>GENDERCIT es un proyecto de cuatro a\u00f1os de duraci\u00f3n, liderado por la <a href=\"http:\/\/www.upo.es\/portal\/impe\/web\/portada\">Universidad Pablo de Olavide<\/a>, que vio la luz en el a\u00f1o 2013 y que cuenta con el respaldo del subprograma \u201cPeople\u201d del 7\u00aa Programa Marco Europeo de I+Dt, con una dotaci\u00f3n de algo m\u00e1s de 600.000 euros. En total, son cerca de cuarenta los investigadores, sobre todo mujeres, los que participan en esta iniciativa, procedentes de las universidades de <a href=\"http:\/\/www.unifi.it\/\">Florencia<\/a> (Italia), <a href=\"http:\/\/www.univ-paris8.fr\/es\/\">Paris 8<\/a> (Francia), de <a href=\"http:\/\/www.ics.ul.pt\/instituto\/?ln=e&amp;mm=1&amp;ctmid=1&amp;mnid=1&amp;doc=\">Lisboa<\/a> (Portugal), de <a href=\"http:\/\/www.uncu.edu.ar\/\">Cuyo<\/a> y de Salta (ambas de Argentina), del <a href=\"http:\/\/www.colef.mx\/\">Colegio de la Frontera Norte<\/a> (M\u00e9xico), adem\u00e1s de la UPO, la <a href=\"http:\/\/www.ugr.es\/\">Universidad de Granada<\/a> y el <a href=\"http:\/\/cecu-unesco.blogspot.com.es\/2011\/12\/centro-unesco-de-ceuta-actos-con.html\">Centro UNESCO de Ceuta<\/a>.<\/p>\n<p>Una asociaci\u00f3n de esfuerzos en materia de g\u00e9nero, con el que se quiere enriquecer el marco te\u00f3rico, lanzar nuevos proyectos de investigaci\u00f3n y consolidar los programas de investigaci\u00f3n y de estudio ligados a esta tem\u00e1tica, a trav\u00e9s de la movilidad del personal investigador. As\u00ed, esta red, pionera en el \u00e1mbito de los estudios de g\u00e9nero, re\u00fane tanto a cient\u00edficas consolidadas como a otras que est\u00e1n actualmente iniciando su carrera investigadora. Un espacio donde, adem\u00e1s, destaca su car\u00e1cter multidisciplinar.<\/p>\n<p><b>&gt;\u00a0<a href=\"http:\/\/www.upo.es\/upsc\/export\/sites\/upsc\/igualdad\/documentos_varios\/PROGRAMA_DEL_SEMINARIO.pdf\">Programa del \u201cI Seminario Internacional de Investigaci\u00f3n sobre Diversidad Cultural, G\u00e9nero e Inclusi\u00f3n Educativa\u201d<\/a>\u00a0-pdf-<\/b><\/p>\n","protected":false},"excerpt":{"rendered":"<p>El \u201cI Seminario Internacional de Investigaci\u00f3n sobre Diversidad Cultural, G\u00e9nero e Inclusi\u00f3n Educativa\u201d, encuentro organizado en el marco del proyecto \u201cGENDERCIT: G\u00e9nero y Ciudadan\u00eda\u201d, re\u00fane a expertas en la materia y se centra en analizar qu\u00e9 medidas se pueden tomar desde la interculturalidad con perspectiva de g\u00e9nero para fomentar la cohesi\u00f3n social. <\/p>\n","protected":false},"author":6,"featured_media":0,"comment_status":"closed","ping_status":"open","sticky":false,"template":"","format":"standard","meta":{"_monsterinsights_skip_tracking":false,"_monsterinsights_sitenote_active":false,"_monsterinsights_sitenote_note":"","_monsterinsights_sitenote_category":0,"footnotes":""},"categories":[6],"tags":[287,465,2407,336,734,78,68],"class_list":["post-9761811","post","type-post","status-publish","format-standard","hentry","category-institucional","tag-diversidad-cultural","tag-educacion","tag-gendercit","tag-genero","tag-investigadores","tag-seminario","tag-union-europea"],"_links":{"self":[{"href":"https:\/\/www.upo.es\/diario\/wp-json\/wp\/v2\/posts\/9761811","targetHints":{"allow":["GET"]}}],"collection":[{"href":"https:\/\/www.upo.es\/diario\/wp-json\/wp\/v2\/posts"}],"about":[{"href":"https:\/\/www.upo.es\/diario\/wp-json\/wp\/v2\/types\/post"}],"author":[{"embeddable":true,"href":"https:\/\/www.upo.es\/diario\/wp-json\/wp\/v2\/users\/6"}],"replies":[{"embeddable":true,"href":"https:\/\/www.upo.es\/diario\/wp-json\/wp\/v2\/comments?post=9761811"}],"version-history":[{"count":8,"href":"https:\/\/www.upo.es\/diario\/wp-json\/wp\/v2\/posts\/9761811\/revisions"}],"predecessor-version":[{"id":9768072,"href":"https:\/\/www.upo.es\/diario\/wp-json\/wp\/v2\/posts\/9761811\/revisions\/9768072"}],"wp:attachment":[{"href":"https:\/\/www.upo.es\/diario\/wp-json\/wp\/v2\/media?parent=9761811"}],"wp:term":[{"taxonomy":"category","embeddable":true,"href":"https:\/\/www.upo.es\/diario\/wp-json\/wp\/v2\/categories?post=9761811"},{"taxonomy":"post_tag","embeddable":true,"href":"https:\/\/www.upo.es\/diario\/wp-json\/wp\/v2\/tags?post=9761811"}],"curies":[{"name":"wp","href":"https:\/\/api.w.org\/{rel}","templated":true}]}}