{"id":9767513,"date":"2015-06-02T11:12:37","date_gmt":"2015-06-02T11:12:37","guid":{"rendered":"https:\/\/www.upo.es\/diario\/?p=9767513"},"modified":"2015-06-03T07:59:57","modified_gmt":"2015-06-03T07:59:57","slug":"talleres-de-orientacion-profesional-en-este-mes-de-junio","status":"publish","type":"post","link":"https:\/\/www.upo.es\/diario\/institucional\/2015\/06\/talleres-de-orientacion-profesional-en-este-mes-de-junio\/","title":{"rendered":"La Universidad Pablo de Olavide impartir\u00e1 ocho talleres de orientaci\u00f3n profesional en este mes de junio"},"content":{"rendered":"<figure id=\"attachment_2294850\" aria-describedby=\"caption-attachment-2294850\" style=\"width: 163px\" class=\"wp-caption alignright\"><img loading=\"lazy\" decoding=\"async\" class=\"size-full wp-image-2294850\" alt=\"Logo Andaluc\u00eda Orienta (ilustraci\u00f3n de un faro)\" src=\"https:\/\/www.upo.es\/diario\/wp-content\/uploads\/2013\/12\/andalucia_orienta.png\" width=\"163\" height=\"180\" \/><figcaption id=\"caption-attachment-2294850\" class=\"wp-caption-text\">Andaluc\u00eda Orienta es un servicio subvencionado por el Servicio Andaluz de Empleo<\/figcaption><\/figure>\n<p>La Universidad Pablo de Olavide, a trav\u00e9s de la unidad Andaluc\u00eda Orienta de la Fundaci\u00f3n Universidad-Sociedad, ofrece talleres grupales sobre empleabilidad y emprendimiento para sus estudiantes y titulados de grado y postgrado demandantes de empleo, con el objetivo de asesorarlos, tanto en la b\u00fasqueda de trabajo como en la creaci\u00f3n de empresas y favorecer su futura inserci\u00f3n laboral.<\/p>\n<p>En concreto, esta oferta, que se imparte peri\u00f3dicamente, tiene programados un total de ocho talleres para el mes de junio sobre diferentes tem\u00e1ticas de inter\u00e9s para los demandantes de empleo. Una oferta que comenzar\u00e1 el pr\u00f3ximo mi\u00e9rcoles, 10 de junio, con el taller \u201cIniciativa emprendedora y ayudas a la financiaci\u00f3n\u201d y que continuar\u00e1 el viernes 12 de junio con la celebraci\u00f3n del taller \u201cEmpleo p\u00fablico (oposiciones)\u201d.<\/p>\n<p>La pr\u00f3xima semana proseguir\u00e1 con la celebraci\u00f3n de \u201cB\u00fasqueda activa de empleo en el sector experimental\u201d y \u201cPr\u00e1cticas y becas\u201d, los d\u00edas 17 y 18 de junio, respectivamente. Asimismo, el d\u00eda 19 de junio se realizar\u00e1 el taller \u201cRecursos para la mejora del ingl\u00e9s\u201d.<\/p>\n<p>Adem\u00e1s, durante este mismo mes tambi\u00e9n se abordar\u00e1 la movilidad internacional, la b\u00fasqueda activa de empleo en el sector social y las entrevistas en ingl\u00e9s.<\/p>\n<p>Todos los talleres se impartir\u00e1n en la Universidad Pablo de Olavide con un m\u00e1ximo de 30 plazas por actividad. Previamente a cada taller, se citar\u00e1 a los asistentes en el despacho 67 del Edificio 45, para desde all\u00ed dirigirse al aula correspondiente.<\/p>\n<p>Todos los interesados en participar en estos talleres deben ser demandantes de empleo e inscribirse enviando un correo electr\u00f3nico a la direcci\u00f3n <a href=\"mailto:orientacionprofesional@fundacion.upo.es\">orientacionprofesional@fundacion.upo.es<\/a> indicando su nombre, apellidos, estudios, tel\u00e9fono y la actividad a la que quieren asistir, o bien, llamando por tel\u00e9fono al 954 34 98 15.<\/p>\n<p style=\"text-align: left;\" align=\"center\"><b>Listado de talleres grupales para el mes de junio:<br \/>\n<\/b><\/p>\n<ul>\n<li>INICIATIVA EMPRENDEDORA Y AYUDAS A LA FINANCIACI\u00d3N.\u00a010\/06\/2015. (10,00 &#8211; 13,00 horas).<\/li>\n<\/ul>\n<ul>\n<li>EMPLEO P\u00daBLICO (OPOSICIONES). 12\/06\/2015. (09,00 &#8211; 12,30 horas).<\/li>\n<li>B\u00daSQUEDA ACTIVA DE EMPLEO EN EL SECTOR EXPERIMENTAL.\u00a017\/06\/2015. (09,30-13,30 horas).<\/li>\n<\/ul>\n<ul>\n<li>PR\u00c1CTICAS Y BECAS. 18\/06\/2015. (09,30-13,30 horas).<\/li>\n<\/ul>\n<ul>\n<li>RECURSOS PARA LA MEJORA DEL INGL\u00c9S. 19\/06\/2015. (09,30-13,30 horas).<\/li>\n<li>MOVILIDAD INTERNACIONAL. 23\/06\/2015. (09,30-13,30 horas).<\/li>\n<li>B\u00daSQUEDA ACTIVA DE EMPLEO EN EL SECTOR SOCIAL 26\/06\/2015. (09,30-13,30 horas).<\/li>\n<\/ul>\n<ul>\n<li>ENTREVISTAS EN INGL\u00c9S. 30\/06\/2015. (09,30-13,30 horas).<\/li>\n<\/ul>\n<p style=\"text-align: left;\" align=\"center\"><b>\u00a0<\/b><\/p>\n","protected":false},"excerpt":{"rendered":"<p>Una oferta que comenzar\u00e1 el pr\u00f3ximo mi\u00e9rcoles, 10 de junio, con el taller \u201cIniciativa emprendedora y ayudas a la financiaci\u00f3n\u201d y que continuar\u00e1 el viernes 12 de junio con la celebraci\u00f3n del taller \u201cEmpleo p\u00fablico (oposiciones)\u201d.<\/p>\n","protected":false},"author":6,"featured_media":0,"comment_status":"closed","ping_status":"open","sticky":false,"template":"","format":"standard","meta":{"_monsterinsights_skip_tracking":false,"_monsterinsights_sitenote_active":false,"_monsterinsights_sitenote_note":"","_monsterinsights_sitenote_category":0,"footnotes":""},"categories":[6],"tags":[2295,2039,99,438,21,1107,567,549],"class_list":["post-9767513","post","type-post","status-publish","format-standard","hentry","category-institucional","tag-andalucia-orienta","tag-busqueda-de-empleo","tag-creacion-de-empresas","tag-empleo","tag-estudiantes","tag-fundacion-universidad-sociedad","tag-mercado-laboral","tag-talleres"],"_links":{"self":[{"href":"https:\/\/www.upo.es\/diario\/wp-json\/wp\/v2\/posts\/9767513","targetHints":{"allow":["GET"]}}],"collection":[{"href":"https:\/\/www.upo.es\/diario\/wp-json\/wp\/v2\/posts"}],"about":[{"href":"https:\/\/www.upo.es\/diario\/wp-json\/wp\/v2\/types\/post"}],"author":[{"embeddable":true,"href":"https:\/\/www.upo.es\/diario\/wp-json\/wp\/v2\/users\/6"}],"replies":[{"embeddable":true,"href":"https:\/\/www.upo.es\/diario\/wp-json\/wp\/v2\/comments?post=9767513"}],"version-history":[{"count":6,"href":"https:\/\/www.upo.es\/diario\/wp-json\/wp\/v2\/posts\/9767513\/revisions"}],"predecessor-version":[{"id":9773410,"href":"https:\/\/www.upo.es\/diario\/wp-json\/wp\/v2\/posts\/9767513\/revisions\/9773410"}],"wp:attachment":[{"href":"https:\/\/www.upo.es\/diario\/wp-json\/wp\/v2\/media?parent=9767513"}],"wp:term":[{"taxonomy":"category","embeddable":true,"href":"https:\/\/www.upo.es\/diario\/wp-json\/wp\/v2\/categories?post=9767513"},{"taxonomy":"post_tag","embeddable":true,"href":"https:\/\/www.upo.es\/diario\/wp-json\/wp\/v2\/tags?post=9767513"}],"curies":[{"name":"wp","href":"https:\/\/api.w.org\/{rel}","templated":true}]}}