{"id":9767788,"date":"2015-06-02T06:00:27","date_gmt":"2015-06-02T06:00:27","guid":{"rendered":"https:\/\/www.upo.es\/diario\/?p=9767788"},"modified":"2015-06-03T11:52:06","modified_gmt":"2015-06-03T11:52:06","slug":"la-olavide-invita-a-los-estudiantes-que-se-examinan-de-selectividad-a-conocer-previamente-la-universidad-2","status":"publish","type":"post","link":"https:\/\/www.upo.es\/diario\/institucional\/2015\/06\/la-olavide-invita-a-los-estudiantes-que-se-examinan-de-selectividad-a-conocer-previamente-la-universidad-2\/","title":{"rendered":"La Olavide invita a los estudiantes que se examinan de Selectividad a conocer previamente la Universidad"},"content":{"rendered":"<figure id=\"attachment_9767794\" aria-describedby=\"caption-attachment-9767794\" style=\"width: 320px\" class=\"wp-caption alignright\"><a href=\"https:\/\/www.upo.es\/diario\/wp-content\/uploads\/2015\/06\/jornadas_selectividad.jpg\"><img loading=\"lazy\" decoding=\"async\" class=\"size-medium wp-image-9767794\" alt=\"Imagen de los estudiantes que visitaron la UPO en las jornadas del pasado a\u00f1o.\" src=\"https:\/\/www.upo.es\/diario\/wp-content\/uploads\/2015\/06\/jornadas_selectividad-320x183.jpg\" width=\"320\" height=\"183\" srcset=\"https:\/\/www.upo.es\/diario\/wp-content\/uploads\/2015\/06\/jornadas_selectividad-320x183.jpg 320w, https:\/\/www.upo.es\/diario\/wp-content\/uploads\/2015\/06\/jornadas_selectividad-600x344.jpg 600w\" sizes=\"auto, (max-width: 320px) 100vw, 320px\" \/><\/a><figcaption id=\"caption-attachment-9767794\" class=\"wp-caption-text\">Imagen de los estudiantes que visitaron la UPO en las jornadas del pasado a\u00f1o.<\/figcaption><\/figure>\n<p>Los m\u00e1s de<strong> 1.000 estudiantes de los 23 centros de Secundaria de Sevilla y provincia que har\u00e1n la Selectividad<\/strong> dentro de dos semanas en la <a href=\"http:\/\/www.upo.es\/portal\/impe\/web\/portada\">Universidad Pablo de Olavide<\/a>, tienen una cita previa con la UPO hoy mi\u00e9rcoles,<strong> a las 10 horas, en el Paraninfo<\/strong>. La Olavide ha invitado a estos estudiantes a conocer las instalaciones en las que van a realizar los ex\u00e1menes, as\u00ed como el proceso de las pruebas, consejos pr\u00e1cticos sobre las mismas, el horario y ubicaci\u00f3n de las sedes.<\/p>\n<p>Habr\u00e1 una charla informativa a las 10 horas en la que Mercedes de la Torre Garc\u00eda, directora general de Acceso, Difusi\u00f3n y Captaci\u00f3n, y personal del \u00c1rea de Gesti\u00f3n Administrativa de Asistencia al Estudiante de Grado, informar\u00e1n a los estudiantes sobre sobre la Selectividad y el Proceso de Preinscripci\u00f3n Universitaria.<\/p>\n<p>Tras la charla informativa, los alumnos podr\u00e1n conocer con antelaci\u00f3n el lugar donde van a examinarse en el campus de la UPO, acompa\u00f1ados por estudiantes de la propia universidad p\u00fablica sevillana, en una visita a las aulas de las distintas sedes de Selectividad.<b>\u00a0<\/b><\/p>\n<p style=\"text-align: left;\" align=\"center\"><b>PROGRAMA<\/b><\/p>\n<p><strong>9.30 horas. Recepci\u00f3n de estudiantes<\/strong><\/p>\n<p><strong>10 horas. Paraninfo.<\/strong><br \/>\n<strong>Saludo de Bienvenida Institucional.<\/strong><br \/>\nCharla informativa sobre estructura, contenido, criterios de evaluaci\u00f3n y orientaciones de la prueba de Selectividad.<br \/>\nInformaci\u00f3n pr\u00e1ctica sobre la organizaci\u00f3n de la prueba (ubicaci\u00f3n de sedes, recursos\u2026) y del proceso de preinscripci\u00f3n y matriculaci\u00f3n.<\/p>\n<p><strong>11:30-13 horas. <\/strong><br \/>\n<strong>Plaza de Am\u00e9rica UPO: Visita<\/strong><br \/>\nVisita a la Sede de Selectividad y servicios generales de la UPO dispuestos para la realizaci\u00f3n de la prueba.<\/p>\n","protected":false},"excerpt":{"rendered":"<p>Los m\u00e1s de 1.000 estudiantes de los 23 centros de Secundaria de Sevilla y provincia que har\u00e1n la Selectividad dentro de dos semanas en la Universidad Pablo de Olavide, tienen una cita previa con la UPO hoy mi\u00e9rcoles, a las 10 horas, en el Paraninfo. La Olavide ha invitado a estos estudiantes a conocer las instalaciones en las que van a realizar los ex\u00e1menes, as\u00ed como el proceso de las pruebas, consejos pr\u00e1cticos sobre las mismas, el horario y ubicaci\u00f3n de las sedes. <\/p>\n","protected":false},"author":2,"featured_media":0,"comment_status":"closed","ping_status":"open","sticky":false,"template":"","format":"standard","meta":{"_monsterinsights_skip_tracking":false,"_monsterinsights_sitenote_active":false,"_monsterinsights_sitenote_note":"","_monsterinsights_sitenote_category":0,"footnotes":""},"categories":[6],"tags":[501,1233,21,84,668,690,665],"class_list":["post-9767788","post","type-post","status-publish","format-standard","hentry","category-institucional","tag-acceso","tag-curso-2014-2015","tag-estudiantes","tag-jornadas","tag-pau","tag-prueba-de-acceso-a-la-universidad","tag-selectividad"],"_links":{"self":[{"href":"https:\/\/www.upo.es\/diario\/wp-json\/wp\/v2\/posts\/9767788","targetHints":{"allow":["GET"]}}],"collection":[{"href":"https:\/\/www.upo.es\/diario\/wp-json\/wp\/v2\/posts"}],"about":[{"href":"https:\/\/www.upo.es\/diario\/wp-json\/wp\/v2\/types\/post"}],"author":[{"embeddable":true,"href":"https:\/\/www.upo.es\/diario\/wp-json\/wp\/v2\/users\/2"}],"replies":[{"embeddable":true,"href":"https:\/\/www.upo.es\/diario\/wp-json\/wp\/v2\/comments?post=9767788"}],"version-history":[{"count":7,"href":"https:\/\/www.upo.es\/diario\/wp-json\/wp\/v2\/posts\/9767788\/revisions"}],"predecessor-version":[{"id":9774495,"href":"https:\/\/www.upo.es\/diario\/wp-json\/wp\/v2\/posts\/9767788\/revisions\/9774495"}],"wp:attachment":[{"href":"https:\/\/www.upo.es\/diario\/wp-json\/wp\/v2\/media?parent=9767788"}],"wp:term":[{"taxonomy":"category","embeddable":true,"href":"https:\/\/www.upo.es\/diario\/wp-json\/wp\/v2\/categories?post=9767788"},{"taxonomy":"post_tag","embeddable":true,"href":"https:\/\/www.upo.es\/diario\/wp-json\/wp\/v2\/tags?post=9767788"}],"curies":[{"name":"wp","href":"https:\/\/api.w.org\/{rel}","templated":true}]}}