{"id":9784348,"date":"2015-06-05T07:34:54","date_gmt":"2015-06-05T07:34:54","guid":{"rendered":"https:\/\/www.upo.es\/diario\/?p=9784348"},"modified":"2015-06-05T07:34:54","modified_gmt":"2015-06-05T07:34:54","slug":"la-upo-participa-en-boston-en-el-congreso-internacional-de-nafsa","status":"publish","type":"post","link":"https:\/\/www.upo.es\/diario\/institucional\/2015\/06\/la-upo-participa-en-boston-en-el-congreso-internacional-de-nafsa\/","title":{"rendered":"La UPO participa en Boston en el Congreso Internacional de NAFSA"},"content":{"rendered":"<figure id=\"attachment_9784349\" aria-describedby=\"caption-attachment-9784349\" style=\"width: 320px\" class=\"wp-caption alignright\"><a href=\"https:\/\/www.upo.es\/diario\/wp-content\/uploads\/2015\/06\/nafsa.jpg\"><img loading=\"lazy\" decoding=\"async\" class=\"size-medium wp-image-9784349\" alt=\"El stand de la UPO en el Congreso Internacional NAFSA 2015\" src=\"https:\/\/www.upo.es\/diario\/wp-content\/uploads\/2015\/06\/nafsa-320x133.jpg\" width=\"320\" height=\"133\" srcset=\"https:\/\/www.upo.es\/diario\/wp-content\/uploads\/2015\/06\/nafsa-320x133.jpg 320w, https:\/\/www.upo.es\/diario\/wp-content\/uploads\/2015\/06\/nafsa-600x250.jpg 600w, https:\/\/www.upo.es\/diario\/wp-content\/uploads\/2015\/06\/nafsa.jpg 786w\" sizes=\"auto, (max-width: 320px) 100vw, 320px\" \/><\/a><figcaption id=\"caption-attachment-9784349\" class=\"wp-caption-text\">El stand de la UPO en el Congreso Internacional de NAFSA 2015<\/figcaption><\/figure>\n<p style=\"text-align: justify;\">La Universidad Pablo de Olavide particip\u00f3 en el Congreso Internacional de NAFSA 2015 sobre educaci\u00f3n internacional, celebrado del 26 al 29 de mayo en Boston (EE.UU.). Este encuentro reuni\u00f3 a\u00a0 m\u00e1s de 11.000 asistentes, entre ellos m\u00e1s de 20 universidades espa\u00f1ola.<\/p>\n<p style=\"text-align: justify;\">El Congreso cont\u00f3 por primera vez con un stand propio de la UPO con informaci\u00f3n sobre los programas del Centro Universitario Internacional como de Postgrado. En representaci\u00f3n de la Olavide acudieron Ver\u00f3nica Pacheco, directora general de Idiomas y Estudiantes Extranjeros; Joanna Wandycz, subdirectora del Centro Universitario Internacional y Mentxu Zalla, jefa de Administraci\u00f3n del Centro Universitario Internacional.<\/p>\n<p style=\"text-align: justify;\">Este evento ha permitido una mayor visibilizaci\u00f3n de la Universidad Pablo de Olavide en un entorno de educaci\u00f3n superior internacional y que se traducir\u00e1 en un mayor n\u00famero de convenios con universidades extranjeras que fomentar\u00e1 la movilidad de estudiantes y PDI de la UPO.<\/p>\n<p style=\"text-align: justify;\"><a href=\"http:\/\/www.nafsa.org\/\">NAFSA<\/a> es una organizaci\u00f3n mundial sin \u00e1nimo de lucro dedicada a la educaci\u00f3n internacional, que cuenta con m\u00e1s de 10.000 asociados. Anualmente realiza una feria en diferentes ciudades de Estados Unidos, con el fin de que sus socios y el p\u00fablico en general compartan experiencias sobre educaci\u00f3n y se generen alianzas y convenios entre universidades de diferentes latitudes.<\/p>\n","protected":false},"excerpt":{"rendered":"<p>La Universidad Pablo de Olavide particip\u00f3 en el Congreso Internacional NAFSA 2015 sobre educaci\u00f3n internacional, celebrado del 26 al 29 de mayo en Boston (EE.UU.). Este encuentro reuni\u00f3 a  m\u00e1s de 11.000 asistentes, entre ellos m\u00e1s de 20 universidades espa\u00f1ola.<\/p>\n","protected":false},"author":4,"featured_media":0,"comment_status":"closed","ping_status":"open","sticky":false,"template":"","format":"standard","meta":{"_monsterinsights_skip_tracking":false,"_monsterinsights_sitenote_active":false,"_monsterinsights_sitenote_note":"","_monsterinsights_sitenote_category":0,"footnotes":""},"categories":[6],"tags":[155,354,2418,82],"class_list":["post-9784348","post","type-post","status-publish","format-standard","hentry","category-institucional","tag-centro-universitario-internacional","tag-congreso","tag-nafsa","tag-postgrado"],"_links":{"self":[{"href":"https:\/\/www.upo.es\/diario\/wp-json\/wp\/v2\/posts\/9784348","targetHints":{"allow":["GET"]}}],"collection":[{"href":"https:\/\/www.upo.es\/diario\/wp-json\/wp\/v2\/posts"}],"about":[{"href":"https:\/\/www.upo.es\/diario\/wp-json\/wp\/v2\/types\/post"}],"author":[{"embeddable":true,"href":"https:\/\/www.upo.es\/diario\/wp-json\/wp\/v2\/users\/4"}],"replies":[{"embeddable":true,"href":"https:\/\/www.upo.es\/diario\/wp-json\/wp\/v2\/comments?post=9784348"}],"version-history":[{"count":2,"href":"https:\/\/www.upo.es\/diario\/wp-json\/wp\/v2\/posts\/9784348\/revisions"}],"predecessor-version":[{"id":9784351,"href":"https:\/\/www.upo.es\/diario\/wp-json\/wp\/v2\/posts\/9784348\/revisions\/9784351"}],"wp:attachment":[{"href":"https:\/\/www.upo.es\/diario\/wp-json\/wp\/v2\/media?parent=9784348"}],"wp:term":[{"taxonomy":"category","embeddable":true,"href":"https:\/\/www.upo.es\/diario\/wp-json\/wp\/v2\/categories?post=9784348"},{"taxonomy":"post_tag","embeddable":true,"href":"https:\/\/www.upo.es\/diario\/wp-json\/wp\/v2\/tags?post=9784348"}],"curies":[{"name":"wp","href":"https:\/\/api.w.org\/{rel}","templated":true}]}}