{"id":9785702,"date":"2015-06-08T06:00:27","date_gmt":"2015-06-08T06:00:27","guid":{"rendered":"https:\/\/www.upo.es\/diario\/?p=9785702"},"modified":"2015-06-08T06:05:13","modified_gmt":"2015-06-08T06:05:13","slug":"el-lunes-se-clausura-el-programa-universitario-aula-abierta-de-mayores-de-la-upo","status":"publish","type":"post","link":"https:\/\/www.upo.es\/diario\/institucional\/2015\/06\/el-lunes-se-clausura-el-programa-universitario-aula-abierta-de-mayores-de-la-upo\/","title":{"rendered":"Hoy lunes se clausura el programa universitario \u2018Aula Abierta de Mayores\u2019 de la UPO"},"content":{"rendered":"<p>Hoy lunes 8 de junio, <strong>a las 17.30 horas en el Paraninfo de la Universidad Pablo de Olavide<\/strong>, se celebrar\u00e1 el acto de clausura del <b>Programa Universitario para Mayores Aula Abierta de Mayores de la UPO<\/b>, con la imposici\u00f3n de becas y entrega de diplomas al alumnado de cuatro de los siete municipios que han finalizado el tercer curso del Ciclo B\u00e1sico y Continuidad, Alcal\u00e1 de Guada\u00edra, Bormujos,\u00a0 Pedrera y Salteras.<\/p>\n<p>El acto de clausura estar\u00e1 presidido por Elodia Hern\u00e1ndez Le\u00f3n, vicerrectora de Estudiantes, Cultura y Compromiso Social de la UPO, que estar\u00e1 acompa\u00f1ada por el padrino de estas promociones que se grad\u00faan, Luis Vicente Amador Mu\u00f1oz, profesor del Departamento de Educaci\u00f3n y Psicolog\u00eda Social de la Universidad Pablo de Olavide, y el alcalde del Ayuntamiento de Pedrera, Antonio Nogales Monedero y Ana M\u00aa Hermoso Moreno, Alcadesa del Ayutamiento de Bormujos. Al acto tambi\u00e9n asistir\u00e1n Mar\u00eda Dolores Guti\u00e9rrez Peral, concejala delegada de Servicios Sociales del Ayuntamiento de Alcal\u00e1 de Guada\u00edra; Roc\u00edo Silva Bernal, concejala delegada de Cultura, Educaci\u00f3n e Igualdad del Ayuntamiento de Salteras, Jes\u00fas Ferreiro Casillas, Secretario General Provincial de la Junta de Andaluc\u00eda; y el representante de la Diputaci\u00f3n de Sevilla.<\/p>\n<p>Por su parte, el acto de clausura e imposici\u00f3n de becas de los otros tres municipios que han finalizado el tercer curso del Ciclo B\u00e1sico y Continuidad, La Puebla de Cazalla, Mairena del Alcor y Tomares, se celebrar\u00e1 ma\u00f1ana martes 9 de junio a las 17.30 horas en el Paraninfo de la UPO.<\/p>\n<p>El acto estar\u00e1 presidido por Elodia Hern\u00e1ndez Le\u00f3n, vicerrectora de Estudiantes, Cultura y Compromiso Social de la UPO, que estar\u00e1 acompa\u00f1ada por Mar\u00eda Roc\u00edo Cruz D\u00edaz, profesora del Departamento de Educaci\u00f3n y Psicolog\u00eda Social de la Universidad Pablo de Olavide. Al acto tambi\u00e9n asistir\u00e1n Antonio Mart\u00edn Melero, alcalde del Ayuntamiento de La Puebla de Cazalla; Jos\u00e9 Luis Sanz Ruiz, alcalde del Ayuntamiento de Tomares; Ricardo\u00a0 S\u00e1nchez Ant\u00fanez, alcalde del Ayuntamiento de Mairena del Alcor,\u00a0 el representante de la Consejer\u00eda de Igualdad, Salud y Pol\u00edticas Sociales de la Junta de Andaluc\u00eda; y Beatriz S\u00e1nchez Garc\u00eda, diputada del \u00c1rea de Ciudadan\u00eda, Participaci\u00f3n y Cultura de la Diputaci\u00f3n de Sevilla.<\/p>\n","protected":false},"excerpt":{"rendered":"<p>Hoy lunes 8 de junio, a las 17.30 horas en el Paraninfo de la Universidad Pablo de Olavide, se celebrar\u00e1 el acto de clausura del Programa Universitario para Mayores Aula Abierta de Mayores de la UPO, con la imposici\u00f3n de becas y entrega de diplomas al alumnado de cuatro de los siete municipios que han finalizado el tercer curso del Ciclo B\u00e1sico y Continuidad, Alcal\u00e1 de Guada\u00edra, Bormujos,  Pedrera y Salteras. <\/p>\n","protected":false},"author":6,"featured_media":0,"comment_status":"closed","ping_status":"open","sticky":false,"template":"","format":"standard","meta":{"_monsterinsights_skip_tracking":false,"_monsterinsights_sitenote_active":false,"_monsterinsights_sitenote_note":"","_monsterinsights_sitenote_category":0,"footnotes":""},"categories":[6],"tags":[767,52,2419,463,53,2052,1684,2420,2421],"class_list":["post-9785702","post","type-post","status-publish","format-standard","hentry","category-institucional","tag-alcala-de-guadaira","tag-aula-abierta-de-mayores","tag-bormujos","tag-clausura","tag-mayores","tag-municipios","tag-paraninfo","tag-pedrera","tag-salteras"],"_links":{"self":[{"href":"https:\/\/www.upo.es\/diario\/wp-json\/wp\/v2\/posts\/9785702","targetHints":{"allow":["GET"]}}],"collection":[{"href":"https:\/\/www.upo.es\/diario\/wp-json\/wp\/v2\/posts"}],"about":[{"href":"https:\/\/www.upo.es\/diario\/wp-json\/wp\/v2\/types\/post"}],"author":[{"embeddable":true,"href":"https:\/\/www.upo.es\/diario\/wp-json\/wp\/v2\/users\/6"}],"replies":[{"embeddable":true,"href":"https:\/\/www.upo.es\/diario\/wp-json\/wp\/v2\/comments?post=9785702"}],"version-history":[{"count":3,"href":"https:\/\/www.upo.es\/diario\/wp-json\/wp\/v2\/posts\/9785702\/revisions"}],"predecessor-version":[{"id":9803763,"href":"https:\/\/www.upo.es\/diario\/wp-json\/wp\/v2\/posts\/9785702\/revisions\/9803763"}],"wp:attachment":[{"href":"https:\/\/www.upo.es\/diario\/wp-json\/wp\/v2\/media?parent=9785702"}],"wp:term":[{"taxonomy":"category","embeddable":true,"href":"https:\/\/www.upo.es\/diario\/wp-json\/wp\/v2\/categories?post=9785702"},{"taxonomy":"post_tag","embeddable":true,"href":"https:\/\/www.upo.es\/diario\/wp-json\/wp\/v2\/tags?post=9785702"}],"curies":[{"name":"wp","href":"https:\/\/api.w.org\/{rel}","templated":true}]}}