{"id":979598,"date":"2013-06-06T00:30:50","date_gmt":"2013-06-06T00:30:50","guid":{"rendered":"https:\/\/www.upo.es\/diario\/?p=979598"},"modified":"2013-06-06T11:33:24","modified_gmt":"2013-06-06T11:33:24","slug":"la-olavide-invita-a-los-estudiantes-que-se-examinan-de-selectividad-a-conocer-previamente-la-universidad","status":"publish","type":"post","link":"https:\/\/www.upo.es\/diario\/institucional\/2013\/06\/la-olavide-invita-a-los-estudiantes-que-se-examinan-de-selectividad-a-conocer-previamente-la-universidad\/","title":{"rendered":"La Olavide invita a los estudiantes que se examinan de Selectividad a conocer previamente la Universidad"},"content":{"rendered":"<figure id=\"attachment_984684\" aria-describedby=\"caption-attachment-984684\" style=\"width: 320px\" class=\"wp-caption alignright\"><a href=\"https:\/\/www.upo.es\/diario\/wp-content\/uploads\/2013\/06\/Preparacion_PAU_2013_48.jpg\"><img loading=\"lazy\" decoding=\"async\" class=\"size-medium wp-image-984684\" alt=\"estudiantes en el Paraninfo\" src=\"https:\/\/www.upo.es\/diario\/wp-content\/uploads\/2013\/06\/Preparacion_PAU_2013_48-320x213.jpg\" width=\"320\" height=\"213\" srcset=\"https:\/\/www.upo.es\/diario\/wp-content\/uploads\/2013\/06\/Preparacion_PAU_2013_48-320x213.jpg 320w, https:\/\/www.upo.es\/diario\/wp-content\/uploads\/2013\/06\/Preparacion_PAU_2013_48-1024x682.jpg 1024w, https:\/\/www.upo.es\/diario\/wp-content\/uploads\/2013\/06\/Preparacion_PAU_2013_48-600x400.jpg 600w\" sizes=\"auto, (max-width: 320px) 100vw, 320px\" \/><\/a><figcaption id=\"caption-attachment-984684\" class=\"wp-caption-text\">Los estudiantes de los 23 centros de secundaria de Sevilla que realizar\u00e1n la PAU en la UPO reciben consejos para la prueba<\/figcaption><\/figure>\n<p>Los m\u00e1s de 1.000 estudiantes de los 23 centros de secundaria de Sevilla y provincia que har\u00e1n la Selectividad dentro de dos semanas en la Universidad Pablo de Olavide tienen una cita previa con la UPO hoy jueves, a las 10 horas, en el Paraninfo de la Olavide. La Universidad Pablo de Olavide ha invitado a estos estudiantes a conocer las instalaciones en las que van a realizar los ex\u00e1menes, as\u00ed como el proceso de las pruebas, consejos pr\u00e1cticos sobre las mismas,\u00a0 el horario y ubicaci\u00f3n de las sedes. Los d\u00edas 18, 19, 20 y 21 de junio se celebrar\u00e1n las pruebas de Selectividad en la Universidad Pablo de Olavide.<\/p>\n<p>Las Jornadas de Preparaci\u00f3n para el Acceso a la Universidad, organizadas por \u00c1rea de Estudiantes a trav\u00e9s de la Direcci\u00f3n General de Acceso, Difusi\u00f3n y Captaci\u00f3n, perteneciente al Vicerrectorado de Estudiantes, Deporte y Medio Ambiente, tienen como fin favorecer el buen desarrollo de la Selectividad mediante el conocimiento del proceso de desarrollo de estas pruebas y de las instalaciones donde van a realizarse.<\/p>\n<p>As\u00ed, los estudiantes de estos centros educativos recibir\u00e1n a las 10.00 horas una charla informativa a cargo de Mercedes de la Torre, directora general de Acceso, Difusi\u00f3n y Captaci\u00f3n, y del personal del \u00c1rea de Estudiantes sobre la Selectividad y el acceso a la Universidad, en la que se les informar\u00e1 sobre el proceso de estas pruebas, consejos pr\u00e1cticos sobre su realizaci\u00f3n, el horario y ubicaci\u00f3n de las sedes, y tambi\u00e9n sobre el proceso de preinscripci\u00f3n universitaria.<\/p>\n<p>Adem\u00e1s, a las 12.15 horas, los alumnos podr\u00e1n conocer con antelaci\u00f3n el lugar donde van a examinarse en el campus de la UPO, pues ser\u00e1n acompa\u00f1ados por personal de la Olavide en una visita a las aulas de las distintas sedes de Selectividad.<\/p>\n<p>&nbsp;<\/p>\n<p align=\"center\"><b>PROGRAMA<\/b><\/p>\n<div align=\"center\">\n<table border=\"1\" cellspacing=\"3\" cellpadding=\"0\">\n<tbody>\n<tr>\n<td width=\"106\">\n<p align=\"center\"><b>HORA<\/b><\/p>\n<\/td>\n<td width=\"153\">\n<p align=\"center\"><b>LUGAR<\/b><\/p>\n<\/td>\n<td width=\"317\">\n<p align=\"center\"><b>CONTENIDO<\/b><\/p>\n<\/td>\n<\/tr>\n<tr>\n<td width=\"106\">\n<p align=\"center\"><b>\u00a0<\/b><\/p>\n<p align=\"center\"><b>\u00a0<\/b><\/p>\n<p align=\"center\"><b>10.00 h.<\/b><\/p>\n<\/td>\n<td width=\"153\">\n<p align=\"center\"><b><span style=\"text-decoration: underline;\">Paraninfo Universidad<\/span><\/b><\/p>\n<p align=\"center\"><b><span style=\"text-decoration: underline;\">\u00a0<\/span><\/b><\/p>\n<\/td>\n<td width=\"317\">\n<ul>\n<li>Saludo de bienvenida Institucional.<\/li>\n<\/ul>\n<p>&nbsp;<\/p>\n<ul>\n<li>Charla informativa sobre estructura, contenido, criterios de evaluaci\u00f3n y orientaciones de la prueba de Selectividad.<\/li>\n<\/ul>\n<p>&nbsp;<\/p>\n<ul>\n<li>Informaci\u00f3n pr\u00e1ctica sobre la organizaci\u00f3n de la prueba (ubicaci\u00f3n de sedes, recursos\u2026)\u00a0 y del proceso de preinscripci\u00f3n y matriculaci\u00f3n.<\/li>\n<\/ul>\n<\/td>\n<\/tr>\n<tr>\n<td width=\"106\">\n<p align=\"center\"><b>11. 30 h.<\/b><\/p>\n<\/td>\n<td width=\"153\">\n<p align=\"center\"><b>DESCANSO<\/b><\/p>\n<\/td>\n<td width=\"317\">\n<p align=\"center\"><b>DESCANSO<\/b><\/p>\n<\/td>\n<\/tr>\n<tr>\n<td width=\"106\">\n<p align=\"center\"><b>\u00a0<\/b><\/p>\n<p align=\"center\"><b>12.15 h.<\/b><\/p>\n<\/td>\n<td width=\"153\">\n<p align=\"center\"><b>\u00a0<\/b><\/p>\n<p align=\"center\"><b><span style=\"text-decoration: underline;\">Plaza de Am\u00e9rica<\/span><\/b><\/p>\n<\/td>\n<td width=\"317\">\n<ul>\n<li>Visita a la Sede de Selectividad y servicios generales de la UPO dispuestos para la realizaci\u00f3n de la prueba.<\/li>\n<\/ul>\n<\/td>\n<\/tr>\n<tr>\n<td width=\"106\">\n<p align=\"center\"><b>13.15 h.<\/b><\/p>\n<\/td>\n<td width=\"153\"><\/td>\n<td width=\"317\">\n<p align=\"center\"><b>FIN DE LA ACTIVIDAD<\/b><\/p>\n<\/td>\n<\/tr>\n<\/tbody>\n<\/table>\n<\/div>\n<p>&nbsp;<\/p>\n","protected":false},"excerpt":{"rendered":"<p>Los m\u00e1s de 1.000 estudiantes de los 23 centros de secundaria de Sevilla y provincia que har\u00e1n la Selectividad dentro de dos semanas en la Universidad Pablo de Olavide tienen una cita previa con la UPO hoy jueves. La Universidad Pablo de Olavide ha invitado a estos estudiantes a conocer las instalaciones en las que van a realizar los ex\u00e1menes, as\u00ed como el proceso de las pruebas, consejos pr\u00e1cticos sobre las mismas,  el horario y ubicaci\u00f3n de las sedes.<\/p>\n","protected":false},"author":2,"featured_media":0,"comment_status":"closed","ping_status":"open","sticky":false,"template":"","format":"standard","meta":{"_monsterinsights_skip_tracking":false,"_monsterinsights_sitenote_active":false,"_monsterinsights_sitenote_note":"","_monsterinsights_sitenote_category":0,"footnotes":""},"categories":[6],"tags":[501,21,84,668,665,442],"class_list":["post-979598","post","type-post","status-publish","format-standard","hentry","category-institucional","tag-acceso","tag-estudiantes","tag-jornadas","tag-pau","tag-selectividad","tag-vicerrectorado"],"_links":{"self":[{"href":"https:\/\/www.upo.es\/diario\/wp-json\/wp\/v2\/posts\/979598","targetHints":{"allow":["GET"]}}],"collection":[{"href":"https:\/\/www.upo.es\/diario\/wp-json\/wp\/v2\/posts"}],"about":[{"href":"https:\/\/www.upo.es\/diario\/wp-json\/wp\/v2\/types\/post"}],"author":[{"embeddable":true,"href":"https:\/\/www.upo.es\/diario\/wp-json\/wp\/v2\/users\/2"}],"replies":[{"embeddable":true,"href":"https:\/\/www.upo.es\/diario\/wp-json\/wp\/v2\/comments?post=979598"}],"version-history":[{"count":8,"href":"https:\/\/www.upo.es\/diario\/wp-json\/wp\/v2\/posts\/979598\/revisions"}],"predecessor-version":[{"id":979601,"href":"https:\/\/www.upo.es\/diario\/wp-json\/wp\/v2\/posts\/979598\/revisions\/979601"}],"wp:attachment":[{"href":"https:\/\/www.upo.es\/diario\/wp-json\/wp\/v2\/media?parent=979598"}],"wp:term":[{"taxonomy":"category","embeddable":true,"href":"https:\/\/www.upo.es\/diario\/wp-json\/wp\/v2\/categories?post=979598"},{"taxonomy":"post_tag","embeddable":true,"href":"https:\/\/www.upo.es\/diario\/wp-json\/wp\/v2\/tags?post=979598"}],"curies":[{"name":"wp","href":"https:\/\/api.w.org\/{rel}","templated":true}]}}