{"id":9803765,"date":"2015-06-08T06:33:04","date_gmt":"2015-06-08T06:33:04","guid":{"rendered":"https:\/\/www.upo.es\/diario\/?p=9803765"},"modified":"2015-06-08T06:33:04","modified_gmt":"2015-06-08T06:33:04","slug":"ceremonia-de-egresados-de-la-tercera-promocion-del-grado-en-nutricion-humana-y-dietetica-de-la-upo","status":"publish","type":"post","link":"https:\/\/www.upo.es\/diario\/institucional\/2015\/06\/ceremonia-de-egresados-de-la-tercera-promocion-del-grado-en-nutricion-humana-y-dietetica-de-la-upo\/","title":{"rendered":"Ceremonia de egresados de la tercera promoci\u00f3n del grado en Nutrici\u00f3n Humana y Diet\u00e9tica de la UPO"},"content":{"rendered":"<figure id=\"attachment_9803766\" aria-describedby=\"caption-attachment-9803766\" style=\"width: 600px\" class=\"wp-caption aligncenter\"><a href=\"https:\/\/www.upo.es\/diario\/wp-content\/uploads\/2015\/06\/grupo.jpg\"><img loading=\"lazy\" decoding=\"async\" class=\"size-large wp-image-9803766\" alt=\"La tercera promoci\u00f3n del grado en Nutrici\u00f3n Humana y Diet\u00e9tica\" src=\"https:\/\/www.upo.es\/diario\/wp-content\/uploads\/2015\/06\/grupo-600x399.jpg\" width=\"600\" height=\"399\" srcset=\"https:\/\/www.upo.es\/diario\/wp-content\/uploads\/2015\/06\/grupo-600x399.jpg 600w, https:\/\/www.upo.es\/diario\/wp-content\/uploads\/2015\/06\/grupo-320x212.jpg 320w, https:\/\/www.upo.es\/diario\/wp-content\/uploads\/2015\/06\/grupo.jpg 768w\" sizes=\"auto, (max-width: 600px) 100vw, 600px\" \/><\/a><figcaption id=\"caption-attachment-9803766\" class=\"wp-caption-text\">La tercera promoci\u00f3n del grado en Nutrici\u00f3n Humana y Diet\u00e9tica<\/figcaption><\/figure>\n<p style=\"text-align: justify;\">La ceremonia de egresados de la tercera promoci\u00f3n (2011-2015) del grado en Nutrici\u00f3n Humana y Diet\u00e9tica se celebr\u00f3 el pasado viernes en la Universidad Pablo de Olavide, presidida por Antonio Gallardo Correa, decano de la Facultad de Ciencias Experimentales de la UPO.<\/p>\n<figure id=\"attachment_9803767\" aria-describedby=\"caption-attachment-9803767\" style=\"width: 320px\" class=\"wp-caption alignright\"><a href=\"https:\/\/www.upo.es\/diario\/wp-content\/uploads\/2015\/06\/madrina.jpg\"><img loading=\"lazy\" decoding=\"async\" class=\"size-medium wp-image-9803767\" alt=\"La madrina ha sido Mar\u00eda Jos\u00e9 P\u00e9rez Tenedor\" src=\"https:\/\/www.upo.es\/diario\/wp-content\/uploads\/2015\/06\/madrina-320x212.jpg\" width=\"320\" height=\"212\" srcset=\"https:\/\/www.upo.es\/diario\/wp-content\/uploads\/2015\/06\/madrina-320x212.jpg 320w, https:\/\/www.upo.es\/diario\/wp-content\/uploads\/2015\/06\/madrina-600x399.jpg 600w, https:\/\/www.upo.es\/diario\/wp-content\/uploads\/2015\/06\/madrina.jpg 768w\" sizes=\"auto, (max-width: 320px) 100vw, 320px\" \/><\/a><figcaption id=\"caption-attachment-9803767\" class=\"wp-caption-text\">La madrina ha sido Mar\u00eda Jos\u00e9 P\u00e9rez Tenedor<\/figcaption><\/figure>\n<p style=\"text-align: justify;\">La madrina de la promoci\u00f3n ha sido la nutricionista Mar\u00eda Jos\u00e9 P\u00e9rez Tenedor. A la ceremonia tambi\u00e9n han asistido Isabel Cerrillo Garc\u00eda, representante del claustro de profesores de la Facultad de Ciencias Experimentales; Eva Mar\u00eda Valero, profesora del departamento de Biolog\u00eda Molecular e Ingenier\u00eda Bioqu\u00edmica, y Enrique Ramos G\u00f3mez, secretario de la Facultad de Ciencias Experimentales. Las representantes de los estudiantes han sido Mar\u00eda Alcocer Ansorena y Mar\u00eda Delgado Garc\u00eda de Polavieja.<\/p>\n<p style=\"text-align: justify;\">Un total de 53 egresados han asistido junto a sus familiares a este acto con el que la Universidad Pablo de Olavide recupera una antigua tradici\u00f3n de las universidades europeas.<\/p>\n<p style=\"text-align: justify;\">\n","protected":false},"excerpt":{"rendered":"<p>La ceremonia de egresados de la tercera promoci\u00f3n (2011-2015) del grado en Nutrici\u00f3n Humana y Diet\u00e9tica se celebr\u00f3 el pasado viernes en la Universidad Pablo de Olavide, presidida por Antonio Gallardo Correa, decano de la Facultad de Ciencias Experimentales de la UPO. La madrina de la promoci\u00f3n ha sido la nutricionista Mar\u00eda Jos\u00e9 P\u00e9rez Tenedor.<\/p>\n","protected":false},"author":4,"featured_media":0,"comment_status":"closed","ping_status":"open","sticky":false,"template":"","format":"standard","meta":{"_monsterinsights_skip_tracking":false,"_monsterinsights_sitenote_active":false,"_monsterinsights_sitenote_note":"","_monsterinsights_sitenote_category":0,"footnotes":""},"categories":[6],"tags":[581,122,1456],"class_list":["post-9803765","post","type-post","status-publish","format-standard","hentry","category-institucional","tag-ceremonia-de-egresados","tag-facultad-ciencias-experimentales","tag-grado-en-nutricion-humana-y-dietetica"],"_links":{"self":[{"href":"https:\/\/www.upo.es\/diario\/wp-json\/wp\/v2\/posts\/9803765","targetHints":{"allow":["GET"]}}],"collection":[{"href":"https:\/\/www.upo.es\/diario\/wp-json\/wp\/v2\/posts"}],"about":[{"href":"https:\/\/www.upo.es\/diario\/wp-json\/wp\/v2\/types\/post"}],"author":[{"embeddable":true,"href":"https:\/\/www.upo.es\/diario\/wp-json\/wp\/v2\/users\/4"}],"replies":[{"embeddable":true,"href":"https:\/\/www.upo.es\/diario\/wp-json\/wp\/v2\/comments?post=9803765"}],"version-history":[{"count":1,"href":"https:\/\/www.upo.es\/diario\/wp-json\/wp\/v2\/posts\/9803765\/revisions"}],"predecessor-version":[{"id":9803768,"href":"https:\/\/www.upo.es\/diario\/wp-json\/wp\/v2\/posts\/9803765\/revisions\/9803768"}],"wp:attachment":[{"href":"https:\/\/www.upo.es\/diario\/wp-json\/wp\/v2\/media?parent=9803765"}],"wp:term":[{"taxonomy":"category","embeddable":true,"href":"https:\/\/www.upo.es\/diario\/wp-json\/wp\/v2\/categories?post=9803765"},{"taxonomy":"post_tag","embeddable":true,"href":"https:\/\/www.upo.es\/diario\/wp-json\/wp\/v2\/tags?post=9803765"}],"curies":[{"name":"wp","href":"https:\/\/api.w.org\/{rel}","templated":true}]}}