{"id":9818906,"date":"2015-06-10T13:00:11","date_gmt":"2015-06-10T13:00:11","guid":{"rendered":"https:\/\/www.upo.es\/diario\/?p=9818906"},"modified":"2015-06-10T13:01:31","modified_gmt":"2015-06-10T13:01:31","slug":"visita-de-los-estudiantes-de-primaria-del-ceip-andalucia-del-poligono-sur","status":"publish","type":"post","link":"https:\/\/www.upo.es\/diario\/institucional\/2015\/06\/visita-de-los-estudiantes-de-primaria-del-ceip-andalucia-del-poligono-sur\/","title":{"rendered":"Visita de los estudiantes de Primaria del CEIP Andaluc\u00eda del Pol\u00edgono Sur"},"content":{"rendered":"<div>\n<figure id=\"attachment_9818910\" aria-describedby=\"caption-attachment-9818910\" style=\"width: 600px\" class=\"wp-caption aligncenter\"><a href=\"https:\/\/www.upo.es\/diario\/wp-content\/uploads\/2015\/06\/visita_CEIPAndalucia.jpg\"><img loading=\"lazy\" decoding=\"async\" class=\"size-large wp-image-9818910\" alt=\"Los escolares han conocido las instalaciones de la UPO y han participado en actividades de car\u00e1cter l\u00fadico y deportivo.\" src=\"https:\/\/www.upo.es\/diario\/wp-content\/uploads\/2015\/06\/visita_CEIPAndalucia-600x400.jpg\" width=\"600\" height=\"400\" srcset=\"https:\/\/www.upo.es\/diario\/wp-content\/uploads\/2015\/06\/visita_CEIPAndalucia-600x400.jpg 600w, https:\/\/www.upo.es\/diario\/wp-content\/uploads\/2015\/06\/visita_CEIPAndalucia-320x213.jpg 320w\" sizes=\"auto, (max-width: 600px) 100vw, 600px\" \/><\/a><figcaption id=\"caption-attachment-9818910\" class=\"wp-caption-text\">Los escolares han conocido las instalaciones de la UPO y han participado en actividades de car\u00e1cter l\u00fadico y deportivo.<\/figcaption><\/figure>\n<p>La Universidad Pablo de Olavide ha recibido hoy mi\u00e9rcoles a m\u00e1s de treinta estudiantes de 5\u00ba y 6\u00ba curso del <b>Colegio de Educaci\u00f3n Infantil y Primaria Andaluc\u00eda<\/b> del Pol\u00edgono Sur, quienes han colaborado a lo largo de este curso acad\u00e9mico en dos proyectos de innovaci\u00f3n docente del <strong>Grado de Educaci\u00f3n Social<\/strong> de esta universidad basados en la <strong>metodolog\u00eda Aprendizaje \u2013 Servicio<\/strong>.<\/p>\n<p>Esta metodolog\u00eda, que integra el servicio a la comunidad con el aprendizaje de contenidos, habilidades y valores, ha sido empleada en varias asignaturas del primer curso de este grado, en el que los estudiantes de la UPO han adquirido contenidos curriculares a trav\u00e9s de la pr\u00e1ctica, concretamente a trav\u00e9s de un servicio comunitario que en este caso ha consistido en colaborar activamente con las clases interactivas del CEIP Andaluc\u00eda.<\/p>\n<figure id=\"attachment_9818911\" aria-describedby=\"caption-attachment-9818911\" style=\"width: 320px\" class=\"wp-caption alignright\"><a href=\"https:\/\/www.upo.es\/diario\/wp-content\/uploads\/2015\/06\/visita_CEIPAndalucia1.jpg\"><img loading=\"lazy\" decoding=\"async\" class=\"size-medium wp-image-9818911\" alt=\"Los escolares han sido recibidos esta ma\u00f1ana por Elodia Hern\u00e1ndez Le\u00f3n, vicerrectora de Estudiantes, Cultura y Compromiso Social de la UPO, y por Mariano Reyes Tejedor, director general de Formaci\u00f3n e Innovaci\u00f3n Docente de esta universidad.\" src=\"https:\/\/www.upo.es\/diario\/wp-content\/uploads\/2015\/06\/visita_CEIPAndalucia1-320x213.jpg\" width=\"320\" height=\"213\" srcset=\"https:\/\/www.upo.es\/diario\/wp-content\/uploads\/2015\/06\/visita_CEIPAndalucia1-320x213.jpg 320w, https:\/\/www.upo.es\/diario\/wp-content\/uploads\/2015\/06\/visita_CEIPAndalucia1-600x400.jpg 600w\" sizes=\"auto, (max-width: 320px) 100vw, 320px\" \/><\/a><figcaption id=\"caption-attachment-9818911\" class=\"wp-caption-text\">Los escolares han sido recibidos \u00a0por Elodia Hern\u00e1ndez Le\u00f3n y por Mariano Reyes Tejedor.<\/figcaption><\/figure>\n<p>El Colegio de Educaci\u00f3n Infantil y Primaria Andaluc\u00eda es un colegio ubicado en la zona con mayor necesidad de transformaci\u00f3n social del Pol\u00edgono Sur. Est\u00e1 constituido como <strong>Comunidad de Aprendizaje<\/strong>, proyecto de transformaci\u00f3n social y cultural de un centro educativo y de su entorno encaminado a la mejora de los resultados escolares y de la convivencia y a lograr el \u00e9xito educativo de todo su alumnado.<\/p>\n<p>Los <strong>proyectos de innovaci\u00f3n docente<\/strong> de la UPO \u201cLa realidad social como base para la docencia: una experiencia compartida de Aprendizaje-Servicio\u201d y \u201cUna experiencia de ense\u00f1anza a trav\u00e9s de la Metodolog\u00eda de Triangulaci\u00f3n en la Docencia (MTD) como apoyo al seguimiento de la Experiencia de Aprendizaje Servicio\u201d se han \u00a0desarrollado en el primer curso del Grado de Educaci\u00f3n Social y han estado vinculados a las asignaturas de \u201cBases del Funcionamiento Psicol\u00f3gico Humano\u201d, \u201cDid\u00e1ctica en Educaci\u00f3n Social\u201d y \u201cFundamentos de la Antropolog\u00eda Social\u201d, coordinados por las profesoras Virginia Mart\u00ednez Lozano y Rosa Mar\u00eda Rodr\u00edguez Izquierdo.<\/p>\n<p>Los escolares han sido recibidos esta ma\u00f1ana por Elodia Hern\u00e1ndez Le\u00f3n, vicerrectora de Estudiantes, Cultura y Compromiso Social de la UPO, y por Mariano Reyes Tejedor, director general de Formaci\u00f3n e Innovaci\u00f3n Docente de esta universidad. Tras el recibimiento, los estudiantes del primer curso del Grado de Educaci\u00f3n Social de la UPO han mostrado a los ni\u00f1os algunos de los v\u00eddeos que han creado a partir de esta experiencia de innovaci\u00f3n, v\u00eddeos en los cuales estos ni\u00f1os y su colegio son los protagonistas. Despu\u00e9s han conocido las instalaciones de la universidad y han participado en actividades de car\u00e1cter l\u00fadico y deportivo.<\/p>\n<p>La visita ha sido promovida por la Direcci\u00f3n General de Formaci\u00f3n e Innovaci\u00f3n Docente con la colaboraci\u00f3n del Vicerrectorado de Estudiantes, Cultura y Compromiso Social y el Servicio de Deportes de la UPO.<\/p>\n<\/div>\n<div><\/div>\n","protected":false},"excerpt":{"rendered":"<p>La Universidad Pablo de Olavide ha recibido hoy mi\u00e9rcoles a m\u00e1s de treinta estudiantes de 5\u00ba y 6\u00ba curso del Colegio de Educaci\u00f3n Infantil y Primaria Andaluc\u00eda del Pol\u00edgono Sur, quienes han colaborado a lo largo de este curso acad\u00e9mico en dos proyectos de innovaci\u00f3n docente del Grado de Educaci\u00f3n Social de esta universidad basados en la metodolog\u00eda Aprendizaje \u2013 Servicio.<\/p>\n","protected":false},"author":2,"featured_media":0,"comment_status":"closed","ping_status":"open","sticky":false,"template":"","format":"standard","meta":{"_monsterinsights_skip_tracking":false,"_monsterinsights_sitenote_active":false,"_monsterinsights_sitenote_note":"","_monsterinsights_sitenote_category":0,"footnotes":""},"categories":[6],"tags":[115,2427,2429,628,2028,2428,357],"class_list":["post-9818906","post","type-post","status-publish","format-standard","hentry","category-institucional","tag-aprendizaje","tag-colegio","tag-didactica","tag-educacion-social","tag-i-seminario-iberoamericano-de-innovacion-docente","tag-metodologia-aprendizaje-servicio","tag-poligono-sur"],"_links":{"self":[{"href":"https:\/\/www.upo.es\/diario\/wp-json\/wp\/v2\/posts\/9818906","targetHints":{"allow":["GET"]}}],"collection":[{"href":"https:\/\/www.upo.es\/diario\/wp-json\/wp\/v2\/posts"}],"about":[{"href":"https:\/\/www.upo.es\/diario\/wp-json\/wp\/v2\/types\/post"}],"author":[{"embeddable":true,"href":"https:\/\/www.upo.es\/diario\/wp-json\/wp\/v2\/users\/2"}],"replies":[{"embeddable":true,"href":"https:\/\/www.upo.es\/diario\/wp-json\/wp\/v2\/comments?post=9818906"}],"version-history":[{"count":3,"href":"https:\/\/www.upo.es\/diario\/wp-json\/wp\/v2\/posts\/9818906\/revisions"}],"predecessor-version":[{"id":9818913,"href":"https:\/\/www.upo.es\/diario\/wp-json\/wp\/v2\/posts\/9818906\/revisions\/9818913"}],"wp:attachment":[{"href":"https:\/\/www.upo.es\/diario\/wp-json\/wp\/v2\/media?parent=9818906"}],"wp:term":[{"taxonomy":"category","embeddable":true,"href":"https:\/\/www.upo.es\/diario\/wp-json\/wp\/v2\/categories?post=9818906"},{"taxonomy":"post_tag","embeddable":true,"href":"https:\/\/www.upo.es\/diario\/wp-json\/wp\/v2\/tags?post=9818906"}],"curies":[{"name":"wp","href":"https:\/\/api.w.org\/{rel}","templated":true}]}}