{"id":9818920,"date":"2015-06-11T05:10:21","date_gmt":"2015-06-11T05:10:21","guid":{"rendered":"https:\/\/www.upo.es\/diario\/?p=9818920"},"modified":"2015-06-11T05:59:53","modified_gmt":"2015-06-11T05:59:53","slug":"la-sede-olavide-en-carmona-acoge-manana-la-presentacion-del-libro-sucesion-de-lunas-del-poeta-jesus-cardenas","status":"publish","type":"post","link":"https:\/\/www.upo.es\/diario\/cultura\/2015\/06\/la-sede-olavide-en-carmona-acoge-manana-la-presentacion-del-libro-sucesion-de-lunas-del-poeta-jesus-cardenas\/","title":{"rendered":"La sede Olavide en Carmona acoge hoy la presentaci\u00f3n del libro \u201cSucesi\u00f3n de lunas\u201d, del poeta Jes\u00fas C\u00e1rdenas"},"content":{"rendered":"<p><img loading=\"lazy\" decoding=\"async\" class=\"alignright size-medium wp-image-9818921\" alt=\"LUNAS_portada-1\" src=\"https:\/\/www.upo.es\/diario\/wp-content\/uploads\/2015\/06\/LUNAS_portada-1-197x320.jpg\" width=\"197\" height=\"320\" srcset=\"https:\/\/www.upo.es\/diario\/wp-content\/uploads\/2015\/06\/LUNAS_portada-1-197x320.jpg 197w, https:\/\/www.upo.es\/diario\/wp-content\/uploads\/2015\/06\/LUNAS_portada-1-371x600.jpg 371w\" sizes=\"auto, (max-width: 197px) 100vw, 197px\" \/>La sede de la Universidad Pablo de Olavide en Carmona (Casa palacio de los Briones. C\/ Ram\u00f3n y Cajal, 15) acoger\u00e1 hoy a las 21 horas el acto de presentaci\u00f3n del libro \u201cSucesi\u00f3n de lunas\u201d, del poeta Jes\u00fas C\u00e1rdenas y publicado por la editorial Anantes.<\/p>\n<p>Dicho acto contar\u00e1 con la presencia del fil\u00f3sofo Tom\u00e1s Valladolid; del editor de Anantes Ismael Rojas; del concejal de Cultura y Patrimonio Hist\u00f3rico del Ayuntamiento de Carmona, Ram\u00f3n Gavira, adem\u00e1s del autor de la obra.<\/p>\n<p>Esta presentaci\u00f3n se enmarca en las actividades del Verano Cultural 2015, organizado por la Universidad Pablo de Olavide en Carmona y el Ayuntamiento de la ciudad.<\/p>\n<p><b>Jes\u00fas C\u00e1rdenas<\/b> (Alcal\u00e1 de Guada\u00edra, 1973) es licenciado en Filolog\u00eda Hisp\u00e1nica por la Universidad de Sevilla y ejerce como profesor de Ense\u00f1anza Secundaria en el IES San Fernando de Constantina (Sevilla).<\/p>\n<p>Es autor de las siguientes obras: \u201cAlgunos arraigos me vienen\u201d (2005), \u201cLa luz de entre los cipreses\u201d (2012), \u201cMudanzas de lo azul\u201d (2013) y \u201cDespu\u00e9s de la m\u00fasica\u201d (2014).<\/p>\n<p>Su labor creativa ha sido reconocida, entre otros, con el Premio del XVI Certamen de Poes\u00eda Jos\u00e9 M\u00aa De Los Santos por \u201cAlgunos arraigos me vienen\u201d; con el Premio del Concurso Internacional de Poes\u00eda LatinHeritageFoundation (EEUU) por el poema \u201cD\u00edas grises\u201d; con el acc\u00e9sit de \u00e1mbito local del V Certamen de Poes\u00eda Joven Florencio Quintero por \u201cLaberintos sin cielo\u201d y con el Primer Premio de Poes\u00eda Juan Sierra en 2013 por \u201cRa\u00edces de ser\u201d.<\/p>\n<p>Como conocedor de la praxis po\u00e9tica, imparte el \u201cTaller de escritura po\u00e9tica: creatividad y t\u00e9cnicas de escritura. Creaci\u00f3n de la voz po\u00e9tica. Herramientas para escritores\u201d dentro de los cursos de verano en la sede en Carmona de la Universidad Pablo de Olavide (27-29 de julio de 2015).<\/p>\n<p><b>Sobre la obra:<\/b> seg\u00fan la editorial Anantes, \u201cSucesi\u00f3n de lunas\u201d es un libro de poes\u00eda amorosa que se aleja de lo superficial para ahondar en la trastienda de una realidad siempre cambiante. La noche, encarnada en la luna, es un momento propicio para el recuerdo, la soledad o el encuentro, y sirve de hilo conductor en este poema-libro para mostrar las m\u00faltiples facetas de un amor en continua evoluci\u00f3n.<\/p>\n<p>Jes\u00fas C\u00e1rdenas demuestra la variedad de registros que comprende su poes\u00eda mediante la combinaci\u00f3n del verso corto y musical y el poema en prosa. La luz, el viento, la tormenta, las ventanas, el fuego, la lluvia y los espejos se convierten en protagonistas de una obra con un marcado barroquismo que supone un vuelco en su obra y evidencia la madurez alcanzada por su voz po\u00e9tica.<\/p>\n<p>La entrada es libre hasta completar aforo.<\/p>\n","protected":false},"excerpt":{"rendered":"<p>La sede de la Universidad Pablo de Olavide en Carmona acoger\u00e1 hoy a las 21 horas el acto de presentaci\u00f3n del libro \u201cSucesi\u00f3n de lunas\u201d, del poeta Jes\u00fas C\u00e1rdenas y publicado por la editorial Anantes.<\/p>\n","protected":false},"author":6,"featured_media":0,"comment_status":"closed","ping_status":"open","sticky":false,"template":"","format":"standard","meta":{"_monsterinsights_skip_tracking":false,"_monsterinsights_sitenote_active":false,"_monsterinsights_sitenote_note":"","_monsterinsights_sitenote_category":0,"footnotes":""},"categories":[7],"tags":[23,401,519,1739,334],"class_list":["post-9818920","post","type-post","status-publish","format-standard","hentry","category-cultura","tag-carmona","tag-literatura","tag-olavide-en-carmona","tag-poesia","tag-presentacion"],"_links":{"self":[{"href":"https:\/\/www.upo.es\/diario\/wp-json\/wp\/v2\/posts\/9818920","targetHints":{"allow":["GET"]}}],"collection":[{"href":"https:\/\/www.upo.es\/diario\/wp-json\/wp\/v2\/posts"}],"about":[{"href":"https:\/\/www.upo.es\/diario\/wp-json\/wp\/v2\/types\/post"}],"author":[{"embeddable":true,"href":"https:\/\/www.upo.es\/diario\/wp-json\/wp\/v2\/users\/6"}],"replies":[{"embeddable":true,"href":"https:\/\/www.upo.es\/diario\/wp-json\/wp\/v2\/comments?post=9818920"}],"version-history":[{"count":4,"href":"https:\/\/www.upo.es\/diario\/wp-json\/wp\/v2\/posts\/9818920\/revisions"}],"predecessor-version":[{"id":9823663,"href":"https:\/\/www.upo.es\/diario\/wp-json\/wp\/v2\/posts\/9818920\/revisions\/9823663"}],"wp:attachment":[{"href":"https:\/\/www.upo.es\/diario\/wp-json\/wp\/v2\/media?parent=9818920"}],"wp:term":[{"taxonomy":"category","embeddable":true,"href":"https:\/\/www.upo.es\/diario\/wp-json\/wp\/v2\/categories?post=9818920"},{"taxonomy":"post_tag","embeddable":true,"href":"https:\/\/www.upo.es\/diario\/wp-json\/wp\/v2\/tags?post=9818920"}],"curies":[{"name":"wp","href":"https:\/\/api.w.org\/{rel}","templated":true}]}}