{"id":9823664,"date":"2015-06-11T05:27:33","date_gmt":"2015-06-11T03:27:33","guid":{"rendered":"https:\/\/www.upo.es\/diario\/?p=9823664"},"modified":"2020-10-27T16:53:45","modified_gmt":"2020-10-27T15:53:45","slug":"encuentro-consul-cuba-andalucia-upo-vicerrectora-internacionalizacion","status":"publish","type":"post","link":"https:\/\/www.upo.es\/diario\/institucional\/2015\/06\/encuentro-consul-cuba-andalucia-upo-vicerrectora-internacionalizacion\/","title":{"rendered":"Encuentro entre el c\u00f3nsul de Cuba en Andaluc\u00eda y la vicerrectora de Internacionalizaci\u00f3n de la UPO"},"content":{"rendered":"<figure id=\"attachment_9823665\" aria-describedby=\"caption-attachment-9823665\" style=\"width: 600px\" class=\"wp-caption aligncenter\"><a href=\"https:\/\/www.upo.es\/diario\/wp-content\/uploads\/2015\/06\/visi_consulcuba.jpg\"><img loading=\"lazy\" decoding=\"async\" class=\"size-large wp-image-9823665\" alt=\"De izquierda a derecha, Francisco Manuel Silva, Ulises Arranz Fern\u00e1ndez y Pilar Rodr\u00edguez Reina.\" src=\"https:\/\/www.upo.es\/diario\/wp-content\/uploads\/2015\/06\/visi_consulcuba-600x336.jpg\" width=\"600\" height=\"336\" srcset=\"https:\/\/www.upo.es\/diario\/wp-content\/uploads\/2015\/06\/visi_consulcuba-600x336.jpg 600w, https:\/\/www.upo.es\/diario\/wp-content\/uploads\/2015\/06\/visi_consulcuba-320x179.jpg 320w\" sizes=\"auto, (max-width: 600px) 100vw, 600px\" \/><\/a><figcaption id=\"caption-attachment-9823665\" class=\"wp-caption-text\">De izquierda a derecha, Francisco Manuel Silva, Ulises Arranz Fern\u00e1ndez y Pilar Rodr\u00edguez Reina.<\/figcaption><\/figure>\n<p>La Universidad Pablo de Olavide ha acogido el encuentro entre el c\u00f3nsul general de Cuba para Andaluc\u00eda, Extremadura, Ceuta y Melilla, Ulises Arranz Fern\u00e1ndez, y la vicerrectora de Internacionalizaci\u00f3n y Comunicaci\u00f3n de la UPO, Pilar Rodr\u00edguez Reina.<\/p>\n<p>En este encuentro institucional, en el que la vicerrectora de la UPO y el c\u00f3nsul de Cuba han estado acompa\u00f1ados por Francisco Manuel Silva, profesor del Departamento de Derecho p\u00fablico de la UPO, ambos representantes institucionales han abordado el desarrollo de acciones conjuntas en materia de formaci\u00f3n y de investigaci\u00f3n y el estrechamiento de los v\u00ednculos acad\u00e9micos entre las universidades e instituciones cubanas y la Universidad Pablo de Olavide de Sevilla.<\/p>\n<p align=\"center\"><b>\u00a0<\/b><\/p>\n","protected":false},"excerpt":{"rendered":"<p>La Universidad Pablo de Olavide ha acogido el encuentro entre el c\u00f3nsul general de Cuba para Andaluc\u00eda, Extremadura, Ceuta y Melilla, Ulises Arranz Fern\u00e1ndez, y la vicerrectora de Internacionalizaci\u00f3n y Comunicaci\u00f3n de la UPO, Pilar Rodr\u00edguez Reina.<\/p>\n","protected":false},"author":2,"featured_media":0,"comment_status":"closed","ping_status":"open","sticky":false,"template":"","format":"standard","meta":{"_monsterinsights_skip_tracking":false,"_monsterinsights_sitenote_active":false,"_monsterinsights_sitenote_note":"","_monsterinsights_sitenote_category":0,"footnotes":""},"categories":[6],"tags":[],"class_list":["post-9823664","post","type-post","status-publish","format-standard","hentry","category-institucional"],"_links":{"self":[{"href":"https:\/\/www.upo.es\/diario\/wp-json\/wp\/v2\/posts\/9823664","targetHints":{"allow":["GET"]}}],"collection":[{"href":"https:\/\/www.upo.es\/diario\/wp-json\/wp\/v2\/posts"}],"about":[{"href":"https:\/\/www.upo.es\/diario\/wp-json\/wp\/v2\/types\/post"}],"author":[{"embeddable":true,"href":"https:\/\/www.upo.es\/diario\/wp-json\/wp\/v2\/users\/2"}],"replies":[{"embeddable":true,"href":"https:\/\/www.upo.es\/diario\/wp-json\/wp\/v2\/comments?post=9823664"}],"version-history":[{"count":6,"href":"https:\/\/www.upo.es\/diario\/wp-json\/wp\/v2\/posts\/9823664\/revisions"}],"predecessor-version":[{"id":9823671,"href":"https:\/\/www.upo.es\/diario\/wp-json\/wp\/v2\/posts\/9823664\/revisions\/9823671"}],"wp:attachment":[{"href":"https:\/\/www.upo.es\/diario\/wp-json\/wp\/v2\/media?parent=9823664"}],"wp:term":[{"taxonomy":"category","embeddable":true,"href":"https:\/\/www.upo.es\/diario\/wp-json\/wp\/v2\/categories?post=9823664"},{"taxonomy":"post_tag","embeddable":true,"href":"https:\/\/www.upo.es\/diario\/wp-json\/wp\/v2\/tags?post=9823664"}],"curies":[{"name":"wp","href":"https:\/\/api.w.org\/{rel}","templated":true}]}}