{"id":9825076,"date":"2015-06-11T06:26:44","date_gmt":"2015-06-11T06:26:44","guid":{"rendered":"https:\/\/www.upo.es\/diario\/?p=9825076"},"modified":"2015-06-11T11:37:45","modified_gmt":"2015-06-11T11:37:45","slug":"encuentro-en-la-upo-del-foro-de-investigacion-sobre-el-mundo-arabe-y-musulman","status":"publish","type":"post","link":"https:\/\/www.upo.es\/diario\/institucional\/2015\/06\/encuentro-en-la-upo-del-foro-de-investigacion-sobre-el-mundo-arabe-y-musulman\/","title":{"rendered":"Encuentro en la UPO del Foro de Investigaci\u00f3n sobre el Mundo \u00c1rabe y Musulm\u00e1n"},"content":{"rendered":"<figure id=\"attachment_9825077\" aria-describedby=\"caption-attachment-9825077\" style=\"width: 600px\" class=\"wp-caption aligncenter\"><a href=\"https:\/\/www.upo.es\/diario\/wp-content\/uploads\/2015\/06\/Foro_FIMAM_16.jpg\"><img loading=\"lazy\" decoding=\"async\" class=\"size-large wp-image-9825077\" alt=\"Luc\u00eda Ferreiro (UAM), en la mesa a la izquierda, ha hablado sobre la igualdad de g\u00e9nero en t\u00fanez\" src=\"https:\/\/www.upo.es\/diario\/wp-content\/uploads\/2015\/06\/Foro_FIMAM_16-600x400.jpg\" width=\"600\" height=\"400\" srcset=\"https:\/\/www.upo.es\/diario\/wp-content\/uploads\/2015\/06\/Foro_FIMAM_16-600x400.jpg 600w, https:\/\/www.upo.es\/diario\/wp-content\/uploads\/2015\/06\/Foro_FIMAM_16-320x213.jpg 320w\" sizes=\"auto, (max-width: 600px) 100vw, 600px\" \/><\/a><figcaption id=\"caption-attachment-9825077\" class=\"wp-caption-text\">Luc\u00eda Ferreiro (UAM), en la mesa a la izquierda, ha hablado sobre la igualdad de g\u00e9nero en T\u00fanez<\/figcaption><\/figure>\n<p>Esta ma\u00f1ana ha dado comienzo en la Universidad Pablo de Olavide, de Sevilla, el <strong>XVIII Encuentro del Foro de Investigaci\u00f3n sobre el Mundo \u00c1rabe y Musulm\u00e1n (FIMAM)<\/strong> que <strong>re\u00fane en la UPO hasta ma\u00f1ana viernes a expertos universitarios para abordar las realidades sociales, culturales, econ\u00f3micas y pol\u00edticas de las sociedades y pa\u00edses \u00e1rabo-musulmanes<\/strong>.<\/p>\n<p>El <a href=\"http:\/\/fimam.hol.es\/\">FIMAM<\/a> es una iniciativa de cooperaci\u00f3n cient\u00edfica e informaci\u00f3n tem\u00e1tica en torno al mundo \u00e1rabe y musulm\u00e1n que naci\u00f3 en abril de 1995 de un grupo de investigadores universitarios del Estado espa\u00f1ol, con el fin de crear un punto de debate y discusi\u00f3n entre especialistas de diferentes \u00e1mbitos y disciplinas en torno al mundo \u00e1rabe y musulm\u00e1n. Mantiene reuniones anuales desde su primer encuentro en Castell\u00f3n en 1995.<\/p>\n<p>Actualmente, el Foro agrupa a una importante muestra del panorama investigador espa\u00f1ol en torno al mundo \u00e1rabe y musulm\u00e1n, con n\u00facleos de trabajo en Andaluc\u00eda, Catalu\u00f1a, Comunidad Valenciana y Madrid.<\/p>\n<p>&nbsp;<\/p>\n","protected":false},"excerpt":{"rendered":"<p>Esta ma\u00f1ana ha dado comienzo en la Universidad Pablo de Olavide, de Sevilla, el XVIII Encuentro del Foro de Investigaci\u00f3n sobre el Mundo \u00c1rabe y Musulm\u00e1n (FIMAM) que re\u00fane en la UPO hasta ma\u00f1ana viernes a expertos universitarios para abordar las realidades sociales, culturales, econ\u00f3micas y pol\u00edticas de las sociedades y pa\u00edses \u00e1rabo-musulmanes.<\/p>\n","protected":false},"author":6,"featured_media":0,"comment_status":"closed","ping_status":"open","sticky":false,"template":"","format":"standard","meta":{"_monsterinsights_skip_tracking":false,"_monsterinsights_sitenote_active":false,"_monsterinsights_sitenote_note":"","_monsterinsights_sitenote_category":0,"footnotes":""},"categories":[6],"tags":[924,1436,734,2425],"class_list":["post-9825076","post","type-post","status-publish","format-standard","hentry","category-institucional","tag-arabe","tag-foro","tag-investigadores","tag-islam"],"_links":{"self":[{"href":"https:\/\/www.upo.es\/diario\/wp-json\/wp\/v2\/posts\/9825076","targetHints":{"allow":["GET"]}}],"collection":[{"href":"https:\/\/www.upo.es\/diario\/wp-json\/wp\/v2\/posts"}],"about":[{"href":"https:\/\/www.upo.es\/diario\/wp-json\/wp\/v2\/types\/post"}],"author":[{"embeddable":true,"href":"https:\/\/www.upo.es\/diario\/wp-json\/wp\/v2\/users\/6"}],"replies":[{"embeddable":true,"href":"https:\/\/www.upo.es\/diario\/wp-json\/wp\/v2\/comments?post=9825076"}],"version-history":[{"count":4,"href":"https:\/\/www.upo.es\/diario\/wp-json\/wp\/v2\/posts\/9825076\/revisions"}],"predecessor-version":[{"id":9825086,"href":"https:\/\/www.upo.es\/diario\/wp-json\/wp\/v2\/posts\/9825076\/revisions\/9825086"}],"wp:attachment":[{"href":"https:\/\/www.upo.es\/diario\/wp-json\/wp\/v2\/media?parent=9825076"}],"wp:term":[{"taxonomy":"category","embeddable":true,"href":"https:\/\/www.upo.es\/diario\/wp-json\/wp\/v2\/categories?post=9825076"},{"taxonomy":"post_tag","embeddable":true,"href":"https:\/\/www.upo.es\/diario\/wp-json\/wp\/v2\/tags?post=9825076"}],"curies":[{"name":"wp","href":"https:\/\/api.w.org\/{rel}","templated":true}]}}