{"id":9830686,"date":"2015-06-12T07:09:47","date_gmt":"2015-06-12T07:09:47","guid":{"rendered":"https:\/\/www.upo.es\/diario\/?p=9830686"},"modified":"2015-06-12T07:10:21","modified_gmt":"2015-06-12T07:10:21","slug":"ceremonia-egresados-tercera-promocion-biotecnologia-upo","status":"publish","type":"post","link":"https:\/\/www.upo.es\/diario\/institucional\/2015\/06\/ceremonia-egresados-tercera-promocion-biotecnologia-upo\/","title":{"rendered":"Ceremonia de egresados de la tercera promoci\u00f3n del grado en Biotecnolog\u00eda de la UPO"},"content":{"rendered":"<figure id=\"attachment_9830687\" aria-describedby=\"caption-attachment-9830687\" style=\"width: 600px\" class=\"wp-caption aligncenter\"><a href=\"https:\/\/www.upo.es\/diario\/wp-content\/uploads\/2015\/06\/grupo1.jpg\"><img loading=\"lazy\" decoding=\"async\" class=\"size-large wp-image-9830687\" alt=\"Tercera promoci\u00f3n del grado en Biotecnolog\u00eda\" src=\"https:\/\/www.upo.es\/diario\/wp-content\/uploads\/2015\/06\/grupo1-600x399.jpg\" width=\"600\" height=\"399\" srcset=\"https:\/\/www.upo.es\/diario\/wp-content\/uploads\/2015\/06\/grupo1-600x399.jpg 600w, https:\/\/www.upo.es\/diario\/wp-content\/uploads\/2015\/06\/grupo1-320x213.jpg 320w, https:\/\/www.upo.es\/diario\/wp-content\/uploads\/2015\/06\/grupo1.jpg 800w\" sizes=\"auto, (max-width: 600px) 100vw, 600px\" \/><\/a><figcaption id=\"caption-attachment-9830687\" class=\"wp-caption-text\">Tercera promoci\u00f3n del grado en Biotecnolog\u00eda<\/figcaption><\/figure>\n<p style=\"text-align: justify;\">La <strong>ceremonia de egresados<\/strong> de la tercera promoci\u00f3n (2011\/2015) del <strong>grado en Biotecnolog\u00eda<\/strong> se celebr\u00f3 ayer jueves en la <strong>Universidad Pablo de Olavide<\/strong>, presidida por el decano de la Facultad de Ciencias Experimentales, Antonio Gallardo Correa.<\/p>\n<figure id=\"attachment_9830688\" aria-describedby=\"caption-attachment-9830688\" style=\"width: 320px\" class=\"wp-caption alignright\"><a href=\"https:\/\/www.upo.es\/diario\/wp-content\/uploads\/2015\/06\/padrino.jpg\"><img loading=\"lazy\" decoding=\"async\" class=\"size-medium wp-image-9830688\" alt=\"El padrino ha sido Felipe Cort\u00e9s, investigador del CABIMER\" src=\"https:\/\/www.upo.es\/diario\/wp-content\/uploads\/2015\/06\/padrino-320x213.jpg\" width=\"320\" height=\"213\" srcset=\"https:\/\/www.upo.es\/diario\/wp-content\/uploads\/2015\/06\/padrino-320x213.jpg 320w, https:\/\/www.upo.es\/diario\/wp-content\/uploads\/2015\/06\/padrino-600x399.jpg 600w, https:\/\/www.upo.es\/diario\/wp-content\/uploads\/2015\/06\/padrino.jpg 800w\" sizes=\"auto, (max-width: 320px) 100vw, 320px\" \/><\/a><figcaption id=\"caption-attachment-9830688\" class=\"wp-caption-text\">El padrino ha sido Felipe Cort\u00e9s, investigador del CABIMER<\/figcaption><\/figure>\n<p style=\"text-align: justify;\">El padrino de la promoci\u00f3n ha sido Felipe Cort\u00e9s Ledesma, investigador del Centro Andaluz de Biolog\u00eda Molecular y Medicina Regenerativa (<strong>CABIMER<\/strong>). A la ceremonia han asistido tambi\u00e9n el vicedecano de Relaciones Internacionales y Movilidad, Jes\u00fas Rexach Benavides; la directora acad\u00e9mica del grado en Biotecnolog\u00eda, Mar\u00eda de la Menta Ballesteros Mart\u00edn, y el secretario de la Facultad de Ciencias Experimentales, Enrique Ramos G\u00f3mez. Los representantes de los estudiantes han sido Laura Serrano Ron y Rafael \u00cd\u00f1igo Ja\u00e9n.<\/p>\n<p style=\"text-align: justify;\">Un total de 53 egresados han asistido junto a sus familiares a este acto con el que la Universidad Pablo de Olavide recupera una antigua tradici\u00f3n de las universidades europeas.<\/p>\n","protected":false},"excerpt":{"rendered":"<p>La ceremonia de egresados de la tercera promoci\u00f3n (2011\/2015) del grado en Biotecnolog\u00eda se celebr\u00f3 ayer jueves en la Universidad Pablo de Olavide, presidida por el decano de la Facultad de Ciencias Experimentales, Antonio Gallardo Correa.<br \/>\nEl padrino de la promoci\u00f3n ha sido Felipe Cort\u00e9s Ledesma, investigador del Centro Andaluz de Biolog\u00eda Molecular y Medicina Regenerativa (CABIMER).<\/p>\n","protected":false},"author":4,"featured_media":0,"comment_status":"closed","ping_status":"open","sticky":false,"template":"","format":"standard","meta":{"_monsterinsights_skip_tracking":false,"_monsterinsights_sitenote_active":false,"_monsterinsights_sitenote_note":"","_monsterinsights_sitenote_category":0,"footnotes":""},"categories":[6],"tags":[121,581,122],"class_list":["post-9830686","post","type-post","status-publish","format-standard","hentry","category-institucional","tag-biotecnologia","tag-ceremonia-de-egresados","tag-facultad-ciencias-experimentales"],"_links":{"self":[{"href":"https:\/\/www.upo.es\/diario\/wp-json\/wp\/v2\/posts\/9830686","targetHints":{"allow":["GET"]}}],"collection":[{"href":"https:\/\/www.upo.es\/diario\/wp-json\/wp\/v2\/posts"}],"about":[{"href":"https:\/\/www.upo.es\/diario\/wp-json\/wp\/v2\/types\/post"}],"author":[{"embeddable":true,"href":"https:\/\/www.upo.es\/diario\/wp-json\/wp\/v2\/users\/4"}],"replies":[{"embeddable":true,"href":"https:\/\/www.upo.es\/diario\/wp-json\/wp\/v2\/comments?post=9830686"}],"version-history":[{"count":2,"href":"https:\/\/www.upo.es\/diario\/wp-json\/wp\/v2\/posts\/9830686\/revisions"}],"predecessor-version":[{"id":9830690,"href":"https:\/\/www.upo.es\/diario\/wp-json\/wp\/v2\/posts\/9830686\/revisions\/9830690"}],"wp:attachment":[{"href":"https:\/\/www.upo.es\/diario\/wp-json\/wp\/v2\/media?parent=9830686"}],"wp:term":[{"taxonomy":"category","embeddable":true,"href":"https:\/\/www.upo.es\/diario\/wp-json\/wp\/v2\/categories?post=9830686"},{"taxonomy":"post_tag","embeddable":true,"href":"https:\/\/www.upo.es\/diario\/wp-json\/wp\/v2\/tags?post=9830686"}],"curies":[{"name":"wp","href":"https:\/\/api.w.org\/{rel}","templated":true}]}}