{"id":9831831,"date":"2015-06-12T01:14:35","date_gmt":"2015-06-12T01:14:35","guid":{"rendered":"https:\/\/www.upo.es\/diario\/?p=9831831"},"modified":"2015-06-15T06:13:48","modified_gmt":"2015-06-15T06:13:48","slug":"concierto-coro-upo-canticum-novum-granada-iglesia-san-juan-palma","status":"publish","type":"post","link":"https:\/\/www.upo.es\/diario\/cultura\/2015\/06\/concierto-coro-upo-canticum-novum-granada-iglesia-san-juan-palma\/","title":{"rendered":"El domingo, concierto del Coro de la UPO y de Canticum Novum de Granada en la Iglesia de San Juan de la Palma"},"content":{"rendered":"<p><a href=\"https:\/\/www.upo.es\/diario\/wp-content\/uploads\/2015\/06\/musica_nordica.jpg\"><img loading=\"lazy\" decoding=\"async\" class=\"alignright size-medium wp-image-9831834\" alt=\"musica_nordica\" src=\"https:\/\/www.upo.es\/diario\/wp-content\/uploads\/2015\/06\/musica_nordica-228x320.jpg\" width=\"228\" height=\"320\" srcset=\"https:\/\/www.upo.es\/diario\/wp-content\/uploads\/2015\/06\/musica_nordica-228x320.jpg 228w, https:\/\/www.upo.es\/diario\/wp-content\/uploads\/2015\/06\/musica_nordica.jpg 300w\" sizes=\"auto, (max-width: 228px) 100vw, 228px\" \/><\/a>El pr\u00f3ximo domingo 14 de junio, a las 20:00 horas en la Iglesia de San Juan de la Palma (Calle Feria), \u00a0actuar\u00e1 el coro de la Universidad Pablo de Olavide ofreciendo el concierto \u201cM\u00fasica N\u00f3rdica para cuerdas y coro. Sunrise Mass. Ola Gjeilo\u201d, junto al Coro Canticum Novum de Granada y con la participaci\u00f3n del concertino Vladimir Dmitrienco, de la Real Orquesta Sinf\u00f3nica de Sevilla.<\/p>\n<p>Este concierto, organizado por el Vicerrectorado de Estudiantes, Cultura y Compromiso Social de la UPO, ofrecer\u00e1 obras de Ola Gjeilo, Jean Sibelius, Edvard Grieg, Helena Munktell y Elfrida Andr\u00e9e.<\/p>\n<p>La direcci\u00f3n del coro de la UPO estar\u00e1 a cargo de Jorge Rodr\u00edguez Morata (director musical) y Miguel Rodr\u00edguez Rodr\u00edguez (director art\u00edstico). La entrada es libre hasta completar aforo.<\/p>\n<p><b><span style=\"text-decoration: underline;\">PROGRAMA<\/span><\/b><\/p>\n<p><b><span style=\"text-decoration: underline;\">1\u00aa PARTE<\/span><\/b> (25 min.)<\/p>\n<p><b>Jean Sibelius <\/b>(1865-1957). Finlandia.<\/p>\n<ul>\n<li>Himno (a capella, solo por hombres de ambos coros)<\/li>\n<li>Vale of Tuoni (Coros a Capella)<\/li>\n<li>Andante Festivo (Orquesta de C\u00e1mara de Cuerda)<\/li>\n<\/ul>\n<p><b>Edvard Grieg<\/b> (1843-1907). Noruega.<\/p>\n<ul>\n<li>The dead of Aase (de Peer Gynt), (Coros y Orquesta)<\/li>\n<li>Pinsesalme (de Peer Gynt), Coros a Capella<\/li>\n<li>To Nordiske Melodier, Op.63 (I folketonestil) (Orquesta de C\u00e1mara de Cuerda)<\/li>\n<\/ul>\n<p><b>Helena Munktell<\/b>. (1852-1919). Suecia.<\/p>\n<ul>\n<li>Gammal Kaffe (Sopranos del Coro UPO y Cuerda)<\/li>\n<\/ul>\n<p><b>Elfrida Andr\u00e9e<\/b> (1841-1925). Suecia.<\/p>\n<ul>\n<li>Dromliv III (Sopranos del Coro UPO y Cuerda)<\/li>\n<\/ul>\n<p><b>Ola Gjeilo<\/b> (1978). Noruega.<\/p>\n<ul>\n<li>Ubi caritas y Northern Lights (a capella, Coro Canticum Novum)<\/li>\n<\/ul>\n<p><b><span style=\"text-decoration: underline;\">2\u00aa PARTE<\/span><\/b> (35 min.)<\/p>\n<p><b>Ola Gjeilo<\/b><\/p>\n<p>Sunrise Mass<\/p>\n<ul>\n<li>The spheres<\/li>\n<li>Sunrise Mass<\/li>\n<li>The City<\/li>\n<li>Identity &amp; the ground<\/li>\n<\/ul>\n<p align=\"center\"><b>\u00a0<\/b><\/p>\n","protected":false},"excerpt":{"rendered":"<p>El pr\u00f3ximo domingo 14 de junio, a las 20:00 horas en la Iglesia de San Juan de la Palma (Calle Feria),  actuar\u00e1 el coro de la Universidad Pablo de Olavide ofreciendo el concierto \u201cM\u00fasica N\u00f3rdica para cuerdas y coro. Sunrise Mass. Ola Gjeilo\u201d, junto al Coro Canticum Novum de Granada y con la participaci\u00f3n del concertino Vladimir Dmitrienco, de la Real Orquesta Sinf\u00f3nica de Sevilla. <\/p>\n","protected":false},"author":2,"featured_media":0,"comment_status":"closed","ping_status":"open","sticky":false,"template":"","format":"standard","meta":{"_monsterinsights_skip_tracking":false,"_monsterinsights_sitenote_active":false,"_monsterinsights_sitenote_note":"","_monsterinsights_sitenote_category":0,"footnotes":""},"categories":[7],"tags":[403,71,2430,2432,2431],"class_list":["post-9831831","post","type-post","status-publish","format-standard","hentry","category-cultura","tag-concierto","tag-coro","tag-musica-nordica","tag-ross","tag-vladimir-dmitrienco"],"_links":{"self":[{"href":"https:\/\/www.upo.es\/diario\/wp-json\/wp\/v2\/posts\/9831831","targetHints":{"allow":["GET"]}}],"collection":[{"href":"https:\/\/www.upo.es\/diario\/wp-json\/wp\/v2\/posts"}],"about":[{"href":"https:\/\/www.upo.es\/diario\/wp-json\/wp\/v2\/types\/post"}],"author":[{"embeddable":true,"href":"https:\/\/www.upo.es\/diario\/wp-json\/wp\/v2\/users\/2"}],"replies":[{"embeddable":true,"href":"https:\/\/www.upo.es\/diario\/wp-json\/wp\/v2\/comments?post=9831831"}],"version-history":[{"count":4,"href":"https:\/\/www.upo.es\/diario\/wp-json\/wp\/v2\/posts\/9831831\/revisions"}],"predecessor-version":[{"id":9831836,"href":"https:\/\/www.upo.es\/diario\/wp-json\/wp\/v2\/posts\/9831831\/revisions\/9831836"}],"wp:attachment":[{"href":"https:\/\/www.upo.es\/diario\/wp-json\/wp\/v2\/media?parent=9831831"}],"wp:term":[{"taxonomy":"category","embeddable":true,"href":"https:\/\/www.upo.es\/diario\/wp-json\/wp\/v2\/categories?post=9831831"},{"taxonomy":"post_tag","embeddable":true,"href":"https:\/\/www.upo.es\/diario\/wp-json\/wp\/v2\/tags?post=9831831"}],"curies":[{"name":"wp","href":"https:\/\/api.w.org\/{rel}","templated":true}]}}