{"id":9832120,"date":"2015-06-12T00:05:54","date_gmt":"2015-06-12T00:05:54","guid":{"rendered":"https:\/\/www.upo.es\/diario\/?p=9832120"},"modified":"2015-06-15T12:15:19","modified_gmt":"2015-06-15T12:15:19","slug":"el-lunes-se-presenta-en-la-upo-la-catedra-de-economia-social-etica-y-ciudadania-el-roble","status":"publish","type":"post","link":"https:\/\/www.upo.es\/diario\/institucional\/2015\/06\/el-lunes-se-presenta-en-la-upo-la-catedra-de-economia-social-etica-y-ciudadania-el-roble\/","title":{"rendered":"El lunes se presenta en la UPO la C\u00e1tedra de Econom\u00eda Social, \u00c9tica y Ciudadan\u00eda El Roble"},"content":{"rendered":"<p>El pr\u00f3ximo lunes 15 de junio, <strong>a las 12 horas en la Sala de Prensa de la Universidad Pablo de Olavide<\/strong>, tendr\u00e1 lugar la presentaci\u00f3n de la <strong>C\u00e1tedra de Econom\u00eda Social, \u00c9tica y Ciudadan\u00eda El Roble<\/strong>, y la firma del convenio de colaboraci\u00f3n entre el rector de la UPO, Vicente Guzm\u00e1n, y el presidente del Grupo Cooperativo El Roble, Jos\u00e9 Romero Alonso, para la puesta en marcha de esta nueva C\u00e1tedra de la UPO, que ser\u00e1 presentada por su director, Jos\u00e9 Antonio S\u00e1nchez Medina, profesor del \u00e1rea de Psicolog\u00eda B\u00e1sica de la Universidad Pablo de Olavide.<\/p>\n","protected":false},"excerpt":{"rendered":"<p>El pr\u00f3ximo lunes 15 de junio tendr\u00e1 lugar la presentaci\u00f3n de la C\u00e1tedra de Econom\u00eda Social, \u00c9tica y Ciudadan\u00eda El Roble, y la firma del convenio de colaboraci\u00f3n entre el rector de la UPO, Vicente Guzm\u00e1n, y el presidente del Grupo Cooperativo El Roble, Jos\u00e9 Romero Alonso.<\/p>\n","protected":false},"author":6,"featured_media":0,"comment_status":"closed","ping_status":"open","sticky":false,"template":"","format":"standard","meta":{"_monsterinsights_skip_tracking":false,"_monsterinsights_sitenote_active":false,"_monsterinsights_sitenote_note":"","_monsterinsights_sitenote_category":0,"footnotes":""},"categories":[6],"tags":[358,326,2433,63,145,38,106],"class_list":["post-9832120","post","type-post","status-publish","format-standard","hentry","category-institucional","tag-catedra","tag-convenio","tag-cooperativa","tag-economia","tag-etica","tag-rector","tag-vicente-c-guzman"],"_links":{"self":[{"href":"https:\/\/www.upo.es\/diario\/wp-json\/wp\/v2\/posts\/9832120","targetHints":{"allow":["GET"]}}],"collection":[{"href":"https:\/\/www.upo.es\/diario\/wp-json\/wp\/v2\/posts"}],"about":[{"href":"https:\/\/www.upo.es\/diario\/wp-json\/wp\/v2\/types\/post"}],"author":[{"embeddable":true,"href":"https:\/\/www.upo.es\/diario\/wp-json\/wp\/v2\/users\/6"}],"replies":[{"embeddable":true,"href":"https:\/\/www.upo.es\/diario\/wp-json\/wp\/v2\/comments?post=9832120"}],"version-history":[{"count":5,"href":"https:\/\/www.upo.es\/diario\/wp-json\/wp\/v2\/posts\/9832120\/revisions"}],"predecessor-version":[{"id":9852778,"href":"https:\/\/www.upo.es\/diario\/wp-json\/wp\/v2\/posts\/9832120\/revisions\/9852778"}],"wp:attachment":[{"href":"https:\/\/www.upo.es\/diario\/wp-json\/wp\/v2\/media?parent=9832120"}],"wp:term":[{"taxonomy":"category","embeddable":true,"href":"https:\/\/www.upo.es\/diario\/wp-json\/wp\/v2\/categories?post=9832120"},{"taxonomy":"post_tag","embeddable":true,"href":"https:\/\/www.upo.es\/diario\/wp-json\/wp\/v2\/tags?post=9832120"}],"curies":[{"name":"wp","href":"https:\/\/api.w.org\/{rel}","templated":true}]}}