{"id":9851642,"date":"2015-06-09T14:41:08","date_gmt":"2015-06-09T14:41:08","guid":{"rendered":"https:\/\/www.upo.es\/diario\/?p=9851642"},"modified":"2015-06-15T09:10:06","modified_gmt":"2015-06-15T09:10:06","slug":"universitarios-andaluces-podran-ser-jurado-de-la-25-edicion-de-fancine","status":"publish","type":"post","link":"https:\/\/www.upo.es\/diario\/infoupo\/2015\/06\/universitarios-andaluces-podran-ser-jurado-de-la-25-edicion-de-fancine\/","title":{"rendered":"Universitarios andaluces podr\u00e1n ser jurado de la 25 edici\u00f3n de FANCINE"},"content":{"rendered":"<p>Los estudiantes matriculados en alguna de las universidades p\u00fablicas andaluzas en 2015 podr\u00e1n formar parte del <strong>Jurado Joven<\/strong> de la 25 edici\u00f3n de <strong>FANCINE, \u00a0el Festival de Cine Fant\u00e1stico de la Universidad de M\u00e1laga<\/strong>. Este jurado se reunir\u00e1 <strong>durante los d\u00edas 24 y 25 de noviembre de 2015<\/strong> para otorgar los premios a los mejores cortometrajes del certamen:<\/p>\n<ul>\n<li>Premio de las Universidades P\u00fablicas Andaluzas (Proyecto Atalaya) al Mejor Cortometraje de Imagen Real, dotado con 3.000 euros.<\/li>\n<li>Premio de las Universidades P\u00fablicas Andaluzas (Proyecto Atalaya) al Mejor Cortometraje de Animaci\u00f3n, dotado con 3.000 euros.<\/li>\n<li>Premio M\u00c9LI\u00c8S DE PLATA al Mejor Cortometraje Europeo Fant\u00e1stico, que ser\u00e1 el candidato de Fancine al M\u00c9LI\u00c8S DE ORO de su categor\u00eda en la convocatoria correspondiente.<\/li>\n<\/ul>\n<p>Los estudiantes seleccionados no residentes en M\u00e1laga deber\u00e1n costearse el desplazamiento en un primer momento si bien la organizaci\u00f3n, con posterioridad al t\u00e9rmino del festival, les abonar\u00e1 por este concepto cincuenta euros.<\/p>\n<p>M\u00e1s informaci\u00f3n en:<br \/>\n<a href=\"http:\/\/www.uma.es\/servicio-cultura\/noticias\/convocatoria-jurado-joven-2015\/\" target=\"_blank\">www.uma.es\/servicio-cultura\/noticias\/convocatoria-jurado-joven-2015\/<\/a><\/p>\n","protected":false},"excerpt":{"rendered":"<p>Los estudiantes matriculados en alguna de las universidades p\u00fablicas andaluzas en 2015 podr\u00e1n formar parte del Jurado Joven de la 25 edici\u00f3n de FANCINE,  el Festival de Cine Fant\u00e1stico de la Universidad de M\u00e1laga. Este jurado se reunir\u00e1 durante los d\u00edas 24 y 25 de noviembre de 2015 para otorgar los premios a los mejores cortometrajes del certamen.<\/p>\n","protected":false},"author":6,"featured_media":0,"comment_status":"closed","ping_status":"open","sticky":false,"template":"","format":"standard","meta":{"_monsterinsights_skip_tracking":false,"_monsterinsights_sitenote_active":false,"_monsterinsights_sitenote_note":"","_monsterinsights_sitenote_category":0,"footnotes":""},"categories":[5],"tags":[],"class_list":["post-9851642","post","type-post","status-publish","format-standard","hentry","category-infoupo"],"_links":{"self":[{"href":"https:\/\/www.upo.es\/diario\/wp-json\/wp\/v2\/posts\/9851642","targetHints":{"allow":["GET"]}}],"collection":[{"href":"https:\/\/www.upo.es\/diario\/wp-json\/wp\/v2\/posts"}],"about":[{"href":"https:\/\/www.upo.es\/diario\/wp-json\/wp\/v2\/types\/post"}],"author":[{"embeddable":true,"href":"https:\/\/www.upo.es\/diario\/wp-json\/wp\/v2\/users\/6"}],"replies":[{"embeddable":true,"href":"https:\/\/www.upo.es\/diario\/wp-json\/wp\/v2\/comments?post=9851642"}],"version-history":[{"count":1,"href":"https:\/\/www.upo.es\/diario\/wp-json\/wp\/v2\/posts\/9851642\/revisions"}],"predecessor-version":[{"id":9851923,"href":"https:\/\/www.upo.es\/diario\/wp-json\/wp\/v2\/posts\/9851642\/revisions\/9851923"}],"wp:attachment":[{"href":"https:\/\/www.upo.es\/diario\/wp-json\/wp\/v2\/media?parent=9851642"}],"wp:term":[{"taxonomy":"category","embeddable":true,"href":"https:\/\/www.upo.es\/diario\/wp-json\/wp\/v2\/categories?post=9851642"},{"taxonomy":"post_tag","embeddable":true,"href":"https:\/\/www.upo.es\/diario\/wp-json\/wp\/v2\/tags?post=9851642"}],"curies":[{"name":"wp","href":"https:\/\/api.w.org\/{rel}","templated":true}]}}