{"id":9873136,"date":"2015-06-19T05:50:52","date_gmt":"2015-06-19T05:50:52","guid":{"rendered":"https:\/\/www.upo.es\/diario\/?p=9873136"},"modified":"2015-06-22T06:23:24","modified_gmt":"2015-06-22T06:23:24","slug":"la-uanl-ofertara-un-programa-de-formacion-de-doctores-en-ciencias-sociales-y-juridicas-impartido-por-docentes-de-la-upo","status":"publish","type":"post","link":"https:\/\/www.upo.es\/diario\/institucional\/2015\/06\/la-uanl-ofertara-un-programa-de-formacion-de-doctores-en-ciencias-sociales-y-juridicas-impartido-por-docentes-de-la-upo\/","title":{"rendered":"La UANL ofertar\u00e1 un programa de formaci\u00f3n de doctores en Ciencias Sociales y Jur\u00eddicas impartido por docentes de la UPO"},"content":{"rendered":"<figure id=\"attachment_9873139\" aria-describedby=\"caption-attachment-9873139\" style=\"width: 600px\" class=\"wp-caption aligncenter\"><a href=\"https:\/\/www.upo.es\/diario\/wp-content\/uploads\/2015\/06\/Conv-UnivNuevoLeon_AIP.jpg\"><img loading=\"lazy\" decoding=\"async\" class=\"size-large wp-image-9873139\" alt=\"Jes\u00fas Ancer, rector de la UANL, Vicente Guzm\u00e1n, rector de la UPO, y V\u00edctor Cruz, director general de la Asociaci\u00f3n Universitaria Iberoamericana de Postgrado\" src=\"https:\/\/www.upo.es\/diario\/wp-content\/uploads\/2015\/06\/Conv-UnivNuevoLeon_AIP-600x400.jpg\" width=\"600\" height=\"400\" srcset=\"https:\/\/www.upo.es\/diario\/wp-content\/uploads\/2015\/06\/Conv-UnivNuevoLeon_AIP-600x400.jpg 600w, https:\/\/www.upo.es\/diario\/wp-content\/uploads\/2015\/06\/Conv-UnivNuevoLeon_AIP-320x213.jpg 320w\" sizes=\"auto, (max-width: 600px) 100vw, 600px\" \/><\/a><figcaption id=\"caption-attachment-9873139\" class=\"wp-caption-text\">Desde la izquierda, Jes\u00fas Ancer, rector de la UANL, Vicente Guzm\u00e1n, rector de la UPO, y V\u00edctor Cruz, director general de la Asociaci\u00f3n Universitaria Iberoamericana de Postgrado<\/figcaption><\/figure>\n<p>El pasado jueves \u00a018 de junio en la Universidad Pablo de Olavide de Sevilla, el rector <strong>Vicente Guzm\u00e1n<\/strong>, el rector de la Universidad Aut\u00f3noma de Nuevo Le\u00f3n, de M\u00e9xico (UANL), <strong>Jes\u00fas Ancer<\/strong>, y el director general de la Asociaci\u00f3n Universitaria Iberoamericana de Postgrado (AUIP), <strong>V\u00edctor Cruz<\/strong>, suscribieron un convenio espec\u00edfico de colaboraci\u00f3n por el que la UANL, a trav\u00e9s de la Facultad de Ciencias Pol\u00edticas y Administraci\u00f3n P\u00fablica, ofertar\u00e1 un Programa de Formaci\u00f3n de Doctores en Ciencias Sociales y Jur\u00eddicas que ser\u00e1 impartido por profesores de la UPO, con el auspicio de la AUIP.<\/p>\n<p>Al completar todos los cr\u00e9ditos y el trabajo final, <strong>los estudiantes recibir\u00e1n el t\u00edtulo de \u201cDiploma de Especializaci\u00f3n en Investigaci\u00f3n en Ciencias Sociales, Jur\u00eddicas y Pol\u00edticas\u201d, expedido por la Universidad Pablo de Olavide<\/strong>.<\/p>\n<p>El objetivo de este curso es <strong>preparar a los estudiantes para realizar su Tesis Doctoral en la UPO<\/strong>. Quince de los estudiantes que superen con \u00e9xito este curso ser\u00e1n becados para realizar sus estudios de Doctorado en la Olavide en alguna de las l\u00edneas de investigaci\u00f3n de estos programas de doctorado:\u00a0 Doctorado en Ciencias Jur\u00eddicas y Pol\u00edticas, Doctorado en Ciencias Sociales, Doctorado en Historia y Estudios Human\u00edsticos y Doctorado en Medio Ambiente y Sociedad.<\/p>\n<p>Los representantes institucionales firmantes del convenio han coincidido en destacar que este proyecto de formaci\u00f3n doctoral, en correspondencia con los recientes acuerdos de las Cumbres Iberoamericanas, brindar\u00e1 oportunidades de formaci\u00f3n a profesores e investigadores latinoamericanos de las universidades pertenecientes a la AUIP, contribuyendo de esta manera a la formaci\u00f3n superior avanzada de docentes de la regi\u00f3n y, de manera m\u00e1s modesta, a la integraci\u00f3n iberoamericana.<\/p>\n","protected":false},"excerpt":{"rendered":"<p>El rector Vicente Guzm\u00e1n, el rector de la Universidad Aut\u00f3noma de Nuevo Le\u00f3n, de M\u00e9xico (UANL), Jes\u00fas Ancer, y el director general de la Asociaci\u00f3n Universitaria Iberoamericana de Postgrado (AUIP), V\u00edctor Cruz, han suscrito un convenio espec\u00edfico de colaboraci\u00f3n por el que la UANL, a trav\u00e9s de la Facultad de Ciencias Pol\u00edticas y Administraci\u00f3n P\u00fablica, ofertar\u00e1 un Programa de Formaci\u00f3n de Doctores en Ciencias Sociales y Jur\u00eddicas que ser\u00e1 impartido por profesores de la UPO, con el auspicio de la AUIP.<\/p>\n","protected":false},"author":6,"featured_media":0,"comment_status":"closed","ping_status":"open","sticky":false,"template":"","format":"standard","meta":{"_monsterinsights_skip_tracking":false,"_monsterinsights_sitenote_active":false,"_monsterinsights_sitenote_note":"","_monsterinsights_sitenote_category":0,"footnotes":""},"categories":[6],"tags":[545,326,87,973,1160,805,286,82,5836,39],"class_list":["post-9873136","post","type-post","status-publish","format-standard","hentry","category-institucional","tag-ciencias-sociales","tag-convenio","tag-derecho","tag-doctorado","tag-escuela-de-doctorado","tag-iberoamerica","tag-mexico","tag-postgrado","tag-tesis","tag-universidades"],"_links":{"self":[{"href":"https:\/\/www.upo.es\/diario\/wp-json\/wp\/v2\/posts\/9873136","targetHints":{"allow":["GET"]}}],"collection":[{"href":"https:\/\/www.upo.es\/diario\/wp-json\/wp\/v2\/posts"}],"about":[{"href":"https:\/\/www.upo.es\/diario\/wp-json\/wp\/v2\/types\/post"}],"author":[{"embeddable":true,"href":"https:\/\/www.upo.es\/diario\/wp-json\/wp\/v2\/users\/6"}],"replies":[{"embeddable":true,"href":"https:\/\/www.upo.es\/diario\/wp-json\/wp\/v2\/comments?post=9873136"}],"version-history":[{"count":6,"href":"https:\/\/www.upo.es\/diario\/wp-json\/wp\/v2\/posts\/9873136\/revisions"}],"predecessor-version":[{"id":9873443,"href":"https:\/\/www.upo.es\/diario\/wp-json\/wp\/v2\/posts\/9873136\/revisions\/9873443"}],"wp:attachment":[{"href":"https:\/\/www.upo.es\/diario\/wp-json\/wp\/v2\/media?parent=9873136"}],"wp:term":[{"taxonomy":"category","embeddable":true,"href":"https:\/\/www.upo.es\/diario\/wp-json\/wp\/v2\/categories?post=9873136"},{"taxonomy":"post_tag","embeddable":true,"href":"https:\/\/www.upo.es\/diario\/wp-json\/wp\/v2\/tags?post=9873136"}],"curies":[{"name":"wp","href":"https:\/\/api.w.org\/{rel}","templated":true}]}}