{"id":9900254,"date":"2015-06-22T07:19:27","date_gmt":"2015-06-22T07:19:27","guid":{"rendered":"https:\/\/www.upo.es\/diario\/?p=9900254"},"modified":"2015-06-22T07:22:09","modified_gmt":"2015-06-22T07:22:09","slug":"ceremonia-de-egresados-de-los-grados-en-traduccion-e-interpretacion-en-frances-y-en-aleman-de-la-universidad-pablo-de-olavide","status":"publish","type":"post","link":"https:\/\/www.upo.es\/diario\/institucional\/2015\/06\/ceremonia-de-egresados-de-los-grados-en-traduccion-e-interpretacion-en-frances-y-en-aleman-de-la-universidad-pablo-de-olavide\/","title":{"rendered":"Ceremonia de egresados de los grados en Traducci\u00f3n e Interpretaci\u00f3n en Franc\u00e9s y en Alem\u00e1n de la Universidad Pablo de Olavide"},"content":{"rendered":"<figure id=\"attachment_9900257\" aria-describedby=\"caption-attachment-9900257\" style=\"width: 600px\" class=\"wp-caption aligncenter\"><a href=\"https:\/\/www.upo.es\/diario\/wp-content\/uploads\/2015\/06\/grupo2.jpg\"><img loading=\"lazy\" decoding=\"async\" class=\"size-large wp-image-9900257\" alt=\"Promoci\u00f3n 2011-2015 del grado en Traducci\u00f3n e Interpretaci\u00f3n en Franc\u00e9s y en Alem\u00e1n\" src=\"https:\/\/www.upo.es\/diario\/wp-content\/uploads\/2015\/06\/grupo2-600x400.jpg\" width=\"600\" height=\"400\" srcset=\"https:\/\/www.upo.es\/diario\/wp-content\/uploads\/2015\/06\/grupo2-600x400.jpg 600w, https:\/\/www.upo.es\/diario\/wp-content\/uploads\/2015\/06\/grupo2-320x213.jpg 320w, https:\/\/www.upo.es\/diario\/wp-content\/uploads\/2015\/06\/grupo2.jpg 1280w\" sizes=\"auto, (max-width: 600px) 100vw, 600px\" \/><\/a><figcaption id=\"caption-attachment-9900257\" class=\"wp-caption-text\">Promoci\u00f3n 2011-2015 del grado en Traducci\u00f3n e Interpretaci\u00f3n en Franc\u00e9s y en Alem\u00e1n<\/figcaption><\/figure>\n<p style=\"text-align: justify;\">La ceremonia de egresados de las promociones 2011\/2015 de los grados en Traducci\u00f3n e Interpretaci\u00f3n en Franc\u00e9s y en Alem\u00e1n se celebr\u00f3 el pasado viernes en la Universidad Pablo de Olavide, presidida por el decano de la Facultad de Humanidades, Jos\u00e9 Miguel Mart\u00edn Mart\u00edn.<\/p>\n<p style=\"text-align: justify;\">Las madrinas de las promociones han sido las profesoras del \u00c1rea de Traducci\u00f3n e Interpretaci\u00f3n de la UPO Estela Sarah Mart\u00edn Ruel para el grado en Traducci\u00f3n e Interpretaci\u00f3n en Franc\u00e9s, y Christiane Limbach para el grado en Traducci\u00f3n e Interpretaci\u00f3n en Alem\u00e1n. Asimismo, a la ceremonia tambi\u00e9n han asistido la vicedecana de Relaciones Externas y Comunicaci\u00f3n, Luc\u00eda Hern\u00e1ndez Amaya, y la profesora del \u00c1rea de Traducci\u00f3n e Interpretaci\u00f3n de la UPO y representante del claustro de profesores de la Facultad de Humanidades, Isabel Briales Bell\u00f3n.<\/p>\n<figure id=\"attachment_9900258\" aria-describedby=\"caption-attachment-9900258\" style=\"width: 320px\" class=\"wp-caption alignleft\"><a href=\"https:\/\/www.upo.es\/diario\/wp-content\/uploads\/2015\/06\/representantesest.jpg\"><img loading=\"lazy\" decoding=\"async\" class=\"size-medium wp-image-9900258 \" alt=\"Los representante de los estudiantes del grado en Franc\u00e9s.\" src=\"https:\/\/www.upo.es\/diario\/wp-content\/uploads\/2015\/06\/representantesest-320x213.jpg\" width=\"320\" height=\"213\" srcset=\"https:\/\/www.upo.es\/diario\/wp-content\/uploads\/2015\/06\/representantesest-320x213.jpg 320w, https:\/\/www.upo.es\/diario\/wp-content\/uploads\/2015\/06\/representantesest-600x399.jpg 600w, https:\/\/www.upo.es\/diario\/wp-content\/uploads\/2015\/06\/representantesest.jpg 1280w\" sizes=\"auto, (max-width: 320px) 100vw, 320px\" \/><\/a><figcaption id=\"caption-attachment-9900258\" class=\"wp-caption-text\">Los representantes de los estudiantes del grado en Franc\u00e9s<\/figcaption><\/figure>\n<p style=\"text-align: justify;\">Los representantes de los estudiantes han sido Larisa Beatriz Rodr\u00edguez y Manuel Jos\u00e9 del Ojo S\u00e1nchez del grado en Traducci\u00f3n e Interpretaci\u00f3n en Franc\u00e9s, y Mar\u00eda del Mar Navarro Rubio y Marina Herrera Romero del grado en Traducci\u00f3n e Interpretaci\u00f3n en Alem\u00e1n.<\/p>\n<p style=\"text-align: justify;\">Un total de 37 egresados \u2013 26 estudiantes del grado en Franc\u00e9s y 11 del grado en Alem\u00e1n- \u00a0han asistido junto a sus familiares a este acto con el que la Universidad Pablo de Olavide recupera una antigua tradici\u00f3n de las universidades europeas.<\/p>\n<p style=\"text-align: justify;\">\n","protected":false},"excerpt":{"rendered":"<p>La ceremonia de egresados de las promociones 2011\/2015 de los grados en Traducci\u00f3n e Interpretaci\u00f3n en Franc\u00e9s y en Alem\u00e1n se celebr\u00f3 el pasado viernes en la Universidad Pablo de Olavide, presidida por el decano de la Facultad de Humanidades, Jos\u00e9 Miguel Mart\u00edn Mart\u00edn. Las madrinas de las promociones han sido las profesoras del \u00c1rea de Traducci\u00f3n e Interpretaci\u00f3n de la UPO Estela Sarah Mart\u00edn Ruel para el grado en Franc\u00e9s, y Christiane Limbach para el grado en Alem\u00e1n.<\/p>\n","protected":false},"author":4,"featured_media":0,"comment_status":"closed","ping_status":"open","sticky":false,"template":"","format":"standard","meta":{"_monsterinsights_skip_tracking":false,"_monsterinsights_sitenote_active":false,"_monsterinsights_sitenote_note":"","_monsterinsights_sitenote_category":0,"footnotes":""},"categories":[6],"tags":[844,581,96,967,1555],"class_list":["post-9900254","post","type-post","status-publish","format-standard","hentry","category-institucional","tag-aleman","tag-ceremonia-de-egresados","tag-facultad-de-humanidades","tag-frances","tag-grado-en-traduccion-e-interpretacion"],"_links":{"self":[{"href":"https:\/\/www.upo.es\/diario\/wp-json\/wp\/v2\/posts\/9900254","targetHints":{"allow":["GET"]}}],"collection":[{"href":"https:\/\/www.upo.es\/diario\/wp-json\/wp\/v2\/posts"}],"about":[{"href":"https:\/\/www.upo.es\/diario\/wp-json\/wp\/v2\/types\/post"}],"author":[{"embeddable":true,"href":"https:\/\/www.upo.es\/diario\/wp-json\/wp\/v2\/users\/4"}],"replies":[{"embeddable":true,"href":"https:\/\/www.upo.es\/diario\/wp-json\/wp\/v2\/comments?post=9900254"}],"version-history":[{"count":4,"href":"https:\/\/www.upo.es\/diario\/wp-json\/wp\/v2\/posts\/9900254\/revisions"}],"predecessor-version":[{"id":9900260,"href":"https:\/\/www.upo.es\/diario\/wp-json\/wp\/v2\/posts\/9900254\/revisions\/9900260"}],"wp:attachment":[{"href":"https:\/\/www.upo.es\/diario\/wp-json\/wp\/v2\/media?parent=9900254"}],"wp:term":[{"taxonomy":"category","embeddable":true,"href":"https:\/\/www.upo.es\/diario\/wp-json\/wp\/v2\/categories?post=9900254"},{"taxonomy":"post_tag","embeddable":true,"href":"https:\/\/www.upo.es\/diario\/wp-json\/wp\/v2\/tags?post=9900254"}],"curies":[{"name":"wp","href":"https:\/\/api.w.org\/{rel}","templated":true}]}}