{"id":9915998,"date":"2015-06-24T23:09:11","date_gmt":"2015-06-24T23:09:11","guid":{"rendered":"https:\/\/www.upo.es\/diario\/?p=9915998"},"modified":"2015-06-25T07:53:34","modified_gmt":"2015-06-25T07:53:34","slug":"mas-de-150-ninos-participan-desde-hoy-en-la-escuela-deportiva-de-verano-y-en-la-pequescuela-de-la-upo","status":"publish","type":"post","link":"https:\/\/www.upo.es\/diario\/institucional\/2015\/06\/mas-de-150-ninos-participan-desde-hoy-en-la-escuela-deportiva-de-verano-y-en-la-pequescuela-de-la-upo\/","title":{"rendered":"M\u00e1s de 150 ni\u00f1os participan en la Escuela Deportiva de Verano y en la Pequescuela de la UPO"},"content":{"rendered":"<figure id=\"attachment_9916005\" aria-describedby=\"caption-attachment-9916005\" style=\"width: 600px\" class=\"wp-caption aligncenter\"><a href=\"https:\/\/www.upo.es\/diario\/wp-content\/uploads\/2015\/06\/escuelaverano2015.jpg\"><img loading=\"lazy\" decoding=\"async\" class=\"size-large wp-image-9916005\" alt=\"La Escuela de Verano con respecto al a\u00f1o pasado, nace con la intenci\u00f3n de conciliar la vida laboral y familiar del personal de la Universidad y del entorno\" src=\"https:\/\/www.upo.es\/diario\/wp-content\/uploads\/2015\/06\/escuelaverano2015-600x399.jpg\" width=\"600\" height=\"399\" srcset=\"https:\/\/www.upo.es\/diario\/wp-content\/uploads\/2015\/06\/escuelaverano2015-600x399.jpg 600w, https:\/\/www.upo.es\/diario\/wp-content\/uploads\/2015\/06\/escuelaverano2015-320x213.jpg 320w, https:\/\/www.upo.es\/diario\/wp-content\/uploads\/2015\/06\/escuelaverano2015.jpg 2000w\" sizes=\"auto, (max-width: 600px) 100vw, 600px\" \/><\/a><figcaption id=\"caption-attachment-9916005\" class=\"wp-caption-text\">La Escuela de Verano y la Pequescuela nacen con la intenci\u00f3n de conciliar la vida laboral y familiar del personal de la Universidad y del entorno<\/figcaption><\/figure>\n<p>Esta ma\u00f1ana ha dado comienzo la XI edici\u00f3n de la <b>Escuela Deportiva de Verano<\/b> y la III edici\u00f3n de la <b>Pequescuela <\/b>de la Universidad Pablo de Olavide, una actividad que cuenta con la participaci\u00f3n de un total de 158 ni\u00f1os y ni\u00f1as de entre 3 y 14 a\u00f1os, \u00a0lo\u00a0 que supone un incremento del 18% con respecto al a\u00f1o pasado. A lo largo de seis semanas, la UPO ha organizado para ellos un completo programa de actividades deportivas y culturales.<\/p>\n<p>La Universidad Pablo de Olavide pretende as\u00ed fomentar entre los m\u00e1s peque\u00f1os los estilos de vida saludables a trav\u00e9s del deporte y de actividades culturales, l\u00fadicas y creativas, al mismo tiempo que se contribuye a la conciliaci\u00f3n de la vida laboral y familiar de sus padres. La Escuela Deportiva de Verano, destinada a ni\u00f1os de entre 6 y 14 a\u00f1os, cuenta con la participaci\u00f3n de 114 ni\u00f1os, mientras que en la PequescuelaDeportiva de Verano participan un total de 44 ni\u00f1os con edades comprendidas entre los 3 y 6 a\u00f1os, siempre que no hayan comenzado a cursar Primaria. A su vez, los ni\u00f1os de la Pequescuela se dividen en dos grupos para adaptar mejor las actividades a su edad: un grupo de ni\u00f1os de 3 a 4 a\u00f1os y otro de ni\u00f1os de 5 y 6 a\u00f1os, mientras que la Escuela Deportiva hay tres grupos: ni\u00f1os de primero y segundo de Primaria, de tercero y cuarto de Primaria y de quinto, sexto y ESO.<\/p>\n<p><a href=\"https:\/\/www.upo.es\/diario\/wp-content\/uploads\/2015\/06\/escuelaverano2015_1.jpg\"><img loading=\"lazy\" decoding=\"async\" class=\"alignright size-medium wp-image-9916003\" alt=\"escuelaverano2015_1\" src=\"https:\/\/www.upo.es\/diario\/wp-content\/uploads\/2015\/06\/escuelaverano2015_1-320x198.jpg\" width=\"320\" height=\"198\" srcset=\"https:\/\/www.upo.es\/diario\/wp-content\/uploads\/2015\/06\/escuelaverano2015_1-320x198.jpg 320w, https:\/\/www.upo.es\/diario\/wp-content\/uploads\/2015\/06\/escuelaverano2015_1-600x372.jpg 600w, https:\/\/www.upo.es\/diario\/wp-content\/uploads\/2015\/06\/escuelaverano2015_1.jpg 2000w\" sizes=\"auto, (max-width: 320px) 100vw, 320px\" \/><\/a>Este a\u00f1o, tanto la XI Escuela como la III Pequescuela Deportiva de Verano<strong> se presentan bajo el lema \u201cViajes por el mundo antiguo\u201d<\/strong>, un recorrido por la cultura egipcia, griega, china, africana y maya a trav\u00e9s de actividades deportivas, talleres y juegos. Entre las actividades previstas en la Escuela de Verano, se encuentran la pr\u00e1ctica de actividades deportivas como aikido, gimnasia acrob\u00e1tica, f\u00fatbol, rugby, baloncesto, escalada y p\u00e1del, entre otras; talleres maya (de construcci\u00f3n del Pok ta Pok), de cometas chinas, manualidades egipcias, taller relajante griego o talleres de dibujo, as\u00ed como actividades complementarias entre la que destacan juegos populares, danza africana, juegos de mesa, gymcana griega o juegos de agua bajo el nombre de juegos del r\u00edo Nilo. Adem\u00e1s, hay programadas din\u00e1micas de grupo, teatro, bosque suspendido o proyecciones de cine.<\/p>\n<p>Tanto en la Escuela Deportiva de Verano como la Pequescuela participan los hijos de miembros de la Universidad Pablo de Olavide -m\u00e1s del 95 por ciento- y tambi\u00e9n hijos de vecinos del entorno, pues esta iniciativa del Servicio de Deportes (SDUPO) nace con la intenci\u00f3n de facilitar la conciliaci\u00f3n de vida laboral y familiar del personal de la Universidad y del entorno en este mes de vacaciones para los ni\u00f1os, y con el fin de que \u00e9stos se diviertan, se relacionen y adquieran h\u00e1bitos saludables de vida.<\/p>\n<p>Las actividades de la Escuela Deportiva y de la Pequescuela de Verano de la Universidad Pablo de Olavide se celebran de 9.00 a 14.00 de lunes a viernes, desde el 24 de junio al 30 de julio, dentro del campus universitario. Tambi\u00e9n hay un servicio de ludoteca de 8.00 a 9.00 horas y de 14.00 a 15.00 horas. El programa ha sido confeccionado por la Direcci\u00f3n General del Deporte a trav\u00e9s del Servicio de Deportes de la UPO, que supervisa el programa diario de trabajo.<\/p>\n<p>En el desarrollo de las actividades participa el personal del Servicio de Deportes (T\u00e9cnicos Deportivos, Maestros y Licenciados en Educaci\u00f3n F\u00edsica y Deportes), as\u00ed como monitores espec\u00edficos con experiencia en actividades de tiempo libre, recreaci\u00f3n, animaci\u00f3n y ocio. Asimismo, se cuenta con una Diplomada universitaria en Enfermer\u00eda que presta la asistencia necesaria durante el periodo de celebraci\u00f3n de la XI Escuela Deportiva y la III Pequescuela de Verano de la UPO.<\/p>\n","protected":false},"excerpt":{"rendered":"<p>Esta semana ha comenzado la XI edici\u00f3n de la Escuela Deportiva de Verano y la III edici\u00f3n de la Pequescuela de la Universidad Pablo de Olavide, una actividad que cuenta con la participaci\u00f3n de un total de 158 ni\u00f1os y ni\u00f1as de entre 3 y 14 a\u00f1os,  lo  que supone un incremento del 18% con respecto al a\u00f1o pasado. A lo largo de seis semanas, la UPO ha organizado para ellos un completo programa de actividades deportivas y culturales. <\/p>\n","protected":false},"author":6,"featured_media":0,"comment_status":"closed","ping_status":"open","sticky":false,"template":"","format":"standard","meta":{"_monsterinsights_skip_tracking":false,"_monsterinsights_sitenote_active":false,"_monsterinsights_sitenote_note":"","_monsterinsights_sitenote_category":0,"footnotes":""},"categories":[6],"tags":[2178,231,465,1646,721,451,232,492],"class_list":["post-9915998","post","type-post","status-publish","format-standard","hentry","category-institucional","tag-conciliacion-familiar","tag-deportes-2","tag-educacion","tag-escuela-de-verano","tag-escuela-deportiva","tag-infancia","tag-sdupo","tag-servicio-de-deportes"],"_links":{"self":[{"href":"https:\/\/www.upo.es\/diario\/wp-json\/wp\/v2\/posts\/9915998","targetHints":{"allow":["GET"]}}],"collection":[{"href":"https:\/\/www.upo.es\/diario\/wp-json\/wp\/v2\/posts"}],"about":[{"href":"https:\/\/www.upo.es\/diario\/wp-json\/wp\/v2\/types\/post"}],"author":[{"embeddable":true,"href":"https:\/\/www.upo.es\/diario\/wp-json\/wp\/v2\/users\/6"}],"replies":[{"embeddable":true,"href":"https:\/\/www.upo.es\/diario\/wp-json\/wp\/v2\/comments?post=9915998"}],"version-history":[{"count":7,"href":"https:\/\/www.upo.es\/diario\/wp-json\/wp\/v2\/posts\/9915998\/revisions"}],"predecessor-version":[{"id":9922122,"href":"https:\/\/www.upo.es\/diario\/wp-json\/wp\/v2\/posts\/9915998\/revisions\/9922122"}],"wp:attachment":[{"href":"https:\/\/www.upo.es\/diario\/wp-json\/wp\/v2\/media?parent=9915998"}],"wp:term":[{"taxonomy":"category","embeddable":true,"href":"https:\/\/www.upo.es\/diario\/wp-json\/wp\/v2\/categories?post=9915998"},{"taxonomy":"post_tag","embeddable":true,"href":"https:\/\/www.upo.es\/diario\/wp-json\/wp\/v2\/tags?post=9915998"}],"curies":[{"name":"wp","href":"https:\/\/api.w.org\/{rel}","templated":true}]}}