{"id":9916011,"date":"2015-06-24T12:38:53","date_gmt":"2015-06-24T12:38:53","guid":{"rendered":"https:\/\/www.upo.es\/diario\/?p=9916011"},"modified":"2015-06-25T07:23:30","modified_gmt":"2015-06-25T07:23:30","slug":"clausura-master-profesorado-eso-bachillerato-fp-ensenanza-idiomas-upo","status":"publish","type":"post","link":"https:\/\/www.upo.es\/diario\/institucional\/2015\/06\/clausura-master-profesorado-eso-bachillerato-fp-ensenanza-idiomas-upo\/","title":{"rendered":"Clausura del m\u00e1ster de Profesorado de ESO y Bachillerato, FP y Ense\u00f1anza de Idiomas de la UPO"},"content":{"rendered":"<figure id=\"attachment_9916012\" aria-describedby=\"caption-attachment-9916012\" style=\"width: 600px\" class=\"wp-caption aligncenter\"><a href=\"https:\/\/www.upo.es\/diario\/wp-content\/uploads\/2015\/06\/grupoA1200x800.jpg\"><img loading=\"lazy\" decoding=\"async\" class=\"size-large wp-image-9916012\" alt=\"Egresados del m\u00e1ster universitario de Secundaria de la UPO\" src=\"https:\/\/www.upo.es\/diario\/wp-content\/uploads\/2015\/06\/grupoA1200x800-600x400.jpg\" width=\"600\" height=\"400\" srcset=\"https:\/\/www.upo.es\/diario\/wp-content\/uploads\/2015\/06\/grupoA1200x800-600x400.jpg 600w, https:\/\/www.upo.es\/diario\/wp-content\/uploads\/2015\/06\/grupoA1200x800-320x213.jpg 320w, https:\/\/www.upo.es\/diario\/wp-content\/uploads\/2015\/06\/grupoA1200x800.jpg 1200w\" sizes=\"auto, (max-width: 600px) 100vw, 600px\" \/><\/a><figcaption id=\"caption-attachment-9916012\" class=\"wp-caption-text\">Egresados del m\u00e1ster universitario de Profesorado de ESO y Bachillerato, FP y Ense\u00f1anzas de Idiomas<\/figcaption><\/figure>\n<p style=\"text-align: justify;\">Este mediod\u00eda se ha clausurado la VI edici\u00f3n del <strong>m\u00e1ster universitario de Profesorado de Educaci\u00f3n Secundaria Obligatoria y Bachillerato, Formaci\u00f3n Profesional y Ense\u00f1anza de Idiomas\u00a0<\/strong>en el Paraninfo de la\u00a0<strong>Universidad Pablo de Olavide<\/strong>, con la asistencia de m\u00e1s de 200 estudiantes que han finalizado sus estudios.<\/p>\n<figure id=\"attachment_9916013\" aria-describedby=\"caption-attachment-9916013\" style=\"width: 320px\" class=\"wp-caption alignright\"><a href=\"https:\/\/www.upo.es\/diario\/wp-content\/uploads\/2015\/06\/mesa-1200x800.jpg\"><img loading=\"lazy\" decoding=\"async\" class=\"size-medium wp-image-9916013\" alt=\"El acto ha estado presidido por el vicerrector de Postgrado, Miguel \u00c1ngel Gual, y el director del m\u00e1ster, Guillermo Dom\u00ednguez (en el centro)\" src=\"https:\/\/www.upo.es\/diario\/wp-content\/uploads\/2015\/06\/mesa-1200x800-320x213.jpg\" width=\"320\" height=\"213\" srcset=\"https:\/\/www.upo.es\/diario\/wp-content\/uploads\/2015\/06\/mesa-1200x800-320x213.jpg 320w, https:\/\/www.upo.es\/diario\/wp-content\/uploads\/2015\/06\/mesa-1200x800-600x400.jpg 600w, https:\/\/www.upo.es\/diario\/wp-content\/uploads\/2015\/06\/mesa-1200x800.jpg 1200w\" sizes=\"auto, (max-width: 320px) 100vw, 320px\" \/><\/a><figcaption id=\"caption-attachment-9916013\" class=\"wp-caption-text\">El acto ha estado presidido por el vicerrector de Postgrado, Miguel \u00c1ngel Gual, y el director del m\u00e1ster, Guillermo Dom\u00ednguez (en el centro)<\/figcaption><\/figure>\n<p style=\"text-align: justify;\">El acto ha estado presidido por el vicerrector de Postgrado, Formaci\u00f3n Permanente y Empleo de la UPO, Miguel \u00c1ngel Gual Font, junto con el director del m\u00e1ster, Guillermo Dom\u00ednguez Fern\u00e1ndez. Asimismo han intervenido dos antiguos alumnos, \u00a0S\u00e9gol\u00e8ne Delanaud y Juan Lora Le\u00f3n, que actualmente est\u00e1n ejerciendo su labor como docentes y han compartido su experiencia en el m\u00e1ster as\u00ed como su utilidad para su desempe\u00f1o actual.<\/p>\n<p style=\"text-align: justify;\">\u00a0El m\u00e1ster universitario de Profesorado Educaci\u00f3n Secundaria Obligatoria y Bachillerato, Formaci\u00f3n Profesional y Ense\u00f1anza de Idiomas de la UPO tiene como finalidad fundamental ofrecer al alumnado los conocimientos y competencias necesarios para desarrollar la actividad docente, inici\u00e1ndose en el per\u00edodo de pr\u00e1cticas y, posteriormente, desempe\u00f1ando la profesi\u00f3n, de acuerdo con lo regulado en la normativa aplicable.<\/p>\n<p style=\"text-align: justify;\">\u00a0Tras esta VI edici\u00f3n, se han formado en la Universidad Pablo de Olavide m\u00e1s de 900 estudiantes a trav\u00e9s de este m\u00e1ster oficial.<\/p>\n","protected":false},"excerpt":{"rendered":"<p>M\u00e1s de 200 estudiantes han asistido al acto de clausura de la VI edici\u00f3n del m\u00e1ster universitario de Profesorado de Educaci\u00f3n Secundaria Obligatoria y Bachillerato, Formaci\u00f3n Profesional y Ense\u00f1anza de Idiomas en el Paraninfo de la Universidad Pablo de Olavide. <\/p>\n","protected":false},"author":4,"featured_media":0,"comment_status":"closed","ping_status":"open","sticky":false,"template":"","format":"standard","meta":{"_monsterinsights_skip_tracking":false,"_monsterinsights_sitenote_active":false,"_monsterinsights_sitenote_note":"","_monsterinsights_sitenote_category":0,"footnotes":""},"categories":[6],"tags":[614,463,2466,82],"class_list":["post-9916011","post","type-post","status-publish","format-standard","hentry","category-institucional","tag-cedep","tag-clausura","tag-master-de-secundaria","tag-postgrado"],"_links":{"self":[{"href":"https:\/\/www.upo.es\/diario\/wp-json\/wp\/v2\/posts\/9916011","targetHints":{"allow":["GET"]}}],"collection":[{"href":"https:\/\/www.upo.es\/diario\/wp-json\/wp\/v2\/posts"}],"about":[{"href":"https:\/\/www.upo.es\/diario\/wp-json\/wp\/v2\/types\/post"}],"author":[{"embeddable":true,"href":"https:\/\/www.upo.es\/diario\/wp-json\/wp\/v2\/users\/4"}],"replies":[{"embeddable":true,"href":"https:\/\/www.upo.es\/diario\/wp-json\/wp\/v2\/comments?post=9916011"}],"version-history":[{"count":6,"href":"https:\/\/www.upo.es\/diario\/wp-json\/wp\/v2\/posts\/9916011\/revisions"}],"predecessor-version":[{"id":9921823,"href":"https:\/\/www.upo.es\/diario\/wp-json\/wp\/v2\/posts\/9916011\/revisions\/9921823"}],"wp:attachment":[{"href":"https:\/\/www.upo.es\/diario\/wp-json\/wp\/v2\/media?parent=9916011"}],"wp:term":[{"taxonomy":"category","embeddable":true,"href":"https:\/\/www.upo.es\/diario\/wp-json\/wp\/v2\/categories?post=9916011"},{"taxonomy":"post_tag","embeddable":true,"href":"https:\/\/www.upo.es\/diario\/wp-json\/wp\/v2\/tags?post=9916011"}],"curies":[{"name":"wp","href":"https:\/\/api.w.org\/{rel}","templated":true}]}}