{"id":9950152,"date":"2015-06-29T07:30:20","date_gmt":"2015-06-29T07:30:20","guid":{"rendered":"https:\/\/www.upo.es\/diario\/?p=9950152"},"modified":"2015-06-29T07:33:53","modified_gmt":"2015-06-29T07:33:53","slug":"antiguos-alumnos-de-la-universidad-laboral-de-sevilla-visitan-la-universidad-pablo-de-olavide-5","status":"publish","type":"post","link":"https:\/\/www.upo.es\/diario\/institucional\/2015\/06\/antiguos-alumnos-de-la-universidad-laboral-de-sevilla-visitan-la-universidad-pablo-de-olavide-5\/","title":{"rendered":"Antiguos alumnos de la Universidad Laboral de Sevilla visitan la Universidad Pablo de Olavide"},"content":{"rendered":"<figure id=\"attachment_9950153\" aria-describedby=\"caption-attachment-9950153\" style=\"width: 600px\" class=\"wp-caption aligncenter\"><a href=\"https:\/\/www.upo.es\/diario\/wp-content\/uploads\/2015\/06\/grupo4.jpg\"><img loading=\"lazy\" decoding=\"async\" class=\"size-large wp-image-9950153\" alt=\"Antiguos alumnos de la Universidad Laboral\" src=\"https:\/\/www.upo.es\/diario\/wp-content\/uploads\/2015\/06\/grupo4-600x400.jpg\" width=\"600\" height=\"400\" srcset=\"https:\/\/www.upo.es\/diario\/wp-content\/uploads\/2015\/06\/grupo4-600x400.jpg 600w, https:\/\/www.upo.es\/diario\/wp-content\/uploads\/2015\/06\/grupo4-320x213.jpg 320w\" sizes=\"auto, (max-width: 600px) 100vw, 600px\" \/><\/a><figcaption id=\"caption-attachment-9950153\" class=\"wp-caption-text\">Antiguos alumnos de la promoci\u00f3n de 1981-1986 del segundo grado de Formaci\u00f3n Profesional en Electr\u00f3nica de la Universidad Laboral junto con la vicerrectora Pilar Rodr\u00edguez Reina (en el centro) y el ayudante de servicio de la UPO, Luis Bobadilla (el primero de la izquierda) \u00a0.<\/figcaption><\/figure>\n<p>&nbsp;<\/p>\n<p style=\"text-align: justify;\" align=\"center\">Un grupo de antiguos alumnos de la<strong>\u00a0promoci\u00f3n de 1981-1986<\/strong> del <strong>segundo grado de Formaci\u00f3n Profesional en Electr\u00f3nica<\/strong> de la <strong>Universidad Laboral<\/strong> de Sevilla visitaron el pasado s\u00e1bado, 27 de junio, las instalaciones de la actual<strong> Universidad Pablo de Olavide<\/strong>. La vicerrectora de Internacionalizaci\u00f3n y Comunicaci\u00f3n, Pilar Rodr\u00edguez Reina, les ha dado la bienvenida a este grupo formado por 20 antiguos alumnos<\/p>\n<p style=\"text-align: justify;\">A continuaci\u00f3n, el ayudante de servicio de la Universidad, Luis Bobadilla, junto con la vicerrectora, los ha acompa\u00f1ado en una visita por el campus universitario, biblioteca, aulas inform\u00e1ticas y algunos de los edificios que constituyeron el internado donde residieron y estudiaron. De esta manera, el grupo ha podido comprobar de primera mano c\u00f3mo ha cambiado el campus desde entonces.<\/p>\n<p>&nbsp;<\/p>\n","protected":false},"excerpt":{"rendered":"<p>Un grupo de antiguos alumnos de la promoci\u00f3n de 1981-1986 del segundo grado de Formaci\u00f3n Profesional en Electr\u00f3nica de la Universidad Laboral de Sevilla visitaron el pasado s\u00e1bado, 27 de junio, las instalaciones de la actual Universidad Pablo de Olavide. La vicerrectora de Internacionalizaci\u00f3n y Comunicaci\u00f3n, Pilar Rodr\u00edguez Reina, les ha dado la bienvenida a este grupo formado por 20 antiguos alumnos.<\/p>\n","protected":false},"author":4,"featured_media":0,"comment_status":"closed","ping_status":"open","sticky":false,"template":"","format":"standard","meta":{"_monsterinsights_skip_tracking":false,"_monsterinsights_sitenote_active":false,"_monsterinsights_sitenote_note":"","_monsterinsights_sitenote_category":0,"footnotes":""},"categories":[6],"tags":[2475,1109,1261,297],"class_list":["post-9950152","post","type-post","status-publish","format-standard","hentry","category-institucional","tag-electronica","tag-formacion-profesional","tag-universidad-laboral","tag-visita"],"_links":{"self":[{"href":"https:\/\/www.upo.es\/diario\/wp-json\/wp\/v2\/posts\/9950152","targetHints":{"allow":["GET"]}}],"collection":[{"href":"https:\/\/www.upo.es\/diario\/wp-json\/wp\/v2\/posts"}],"about":[{"href":"https:\/\/www.upo.es\/diario\/wp-json\/wp\/v2\/types\/post"}],"author":[{"embeddable":true,"href":"https:\/\/www.upo.es\/diario\/wp-json\/wp\/v2\/users\/4"}],"replies":[{"embeddable":true,"href":"https:\/\/www.upo.es\/diario\/wp-json\/wp\/v2\/comments?post=9950152"}],"version-history":[{"count":3,"href":"https:\/\/www.upo.es\/diario\/wp-json\/wp\/v2\/posts\/9950152\/revisions"}],"predecessor-version":[{"id":9950157,"href":"https:\/\/www.upo.es\/diario\/wp-json\/wp\/v2\/posts\/9950152\/revisions\/9950157"}],"wp:attachment":[{"href":"https:\/\/www.upo.es\/diario\/wp-json\/wp\/v2\/media?parent=9950152"}],"wp:term":[{"taxonomy":"category","embeddable":true,"href":"https:\/\/www.upo.es\/diario\/wp-json\/wp\/v2\/categories?post=9950152"},{"taxonomy":"post_tag","embeddable":true,"href":"https:\/\/www.upo.es\/diario\/wp-json\/wp\/v2\/tags?post=9950152"}],"curies":[{"name":"wp","href":"https:\/\/api.w.org\/{rel}","templated":true}]}}