{"id":9951664,"date":"2015-06-29T11:20:19","date_gmt":"2015-06-29T11:20:19","guid":{"rendered":"https:\/\/www.upo.es\/diario\/?p=9951664"},"modified":"2015-06-29T11:47:04","modified_gmt":"2015-06-29T11:47:04","slug":"la-universidad-pablo-de-olavide-aprueba-la-unificacion-de-dos-de-sus-fundaciones","status":"publish","type":"post","link":"https:\/\/www.upo.es\/diario\/institucional\/2015\/06\/la-universidad-pablo-de-olavide-aprueba-la-unificacion-de-dos-de-sus-fundaciones\/","title":{"rendered":"La Universidad Pablo de Olavide aprueba la unificaci\u00f3n de dos de sus fundaciones"},"content":{"rendered":"<p>La Universidad Pablo de Olavide ha aprobado la unificaci\u00f3n de dos de sus fundaciones universitarias, la Fundaci\u00f3n Universidad-Sociedad y la Fundaci\u00f3n Conocimiento y Cultura, <strong>dando lugar a una \u00fanica fundaci\u00f3n denominada Fundaci\u00f3n Universidad Pablo de Olavide<\/strong>.<\/p>\n<p>Este proceso se enmarca en un <strong>contexto de reestructuraci\u00f3n y racionalizaci\u00f3n del sector p\u00fablico empresarial<\/strong> cuyo fin es lograr una mayor eficacia en la gesti\u00f3n universitaria y reforzar los nexos entre la Universidad y su entorno cultural, empresarial y pol\u00edtico. El objetivo es optimizar los recursos disponibles para ser m\u00e1s eficientes en el cumplimiento de sus fines (formaci\u00f3n continua, promoci\u00f3n de la investigaci\u00f3n, orientaci\u00f3n e inserci\u00f3n profesional de los estudiantes, etc.).<\/p>\n<p>Para ello, durante los pr\u00f3ximos meses se llevar\u00e1 a cabo la unificaci\u00f3n de los patronos y los fines de ambas fundaciones. Adem\u00e1s, se ha aprobado una modificaci\u00f3n de los estatutos que permitir\u00e1 una apertura institucional y empresarial. De esta forma, la nueva fundaci\u00f3n contar\u00e1 entre sus Patronos con una amplia representaci\u00f3n de empresas e instituciones que por su posici\u00f3n estrat\u00e9gica y nivel de compromiso colaborar\u00e1n en el desarrollo de las actividades propias de la Fundaci\u00f3n.<\/p>\n<p><strong>La nueva Fundaci\u00f3n tiene como objetivo principal coadyuvar a la Universidad Pablo de Olavide al logro de sus fines y al apoyo a la mejor formaci\u00f3n, capacitaci\u00f3n y desarrollo integral de su alumnado<\/strong>, fomentando asimismo el dialogo y la colaboraci\u00f3n entre dicha Universidad y las empresas e instituciones de su entorno.<\/p>\n","protected":false},"excerpt":{"rendered":"<p>La Universidad Pablo de Olavide ha aprobado la unificaci\u00f3n de dos de sus fundaciones universitarias, la Fundaci\u00f3n Universidad-Sociedad y la Fundaci\u00f3n Conocimiento y Cultura, dando lugar a una \u00fanica fundaci\u00f3n denominada Fundaci\u00f3n Universidad Pablo de Olavide. <\/p>\n","protected":false},"author":6,"featured_media":0,"comment_status":"closed","ping_status":"open","sticky":false,"template":"","format":"standard","meta":{"_monsterinsights_skip_tracking":false,"_monsterinsights_sitenote_active":false,"_monsterinsights_sitenote_note":"","_monsterinsights_sitenote_category":0,"footnotes":""},"categories":[6],"tags":[66,1440,2474,1107,47],"class_list":["post-9951664","post","type-post","status-publish","format-standard","hentry","category-institucional","tag-empresa","tag-fundacion-conocimiento-y-cultura","tag-fundacion-universidad-pablo-de-olavide","tag-fundacion-universidad-sociedad","tag-fundaciones"],"_links":{"self":[{"href":"https:\/\/www.upo.es\/diario\/wp-json\/wp\/v2\/posts\/9951664","targetHints":{"allow":["GET"]}}],"collection":[{"href":"https:\/\/www.upo.es\/diario\/wp-json\/wp\/v2\/posts"}],"about":[{"href":"https:\/\/www.upo.es\/diario\/wp-json\/wp\/v2\/types\/post"}],"author":[{"embeddable":true,"href":"https:\/\/www.upo.es\/diario\/wp-json\/wp\/v2\/users\/6"}],"replies":[{"embeddable":true,"href":"https:\/\/www.upo.es\/diario\/wp-json\/wp\/v2\/comments?post=9951664"}],"version-history":[{"count":3,"href":"https:\/\/www.upo.es\/diario\/wp-json\/wp\/v2\/posts\/9951664\/revisions"}],"predecessor-version":[{"id":9951667,"href":"https:\/\/www.upo.es\/diario\/wp-json\/wp\/v2\/posts\/9951664\/revisions\/9951667"}],"wp:attachment":[{"href":"https:\/\/www.upo.es\/diario\/wp-json\/wp\/v2\/media?parent=9951664"}],"wp:term":[{"taxonomy":"category","embeddable":true,"href":"https:\/\/www.upo.es\/diario\/wp-json\/wp\/v2\/categories?post=9951664"},{"taxonomy":"post_tag","embeddable":true,"href":"https:\/\/www.upo.es\/diario\/wp-json\/wp\/v2\/tags?post=9951664"}],"curies":[{"name":"wp","href":"https:\/\/api.w.org\/{rel}","templated":true}]}}