{"id":9957914,"date":"2015-07-01T07:00:31","date_gmt":"2015-07-01T07:00:31","guid":{"rendered":"https:\/\/www.upo.es\/diario\/?p=9957914"},"modified":"2015-07-01T07:09:25","modified_gmt":"2015-07-01T07:09:25","slug":"manana-ceremonia-egresados-grado-ingenieria-informatica-sistemas-informacion-upo","status":"publish","type":"post","link":"https:\/\/www.upo.es\/diario\/institucional\/2015\/07\/manana-ceremonia-egresados-grado-ingenieria-informatica-sistemas-informacion-upo\/","title":{"rendered":"Hoy, ceremonia de egresados del grado en Ingenier\u00eda Inform\u00e1tica en Sistemas de Informaci\u00f3n de la UPO"},"content":{"rendered":"<p style=\"text-align: justify;\">La<strong> Universidad Pablo de Olavide<\/strong> celebrar\u00e1 hoy mi\u00e9rcoles 1 de julio, a las 19 horas en el Paraninfo, la<strong> ceremonia de egresados<\/strong> de la segunda promoci\u00f3n (2011\/2015) del<strong> grado en Ingenier\u00eda Inform\u00e1tica en Sistemas de Informaci\u00f3n<\/strong>, que estar\u00e1 presidida por la vicerrectora de TIC, Calidad e Innovaci\u00f3n, Alicia Troncoso Lora.<\/p>\n<p style=\"text-align: justify;\">\u00a0El padrino de la promoci\u00f3n ser\u00e1 Guillermo Amodeo Ojeda, ingeniero de Software y consultor senior de<strong> IBM Security<\/strong>. A la ceremonia tambi\u00e9n asistir\u00e1n el director de la<strong> Escuela Polit\u00e9cnica Superior<\/strong>, Jes\u00fas Salvador Aguilar Ruiz, y el subdirector de Ordenaci\u00f3n Acad\u00e9mica,\u00a0 Ra\u00fal Gir\u00e1ldez Rojo.<\/p>\n<p style=\"text-align: justify;\">Un total de 18 egresados han confirmado su asistencia, junto a sus familiares, a este acto con el que la Universidad Pablo de Olavide recupera una antigua tradici\u00f3n de las universidades europeas.<\/p>\n<p>&nbsp;<\/p>\n<p align=\"center\"><b><span style=\"text-decoration: underline;\">Programa de la Ceremonia Fin de Grado<\/span><\/b><\/p>\n<p align=\"center\">Paraninfo de la Universidad Pablo de Olavide<\/p>\n<p align=\"center\">19 horas<\/p>\n<p align=\"center\">&#8211; Apertura del acto.<\/p>\n<p align=\"center\">&#8211; Mensaje del padrino de la promoci\u00f3n: Guillermo Amodeo Ojeda, ingeniero de Software y consultor senior de IBM Security.<\/p>\n<p align=\"center\">&#8211; Imposici\u00f3n de becas a los estudiantes.<\/p>\n<p align=\"center\">&#8211; Intervenci\u00f3n de la representante de los estudiantes: Laura D\u00edaz S\u00e1ez.<\/p>\n<p align=\"center\">&#8211;\u00a0\u00a0\u00a0\u00a0\u00a0\u00a0\u00a0\u00a0\u00a0 Palabras del director de la Escuela Polit\u00e9cnica Superior de la Universidad Pablo de Olavide, Jes\u00fas Salvador Aguilar Ruiz.<\/p>\n<p align=\"center\">&#8211; Clausura del acto: Alicia Troncoso Lora, vicerrectora de TIC, Calidad e Innovaci\u00f3n de la Universidad Pablo de Olavide.<\/p>\n<p align=\"center\">&#8211; Himno Universitario.<\/p>\n","protected":false},"excerpt":{"rendered":"<p>La Universidad Pablo de Olavide celebrar\u00e1 hoy mi\u00e9rcoles 1 de julio, a las 19 horas en el Paraninfo, la ceremonia de egresados de la segunda promoci\u00f3n (2011\/2015) del grado en Ingenier\u00eda Inform\u00e1tica en Sistemas de Informaci\u00f3n, que estar\u00e1 presidida por la vicerrectora de TIC, Calidad e Innovaci\u00f3n, Alicia Troncoso Lora.  El padrino de la promoci\u00f3n ser\u00e1 Guillermo Amodeo Ojeda, ingeniero de Software y consultor senior de IBM Security.<\/p>\n","protected":false},"author":4,"featured_media":0,"comment_status":"closed","ping_status":"open","sticky":false,"template":"","format":"standard","meta":{"_monsterinsights_skip_tracking":false,"_monsterinsights_sitenote_active":false,"_monsterinsights_sitenote_note":"","_monsterinsights_sitenote_category":0,"footnotes":""},"categories":[6],"tags":[581,152,2479],"class_list":["post-9957914","post","type-post","status-publish","format-standard","hentry","category-institucional","tag-ceremonia-de-egresados","tag-escuela-politecnica-superior","tag-grado-en-ingenieria-informatica-en-sistemas-de-informacion"],"_links":{"self":[{"href":"https:\/\/www.upo.es\/diario\/wp-json\/wp\/v2\/posts\/9957914","targetHints":{"allow":["GET"]}}],"collection":[{"href":"https:\/\/www.upo.es\/diario\/wp-json\/wp\/v2\/posts"}],"about":[{"href":"https:\/\/www.upo.es\/diario\/wp-json\/wp\/v2\/types\/post"}],"author":[{"embeddable":true,"href":"https:\/\/www.upo.es\/diario\/wp-json\/wp\/v2\/users\/4"}],"replies":[{"embeddable":true,"href":"https:\/\/www.upo.es\/diario\/wp-json\/wp\/v2\/comments?post=9957914"}],"version-history":[{"count":6,"href":"https:\/\/www.upo.es\/diario\/wp-json\/wp\/v2\/posts\/9957914\/revisions"}],"predecessor-version":[{"id":9964832,"href":"https:\/\/www.upo.es\/diario\/wp-json\/wp\/v2\/posts\/9957914\/revisions\/9964832"}],"wp:attachment":[{"href":"https:\/\/www.upo.es\/diario\/wp-json\/wp\/v2\/media?parent=9957914"}],"wp:term":[{"taxonomy":"category","embeddable":true,"href":"https:\/\/www.upo.es\/diario\/wp-json\/wp\/v2\/categories?post=9957914"},{"taxonomy":"post_tag","embeddable":true,"href":"https:\/\/www.upo.es\/diario\/wp-json\/wp\/v2\/tags?post=9957914"}],"curies":[{"name":"wp","href":"https:\/\/api.w.org\/{rel}","templated":true}]}}