{"id":9959127,"date":"2015-07-02T01:05:52","date_gmt":"2015-07-02T01:05:52","guid":{"rendered":"https:\/\/www.upo.es\/diario\/?p=9959127"},"modified":"2015-07-02T12:04:54","modified_gmt":"2015-07-02T12:04:54","slug":"la-compania-furor-bacchicus-teatro-representa-hoy-en-carmona-la-obra-el-cartagines-de-plauto","status":"publish","type":"post","link":"https:\/\/www.upo.es\/diario\/cultura\/2015\/07\/la-compania-furor-bacchicus-teatro-representa-hoy-en-carmona-la-obra-el-cartagines-de-plauto\/","title":{"rendered":"La compa\u00f1\u00eda Furor Bacchicus Teatro represent\u00f3 ayer en Carmona la obra &#8216;El Cartagin\u00e9s&#8217;, de Plauto"},"content":{"rendered":"<figure id=\"attachment_9973397\" aria-describedby=\"caption-attachment-9973397\" style=\"width: 600px\" class=\"wp-caption aligncenter\"><a href=\"https:\/\/www.upo.es\/diario\/wp-content\/uploads\/2015\/07\/El-cartagin\u00e9s-3.jpg\"><img loading=\"lazy\" decoding=\"async\" class=\"size-large wp-image-9973397\" alt=\"Furor Bacchicus re present\u00f3 &quot;El Cartagin\u00e9s&quot; de Plauto. \" src=\"https:\/\/www.upo.es\/diario\/wp-content\/uploads\/2015\/07\/El-cartagin\u00e9s-3-600x401.jpg\" width=\"600\" height=\"401\" srcset=\"https:\/\/www.upo.es\/diario\/wp-content\/uploads\/2015\/07\/El-cartagin\u00e9s-3-600x401.jpg 600w, https:\/\/www.upo.es\/diario\/wp-content\/uploads\/2015\/07\/El-cartagin\u00e9s-3-320x214.jpg 320w, https:\/\/www.upo.es\/diario\/wp-content\/uploads\/2015\/07\/El-cartagin\u00e9s-3.jpg 1764w\" sizes=\"auto, (max-width: 600px) 100vw, 600px\" \/><\/a><figcaption id=\"caption-attachment-9973397\" class=\"wp-caption-text\">Furor Bacchicus represent\u00f3 \u00abEl Cartagin\u00e9s\u00bb de Plauto.<\/figcaption><\/figure>\n<p>El <b>grupo de teatro grecolatino de la Facultad de Humanidades de la Universidad Pablo de Olavide, Furor Bacchicus<\/b>, represent\u00f3 ayer mi\u00e9rcoles en Carmona la\u00a0obra de teatro \u201cEl Cartagin\u00e9s\u201d, de Plauto.<\/p>\n<p>La representaci\u00f3n, que tuvo lugar\u00a0en el patio del Aljibe del Alc\u00e1zar de la Puerta de Sevilla, se enmarca\u00a0dentro de las actividades del Verano Cultural 2015 de Carmona, organizado por la sede de la Universidad Pablo de Olavide en Carmona \u2013 Rectora Rosario Valpuesta y por el Ayuntamiento de Carmona.<\/p>\n<figure id=\"attachment_9973400\" aria-describedby=\"caption-attachment-9973400\" style=\"width: 320px\" class=\"wp-caption alignright\"><a href=\"https:\/\/www.upo.es\/diario\/wp-content\/uploads\/2015\/07\/El-cartagin\u00e9s-1.jpg\"><img loading=\"lazy\" decoding=\"async\" class=\"size-medium wp-image-9973400\" alt=\"Imagen de la puesta en escena. \" src=\"https:\/\/www.upo.es\/diario\/wp-content\/uploads\/2015\/07\/El-cartagin\u00e9s-1-320x214.jpg\" width=\"320\" height=\"214\" srcset=\"https:\/\/www.upo.es\/diario\/wp-content\/uploads\/2015\/07\/El-cartagin\u00e9s-1-320x214.jpg 320w, https:\/\/www.upo.es\/diario\/wp-content\/uploads\/2015\/07\/El-cartagin\u00e9s-1-600x401.jpg 600w, https:\/\/www.upo.es\/diario\/wp-content\/uploads\/2015\/07\/El-cartagin\u00e9s-1.jpg 1764w\" sizes=\"auto, (max-width: 320px) 100vw, 320px\" \/><\/a><figcaption id=\"caption-attachment-9973400\" class=\"wp-caption-text\">Imagen de la puesta en escena.<\/figcaption><\/figure>\n<p>La entrada para ver otra obra, coordinada por las investigadoras Rosario Moreno y Mercedes de la Torre, consisti\u00f3 en la estrega de un kilo de alimentos, que ir\u00e1 destinado al centro de ayuda social Nuevo D\u00eda de Carmona.<\/p>\n<p><b>Furor Bacchicus Teatro<\/b>\u00a0nace en 2012 con el objetivo de explorar y difundir el teatro grecolatino y, con ello, reivindicar la cultura y los saberes human\u00edsticos. Esta compa\u00f1\u00eda est\u00e1 formada por estudiantes de los Grados en Humanidades, Geograf\u00eda e Historia, Traducci\u00f3n e Interpretaci\u00f3n y Doble Grado en Humanidades y Traducci\u00f3n e Interpretaci\u00f3n, con la colaboraci\u00f3n del \u00c1rea de Filolog\u00eda Latina y coordinados por las profesoras Rosario Moreno y Mercedes de la Torre. \u201cEl Cartagin\u00e9s\u201d de Plauto es el quinto montaje de la compa\u00f1\u00eda, que ya ha representado \u201cLa Asamblea de las Mujeres\u201d de Arist\u00f3fanes, \u201cC\u00e1sina\u201d de Plauto, \u201cEl Juicio de Paris\u201d de Luciano de Samosata, y \u201cLas Troyanas\u201d de Eur\u00edpides.<\/p>\n","protected":false},"excerpt":{"rendered":"<p>La actividad se enmarca dentro de la agenda del Verano Cultural 2015, organizado por la sede de la Universidad Pablo de Olavide en Carmona y el Ayuntamiento de la ciudad<\/p>\n","protected":false},"author":6,"featured_media":0,"comment_status":"closed","ping_status":"open","sticky":false,"template":"","format":"standard","meta":{"_monsterinsights_skip_tracking":false,"_monsterinsights_sitenote_active":false,"_monsterinsights_sitenote_note":"","_monsterinsights_sitenote_category":0,"footnotes":""},"categories":[7],"tags":[645,23,21,96,707,1510,519,95],"class_list":["post-9959127","post","type-post","status-publish","format-standard","hentry","category-cultura","tag-ayuntamientos","tag-carmona","tag-estudiantes","tag-facultad-de-humanidades","tag-filologia","tag-furor-bacchicus-teatro","tag-olavide-en-carmona","tag-teatro"],"_links":{"self":[{"href":"https:\/\/www.upo.es\/diario\/wp-json\/wp\/v2\/posts\/9959127","targetHints":{"allow":["GET"]}}],"collection":[{"href":"https:\/\/www.upo.es\/diario\/wp-json\/wp\/v2\/posts"}],"about":[{"href":"https:\/\/www.upo.es\/diario\/wp-json\/wp\/v2\/types\/post"}],"author":[{"embeddable":true,"href":"https:\/\/www.upo.es\/diario\/wp-json\/wp\/v2\/users\/6"}],"replies":[{"embeddable":true,"href":"https:\/\/www.upo.es\/diario\/wp-json\/wp\/v2\/comments?post=9959127"}],"version-history":[{"count":10,"href":"https:\/\/www.upo.es\/diario\/wp-json\/wp\/v2\/posts\/9959127\/revisions"}],"predecessor-version":[{"id":9973396,"href":"https:\/\/www.upo.es\/diario\/wp-json\/wp\/v2\/posts\/9959127\/revisions\/9973396"}],"wp:attachment":[{"href":"https:\/\/www.upo.es\/diario\/wp-json\/wp\/v2\/media?parent=9959127"}],"wp:term":[{"taxonomy":"category","embeddable":true,"href":"https:\/\/www.upo.es\/diario\/wp-json\/wp\/v2\/categories?post=9959127"},{"taxonomy":"post_tag","embeddable":true,"href":"https:\/\/www.upo.es\/diario\/wp-json\/wp\/v2\/tags?post=9959127"}],"curies":[{"name":"wp","href":"https:\/\/api.w.org\/{rel}","templated":true}]}}