{"id":9973402,"date":"2015-07-02T10:37:31","date_gmt":"2015-07-02T10:37:31","guid":{"rendered":"https:\/\/www.upo.es\/diario\/?p=9973402"},"modified":"2015-07-02T10:38:22","modified_gmt":"2015-07-02T10:38:22","slug":"ceremonia-egresados-grado-ingenieria-informatica-sistemas-informacion-upo","status":"publish","type":"post","link":"https:\/\/www.upo.es\/diario\/institucional\/2015\/07\/ceremonia-egresados-grado-ingenieria-informatica-sistemas-informacion-upo\/","title":{"rendered":"Ceremonia de egresados del grado en Ingenier\u00eda Inform\u00e1tica en Sistemas de Informaci\u00f3n de la UPO"},"content":{"rendered":"<figure id=\"attachment_9973403\" aria-describedby=\"caption-attachment-9973403\" style=\"width: 600px\" class=\"wp-caption aligncenter\"><a href=\"https:\/\/www.upo.es\/diario\/wp-content\/uploads\/2015\/07\/grupo.jpg\"><img loading=\"lazy\" decoding=\"async\" class=\"size-large wp-image-9973403\" alt=\"Segunda promoci\u00f3n del grado en Ingenier\u00eda Inform\u00e1tica en Sistemas de Informaci\u00f3n\" src=\"https:\/\/www.upo.es\/diario\/wp-content\/uploads\/2015\/07\/grupo-600x401.jpg\" width=\"600\" height=\"401\" srcset=\"https:\/\/www.upo.es\/diario\/wp-content\/uploads\/2015\/07\/grupo-600x401.jpg 600w, https:\/\/www.upo.es\/diario\/wp-content\/uploads\/2015\/07\/grupo-320x214.jpg 320w\" sizes=\"auto, (max-width: 600px) 100vw, 600px\" \/><\/a><figcaption id=\"caption-attachment-9973403\" class=\"wp-caption-text\">Segunda promoci\u00f3n del grado en Ingenier\u00eda Inform\u00e1tica en Sistemas de Informaci\u00f3n.<\/figcaption><\/figure>\n<p>La <strong>ceremonia de egresados<\/strong> de la segunda promoci\u00f3n (2011\/2015) del <strong>grado en Ingenier\u00eda Inform\u00e1tica en Sistemas de Informaci\u00f3n<\/strong> se celebr\u00f3 ayer mi\u00e9rcoles en la<strong> Universidad Pablo de Olavide<\/strong>, presidida por la vicerrectora de TIC, Calidad e Innovaci\u00f3n, Alicia Troncoso Lora.<\/p>\n<figure id=\"attachment_9973404\" aria-describedby=\"caption-attachment-9973404\" style=\"width: 320px\" class=\"wp-caption alignright\"><a href=\"https:\/\/www.upo.es\/diario\/wp-content\/uploads\/2015\/07\/padrino.jpg\"><img loading=\"lazy\" decoding=\"async\" class=\"size-medium wp-image-9973404\" alt=\"El padrino Guillermo Amodeo Ojeda\" src=\"https:\/\/www.upo.es\/diario\/wp-content\/uploads\/2015\/07\/padrino-320x214.jpg\" width=\"320\" height=\"214\" srcset=\"https:\/\/www.upo.es\/diario\/wp-content\/uploads\/2015\/07\/padrino-320x214.jpg 320w, https:\/\/www.upo.es\/diario\/wp-content\/uploads\/2015\/07\/padrino-600x401.jpg 600w\" sizes=\"auto, (max-width: 320px) 100vw, 320px\" \/><\/a><figcaption id=\"caption-attachment-9973404\" class=\"wp-caption-text\">El padrino de la promoci\u00f3n Guillermo Amodeo Ojeda, ingeniero de Software y consultor senior de IBM Security.<\/figcaption><\/figure>\n<p>El padrino de la promoci\u00f3n ha sido Guillermo Amodeo Ojeda, ingeniero de Software y consultor senior de <strong>IBM Security<\/strong>. A la ceremonia tambi\u00e9n han asistido el director de la<strong> Escuela Polit\u00e9cnica Superior<\/strong>, Jes\u00fas Salvador Aguilar Ruiz, y el subdirector de Ordenaci\u00f3n Acad\u00e9mica,\u00a0 Ra\u00fal Gir\u00e1ldez Rojo. La representante de los estudiantes ha sido Laura D\u00edaz S\u00e1ez.<\/p>\n<p>Un total de 18 egresados han asistido junto a sus familiares a este acto con el que la Universidad Pablo de Olavide recupera una antigua tradici\u00f3n de las universidades europeas.<\/p>\n","protected":false},"excerpt":{"rendered":"<p>La ceremonia de egresados de la segunda promoci\u00f3n (2011\/2015) del grado en Ingenier\u00eda Inform\u00e1tica en Sistemas de Informaci\u00f3n se celebr\u00f3 ayer mi\u00e9rcoles en la Universidad Pablo de Olavide, presidida por la vicerrectora de TIC, Calidad e Innovaci\u00f3n, Alicia Troncoso Lora.  El padrino de la promoci\u00f3n ha sido Guillermo Amodeo Ojeda, ingeniero de Software y consultor senior de IBM Security. <\/p>\n","protected":false},"author":4,"featured_media":0,"comment_status":"closed","ping_status":"open","sticky":false,"template":"","format":"standard","meta":{"_monsterinsights_skip_tracking":false,"_monsterinsights_sitenote_active":false,"_monsterinsights_sitenote_note":"","_monsterinsights_sitenote_category":0,"footnotes":""},"categories":[6],"tags":[581,152,2479,2483],"class_list":["post-9973402","post","type-post","status-publish","format-standard","hentry","category-institucional","tag-ceremonia-de-egresados","tag-escuela-politecnica-superior","tag-grado-en-ingenieria-informatica-en-sistemas-de-informacion","tag-ibm"],"_links":{"self":[{"href":"https:\/\/www.upo.es\/diario\/wp-json\/wp\/v2\/posts\/9973402","targetHints":{"allow":["GET"]}}],"collection":[{"href":"https:\/\/www.upo.es\/diario\/wp-json\/wp\/v2\/posts"}],"about":[{"href":"https:\/\/www.upo.es\/diario\/wp-json\/wp\/v2\/types\/post"}],"author":[{"embeddable":true,"href":"https:\/\/www.upo.es\/diario\/wp-json\/wp\/v2\/users\/4"}],"replies":[{"embeddable":true,"href":"https:\/\/www.upo.es\/diario\/wp-json\/wp\/v2\/comments?post=9973402"}],"version-history":[{"count":3,"href":"https:\/\/www.upo.es\/diario\/wp-json\/wp\/v2\/posts\/9973402\/revisions"}],"predecessor-version":[{"id":9973407,"href":"https:\/\/www.upo.es\/diario\/wp-json\/wp\/v2\/posts\/9973402\/revisions\/9973407"}],"wp:attachment":[{"href":"https:\/\/www.upo.es\/diario\/wp-json\/wp\/v2\/media?parent=9973402"}],"wp:term":[{"taxonomy":"category","embeddable":true,"href":"https:\/\/www.upo.es\/diario\/wp-json\/wp\/v2\/categories?post=9973402"},{"taxonomy":"post_tag","embeddable":true,"href":"https:\/\/www.upo.es\/diario\/wp-json\/wp\/v2\/tags?post=9973402"}],"curies":[{"name":"wp","href":"https:\/\/api.w.org\/{rel}","templated":true}]}}