{"id":9974051,"date":"2015-07-06T09:45:37","date_gmt":"2015-07-06T09:45:37","guid":{"rendered":"https:\/\/www.upo.es\/diario\/?p=9974051"},"modified":"2015-07-06T11:33:23","modified_gmt":"2015-07-06T11:33:23","slug":"el-escritor-blue-jeans-protagonizara-manana-un-encuentro-con-sus-lectores-en-carmona","status":"publish","type":"post","link":"https:\/\/www.upo.es\/diario\/cultura\/2015\/07\/el-escritor-blue-jeans-protagonizara-manana-un-encuentro-con-sus-lectores-en-carmona\/","title":{"rendered":"El escritor Blue Jeans protagoniza un encuentro con sus lectores en Carmona"},"content":{"rendered":"<figure id=\"attachment_10003774\" aria-describedby=\"caption-attachment-10003774\" style=\"width: 600px\" class=\"wp-caption aligncenter\"><a href=\"https:\/\/www.upo.es\/diario\/wp-content\/uploads\/2015\/07\/DSC_0038.jpg\"><img loading=\"lazy\" decoding=\"async\" class=\"size-large wp-image-10003774\" alt=\"El escritor Blue Jeans ha firmado ejemplares de su \u00faltimo libro.\" src=\"https:\/\/www.upo.es\/diario\/wp-content\/uploads\/2015\/07\/DSC_0038-600x401.jpg\" width=\"600\" height=\"401\" srcset=\"https:\/\/www.upo.es\/diario\/wp-content\/uploads\/2015\/07\/DSC_0038-600x401.jpg 600w, https:\/\/www.upo.es\/diario\/wp-content\/uploads\/2015\/07\/DSC_0038-320x214.jpg 320w\" sizes=\"auto, (max-width: 600px) 100vw, 600px\" \/><\/a><figcaption id=\"caption-attachment-10003774\" class=\"wp-caption-text\">El escritor Blue Jeans ha firmado ejemplares de su \u00faltimo libro.<\/figcaption><\/figure>\n<p>El escritor carmonense <strong>Blue Jeans, uno de los autores nacionales e internacionales m\u00e1s conocidos de literatura juvenil, protagoniz\u00f3 el pasado viernes 3 de julio <strong>en el Teatro Cerezo de Carmona\u00a0<\/strong>un encuentro con sus lectores en el que firm\u00f3 ejemplares de sus libros.<\/strong><\/p>\n<p>Dicho encuentro tuvo lugar a partir de las 18,30 horas con la proyecci\u00f3n de la pel\u00edcula \u201cEl club de los incomprendidos\u201d, gui\u00f3n adaptado del libro \u201cBuenos d\u00edas princesa\u201d, editado por Planeta. Posteriormente, el autor procedi\u00f3 a la firma de sus libros.<\/p>\n<figure id=\"attachment_10003775\" aria-describedby=\"caption-attachment-10003775\" style=\"width: 320px\" class=\"wp-caption alignright\"><a href=\"https:\/\/www.upo.es\/diario\/wp-content\/uploads\/2015\/07\/DSC_0004.jpg\"><img loading=\"lazy\" decoding=\"async\" class=\"size-medium wp-image-10003775\" alt=\"De izquierda a derecha, Juan \u00c1vila Guti\u00e9rrez, Blue Jeans y Francisco Hidalgo. \" src=\"https:\/\/www.upo.es\/diario\/wp-content\/uploads\/2015\/07\/DSC_0004-320x214.jpg\" width=\"320\" height=\"214\" srcset=\"https:\/\/www.upo.es\/diario\/wp-content\/uploads\/2015\/07\/DSC_0004-320x214.jpg 320w, https:\/\/www.upo.es\/diario\/wp-content\/uploads\/2015\/07\/DSC_0004-600x401.jpg 600w\" sizes=\"auto, (max-width: 320px) 100vw, 320px\" \/><\/a><figcaption id=\"caption-attachment-10003775\" class=\"wp-caption-text\">De izquierda a derecha, Juan \u00c1vila Guti\u00e9rrez, Blue Jeans y Francisco Hidalgo.<\/figcaption><\/figure>\n<p>Esta actividad est\u00e1 incluida dentro de la agenda del <strong>verano cultural 2015<\/strong>, organizado por la sede de la Universidad Pablo de Olavide en Carmona y la Delegaci\u00f3n de Cultura y de Patrimonio Hist\u00f3rico y Turismo del Ayuntamiento de Carmona.<\/p>\n<p>Licenciado en Periodismo por la Universidad Europea de Madrid, Francisco de Paula, que firma con el seud\u00f3nimo de Blue Jeans, es uno de los escritores espa\u00f1oles de literatura juvenil con mayor \u00e9xito.<\/p>\n<p>Comenz\u00f3 escribiendo en un blog que, poco a poco, termin\u00f3 siendo un \u00e9xito y la editorial Everest decidi\u00f3 publicar su triolog\u00eda compuesta por\u00a0\u201c<a title=\"Canciones para Paula (a\u00fan no redactado)\" href=\"https:\/\/es.wikipedia.org\/w\/index.php?title=Canciones_para_Paula&amp;action=edit&amp;redlink=1\">Canciones para Paula<\/a>\u201d, \u00a0\u201c\u00bfSabes que te quiero?\u201d\u00a0y\u00a0\u201cC\u00e1llame con un beso\u201d, libros que han conseguido m\u00e1s de medio mill\u00f3n de lectores.<\/p>\n<p>Su \u00faltimo trabajo es\u00a0\u201cEl club de los incomprendidos\u201d\u00a0(<a title=\"Editorial Planeta\" href=\"https:\/\/es.wikipedia.org\/wiki\/Editorial_Planeta\">Planeta<\/a>), formado por\u00a0\u201c\u00a1Buenos d\u00edas princesa!\u201d,\u00a0\u201cNo sonr\u00edas que me enamoro\u201d,\u00a0\u201c\u00bfPuedo so\u00f1ar contigo?\u201d\u00a0y\u00a0\u201cTengo un secreto: el diario de Meri\u201d. La productora Bamb\u00fa y AtresMedia se hicieron con los derechos cinematogr\u00e1ficos de la saga y la pel\u00edcula vio la luz a finales del a\u00f1o pasado.<\/p>\n<p>En octubre de 2013, le concedieron el Premio de Literatura Infantil y Juvenil \u201cCervantes Chico\u201d, otorgado por la ciudad madrile\u00f1a de\u00a0<a title=\"Alcal\u00e1 de Henares\" href=\"https:\/\/es.wikipedia.org\/wiki\/Alcal%C3%A1_de_Henares\">Alcal\u00e1 de Henares<\/a>.<\/p>\n<p style=\"text-align: left;\" align=\"center\"><b>\u00a0<\/b><\/p>\n","protected":false},"excerpt":{"rendered":"<p>El escritor carmonense Blue Jeans, uno de los autores nacionales e internacionales m\u00e1s conocidos de literatura juvenil, protagoniz\u00f3 el pasado viernes 3 de julio en el Teatro Cerezo de Carmona un encuentro con sus lectores en el que firm\u00f3 ejemplares de sus libros.<\/p>\n","protected":false},"author":6,"featured_media":0,"comment_status":"closed","ping_status":"open","sticky":false,"template":"","format":"standard","meta":{"_monsterinsights_skip_tracking":false,"_monsterinsights_sitenote_active":false,"_monsterinsights_sitenote_note":"","_monsterinsights_sitenote_category":0,"footnotes":""},"categories":[7],"tags":[645,23,821,401,519],"class_list":["post-9974051","post","type-post","status-publish","format-standard","hentry","category-cultura","tag-ayuntamientos","tag-carmona","tag-encuentro","tag-literatura","tag-olavide-en-carmona"],"_links":{"self":[{"href":"https:\/\/www.upo.es\/diario\/wp-json\/wp\/v2\/posts\/9974051","targetHints":{"allow":["GET"]}}],"collection":[{"href":"https:\/\/www.upo.es\/diario\/wp-json\/wp\/v2\/posts"}],"about":[{"href":"https:\/\/www.upo.es\/diario\/wp-json\/wp\/v2\/types\/post"}],"author":[{"embeddable":true,"href":"https:\/\/www.upo.es\/diario\/wp-json\/wp\/v2\/users\/6"}],"replies":[{"embeddable":true,"href":"https:\/\/www.upo.es\/diario\/wp-json\/wp\/v2\/comments?post=9974051"}],"version-history":[{"count":6,"href":"https:\/\/www.upo.es\/diario\/wp-json\/wp\/v2\/posts\/9974051\/revisions"}],"predecessor-version":[{"id":10003773,"href":"https:\/\/www.upo.es\/diario\/wp-json\/wp\/v2\/posts\/9974051\/revisions\/10003773"}],"wp:attachment":[{"href":"https:\/\/www.upo.es\/diario\/wp-json\/wp\/v2\/media?parent=9974051"}],"wp:term":[{"taxonomy":"category","embeddable":true,"href":"https:\/\/www.upo.es\/diario\/wp-json\/wp\/v2\/categories?post=9974051"},{"taxonomy":"post_tag","embeddable":true,"href":"https:\/\/www.upo.es\/diario\/wp-json\/wp\/v2\/tags?post=9974051"}],"curies":[{"name":"wp","href":"https:\/\/api.w.org\/{rel}","templated":true}]}}