{"id":9974057,"date":"2015-07-02T23:00:53","date_gmt":"2015-07-02T23:00:53","guid":{"rendered":"https:\/\/www.upo.es\/diario\/?p=9974057"},"modified":"2015-07-06T07:12:04","modified_gmt":"2015-07-06T07:12:04","slug":"toma-de-posesion-del-nuevo-comisionado-para-la-defensoria-universitaria-carlos-alarcon-cabrera","status":"publish","type":"post","link":"https:\/\/www.upo.es\/diario\/institucional\/2015\/07\/toma-de-posesion-del-nuevo-comisionado-para-la-defensoria-universitaria-carlos-alarcon-cabrera\/","title":{"rendered":"Toma de posesi\u00f3n del nuevo comisionado para la Defensor\u00eda Universitaria, Carlos Alarc\u00f3n Cabrera"},"content":{"rendered":"<figure id=\"attachment_9974369\" aria-describedby=\"caption-attachment-9974369\" style=\"width: 600px\" class=\"wp-caption aligncenter\"><a href=\"https:\/\/www.upo.es\/diario\/wp-content\/uploads\/2015\/07\/tpdeca_cceex_ccss.jpg\"><img loading=\"lazy\" decoding=\"async\" class=\"size-large wp-image-9974369\" alt=\"De izquierda a derecha, Antonio Gallardo, Carlos Alarc\u00f3n, el rector Vicente Guzm\u00e1n y Rosa Mar\u00eda D\u00edaz.\" src=\"https:\/\/www.upo.es\/diario\/wp-content\/uploads\/2015\/07\/tpdeca_cceex_ccss-600x399.jpg\" width=\"600\" height=\"399\" srcset=\"https:\/\/www.upo.es\/diario\/wp-content\/uploads\/2015\/07\/tpdeca_cceex_ccss-600x399.jpg 600w, https:\/\/www.upo.es\/diario\/wp-content\/uploads\/2015\/07\/tpdeca_cceex_ccss-320x213.jpg 320w\" sizes=\"auto, (max-width: 600px) 100vw, 600px\" \/><\/a><figcaption id=\"caption-attachment-9974369\" class=\"wp-caption-text\">De izquierda a derecha, Antonio Gallardo, Carlos Alarc\u00f3n, el rector Vicente Guzm\u00e1n y Rosa Mar\u00eda D\u00edaz.<\/figcaption><\/figure>\n<p>Esta ma\u00f1ana ha tenido lugar en la Universidad Pablo de Olavide el acto de toma de posesi\u00f3n del nuevo comisionado para la Defensor\u00eda Universitaria, Carlos Alarc\u00f3n Cabrera, y de los decanos de la Facultad de Ciencias Sociales y de la Facultad de Ciencias Experimentales, Rosa Mar\u00eda D\u00edaz Jim\u00e9nez y Antonio Gallardo Correa, respectivamente.<\/p>\n<figure id=\"attachment_9974370\" aria-describedby=\"caption-attachment-9974370\" style=\"width: 320px\" class=\"wp-caption alignright\"><a href=\"https:\/\/www.upo.es\/diario\/wp-content\/uploads\/2015\/07\/tpdeca_cceex_ccss1.jpg\"><img loading=\"lazy\" decoding=\"async\" class=\"size-medium wp-image-9974370\" alt=\"Imagen de todas las personas que han tomado posesi\u00f3n de sus cargos en la UPO.\" src=\"https:\/\/www.upo.es\/diario\/wp-content\/uploads\/2015\/07\/tpdeca_cceex_ccss1-320x213.jpg\" width=\"320\" height=\"213\" srcset=\"https:\/\/www.upo.es\/diario\/wp-content\/uploads\/2015\/07\/tpdeca_cceex_ccss1-320x213.jpg 320w, https:\/\/www.upo.es\/diario\/wp-content\/uploads\/2015\/07\/tpdeca_cceex_ccss1-600x400.jpg 600w\" sizes=\"auto, (max-width: 320px) 100vw, 320px\" \/><\/a><figcaption id=\"caption-attachment-9974370\" class=\"wp-caption-text\">Imagen de todas las personas que han tomado posesi\u00f3n de sus cargos en la UPO.<\/figcaption><\/figure>\n<p>En este acto, que ha estado presidido por el rector Vicente Guzm\u00e1n, han tomado posesi\u00f3n asimismo los equipos decanales de ambos centros: por parte de la Facultad de Ciencias Sociales, Juan Miguel G\u00f3mez Espino como secretario de la Facultad; Beatriz Mac\u00edas G\u00f3mez-Estern, como vicedecana de Relaciones Internacionales y Movilidad; Mar\u00eda Teresa Terr\u00f3n Caro, como vicedecana de Calidad, Innovaci\u00f3n y Coordinaci\u00f3n Docente; Antonia Corona Aguilar, como vicedecana de Pr\u00e1cticas. Por parte de la Facultad de Ciencias Experimentales, Enrique Ramos G\u00f3mez como secretario de la Facultad; Juan Rigoberto Tejedo Huam\u00e1n como vicedecano de Ordenaci\u00f3n Acad\u00e9mica; Jes\u00fas Rexach Benavides, como vicedecano de Relaciones Internacionales y Movilidad; Mar\u00eda Pilar Ortiz Calder\u00f3n como vicedecana de Calidad y Coordinaci\u00f3n Docente, y Eva Valero Blanco, como coordinadora de Pr\u00e1cticas Externas.<\/p>\n<p>Asimismo, han tomado posesi\u00f3n Esperanza P\u00e9rez Ma\u00f1as,\u00a0 como directora del \u00c1rea de Investigaci\u00f3n de la Universidad Pablo de Olavide, y Miguel \u00c1ngel Morales Cevidanes, como director del \u00c1rea de Gesti\u00f3n Administrativa de Asistencia al Estudiante de Grado de la Universidad Pablo de Olavide.<\/p>\n<div>\n<p>El Consejo de Gobierno de la Universidad Pablo de Olavide aprob\u00f3 el pasado d\u00eda 24 de junio el nombramiento de Carlos Alarc\u00f3n Cabrera como nuevo comisionado de la Defensor\u00eda Universitaria de esta universidad, a propuesta del rector Vicente Guzm\u00e1n. Carlos Alarc\u00f3n sustituye al catedr\u00e1tico de Psicolog\u00eda Juan Daniel Ram\u00edrez Garrido como persona comisionada para el ejercicio de la Defensor\u00eda Universitaria, que qued\u00f3 vacante tras no alcanzar Ram\u00edrez Garrido la mayor\u00eda absoluta requerida en las elecciones a Defensor Universitario celebradas el pasado mes de febrero, a las que se present\u00f3 como candidato.<\/p>\n<p>&nbsp;<\/p>\n<hr \/>\n<p><b>CARLOS ALARC\u00d3N<\/b> <b>CABRERA<\/b> es catedr\u00e1tico de Filosof\u00eda del Derecho en la Universidad Pablo de Olavide. Anteriormente hab\u00eda impartido esta materia en las universidades de Sevilla y de Huelva, y como profesor visitante en las universidades p\u00fablicas de Pav\u00eda y Helsinki. Ha escrito una quincena de libros de su especialidad, entre los que destacan \u00abLa paz en el constitucionalismo comparado\u00bb (1988), \u00abNormas y paradojas\u00bb (1993), \u201cDiccionario cr\u00edtico de los derechos humanos\u201d (1999), \u201cJusticia electoral\u201d (2004), \u201cHistoria electoral de los Estados Unidos\u201d (2006) y \u201cLa interpretaci\u00f3n y la aplicaci\u00f3n del Derecho\u201d (2011). Ha sido vicerrector de Relaciones Institucionales e Internacionales de la UPO desde diciembre de 2011 hasta mayo de 2012, director del Departamento de Derecho P\u00fablico de la UPO, \u00a0secretario general de la Universidad de Huelva y director del Departamento Theodor Mommsen de la Universidad de Huelva. Ha sido presidente de la Sociedad Espa\u00f1ola de Filosof\u00eda Jur\u00eddica y Pol\u00edtica.<\/p>\n<p><b>ROSA MAR\u00cdA D\u00cdAZ JIM\u00c9NEZ<\/b> es decana de la Facultad de Ciencias Sociales desde abril de 2015. Es profesora titular de la Universidad Pablo de Olavide desde marzo de 2003, anteriormente vinculada a la universidad como profesora asociada, puesto que hab\u00eda compaginado con la gesti\u00f3n organizacional en entidades sociales vinculadas a la discapacidad.\u00a0 Doctora en Ciencias Sociales por la Universidad Pablo de Olavide, diplomada en Trabajo Social y licenciada en Publicidad y Relaciones P\u00fablicas. Doctorado y M\u00e1ster oficial en Investigaciones Feministas. M\u00e1ster en Direcci\u00f3n de Empresas por la C\u00e1mara de Comercio de Sevilla. Ha sido directora del Departamento de Trabajo Social y Servicios Sociales de la Universidad Pablo de Olavide (2004-2009) y directora del Secretariado de Igualdad, Cultura y Cooperaci\u00f3n al desarrollo de la Universidad Internacional de Andaluc\u00eda (UNIA). Ha dirigido o coordinado numerosas actividades formativas dentro de la oferta de t\u00edtulos propios, como el master de terapias ecuestres de la UPO. En la Universidad Pablo de Olavide es miembro de la Comisi\u00f3n de Acci\u00f3n Social, de la de Igualdad, de la Comisi\u00f3n de Becas y ha sido miembro de la Junta de Personal docente e investigador funcionario.<\/p>\n<p>Su inter\u00e9s cient\u00edfico se centra en el Trabajo Social y las Pol\u00edticas Sociales, en particular en los procesos de inclusi\u00f3n de las personas con discapacidad y las cuestiones de g\u00e9nero. Vinculada al grupo de investigaci\u00f3n \u201cTrabajo social y Pol\u00edticas Sociales\u201d (SEJ 452) y al Centro de Sociolog\u00eda y Pol\u00edticas Locales de la Universidad Pablo de Olavide.<\/p>\n<p><b>ANTONIO GALLARDO CORREA<\/b> es decano de la Facultad de Ciencias Experimentales desde abril de 2011 y catedr\u00e1tico de Ecolog\u00eda de la Universidad Pablo de Olavide desde 2011. Despu\u00e9s de doctorarse en el Departamento de Biolog\u00eda Vegetal y Ecolog\u00eda de la Universidad de Sevilla con Premio Extraordinario, realiz\u00f3 una estancia postdoctoral de dos a\u00f1os y medio en el Departamento de Bot\u00e1nica Universidad de Duke (Carolina del Norte, EEUU), regresando mediante un contrato del programa de Reincorporaci\u00f3n de Doctores y Tecn\u00f3logos a universidades espa\u00f1olas. En el a\u00f1o 1997 gana una plaza de titular en la Universidad de Vigo, donde ocupa varios cargos, entre ellos el de director de la Oficina de Medio Ambiente y miembro del Consello Galego de Medio Ambiente (organismo asesor a la Presidencia del Gobierno). En la Universidad Pablo de Olavide ha ocupado los cargos de vicedecano segundo y vicedecano primero, y ha sido durante 8 a\u00f1os vocal y tesorero de la Asociaci\u00f3n Espa\u00f1ola de Ecolog\u00eda Terrestre. Actualmente es vocal del comit\u00e9 5 de la CNEAI (Comit\u00e9 Nacional de Evaluaci\u00f3n de la Actividad Investigadora) y evaluador de diferentes programas de la ANECA.<\/p>\n<p>Su inter\u00e9s cient\u00edfico se centra en el estudio de los ciclos biogeoqu\u00edmicos del C, el N y el P, y en particular de la disponibilidad de nutrientes en ecosistemas forestales, con especial \u00e9nfasis en ecosistemas mediterr\u00e1neos, \u00e1ridos y semi\u00e1ridos.<\/p>\n<\/div>\n","protected":false},"excerpt":{"rendered":"<p>Carlos Alarc\u00f3n Cabrera ha tomado posesi\u00f3n como nuevo comisionado para la Defensor\u00eda Universitaria, junto a los decanos de la Facultad de Ciencias Sociales y de la Facultad de Ciencias Experimentales, Rosa Mar\u00eda D\u00edaz Jim\u00e9nez y Antonio Gallardo Correa, respectivamente.<\/p>\n","protected":false},"author":6,"featured_media":0,"comment_status":"closed","ping_status":"open","sticky":false,"template":"","format":"standard","meta":{"_monsterinsights_skip_tracking":false,"_monsterinsights_sitenote_active":false,"_monsterinsights_sitenote_note":"","_monsterinsights_sitenote_category":0,"footnotes":""},"categories":[6],"tags":[518,199,685],"class_list":["post-9974057","post","type-post","status-publish","format-standard","hentry","category-institucional","tag-defensor-universitario","tag-profesorado","tag-toma-de-posesion"],"_links":{"self":[{"href":"https:\/\/www.upo.es\/diario\/wp-json\/wp\/v2\/posts\/9974057","targetHints":{"allow":["GET"]}}],"collection":[{"href":"https:\/\/www.upo.es\/diario\/wp-json\/wp\/v2\/posts"}],"about":[{"href":"https:\/\/www.upo.es\/diario\/wp-json\/wp\/v2\/types\/post"}],"author":[{"embeddable":true,"href":"https:\/\/www.upo.es\/diario\/wp-json\/wp\/v2\/users\/6"}],"replies":[{"embeddable":true,"href":"https:\/\/www.upo.es\/diario\/wp-json\/wp\/v2\/comments?post=9974057"}],"version-history":[{"count":10,"href":"https:\/\/www.upo.es\/diario\/wp-json\/wp\/v2\/posts\/9974057\/revisions"}],"predecessor-version":[{"id":10002503,"href":"https:\/\/www.upo.es\/diario\/wp-json\/wp\/v2\/posts\/9974057\/revisions\/10002503"}],"wp:attachment":[{"href":"https:\/\/www.upo.es\/diario\/wp-json\/wp\/v2\/media?parent=9974057"}],"wp:term":[{"taxonomy":"category","embeddable":true,"href":"https:\/\/www.upo.es\/diario\/wp-json\/wp\/v2\/categories?post=9974057"},{"taxonomy":"post_tag","embeddable":true,"href":"https:\/\/www.upo.es\/diario\/wp-json\/wp\/v2\/tags?post=9974057"}],"curies":[{"name":"wp","href":"https:\/\/api.w.org\/{rel}","templated":true}]}}