{"id":1038,"count":5,"description":"","link":"https:\/\/www.upo.es\/diario\/tag\/politicas-linguisticas\/","name":"Pol\u00edticas ling\u00fc\u00edsticas","slug":"politicas-linguisticas","taxonomy":"post_tag","meta":[],"_links":{"self":[{"href":"https:\/\/www.upo.es\/diario\/wp-json\/wp\/v2\/tags\/1038","targetHints":{"allow":["GET"]}}],"collection":[{"href":"https:\/\/www.upo.es\/diario\/wp-json\/wp\/v2\/tags"}],"about":[{"href":"https:\/\/www.upo.es\/diario\/wp-json\/wp\/v2\/taxonomies\/post_tag"}],"wp:post_type":[{"href":"https:\/\/www.upo.es\/diario\/wp-json\/wp\/v2\/posts?tags=1038"}],"curies":[{"name":"wp","href":"https:\/\/api.w.org\/{rel}","templated":true}]}}