{"id":2579,"count":1,"description":"","link":"https:\/\/www.upo.es\/diario\/tag\/el-mundo-mediterraneo-y-su-difusion-atlantica\/","name":"el Mundo Mediterr\u00e1neo y su difusi\u00f3n Atl\u00e1ntica","slug":"el-mundo-mediterraneo-y-su-difusion-atlantica","taxonomy":"post_tag","meta":[],"_links":{"self":[{"href":"https:\/\/www.upo.es\/diario\/wp-json\/wp\/v2\/tags\/2579","targetHints":{"allow":["GET"]}}],"collection":[{"href":"https:\/\/www.upo.es\/diario\/wp-json\/wp\/v2\/tags"}],"about":[{"href":"https:\/\/www.upo.es\/diario\/wp-json\/wp\/v2\/taxonomies\/post_tag"}],"wp:post_type":[{"href":"https:\/\/www.upo.es\/diario\/wp-json\/wp\/v2\/posts?tags=2579"}],"curies":[{"name":"wp","href":"https:\/\/api.w.org\/{rel}","templated":true}]}}