{"id":7599,"count":2,"description":"","link":"https:\/\/www.upo.es\/diario\/tag\/direccion-academica-de-integracion-y-diversidad-funcional\/","name":"Direcci\u00f3n Acad\u00e9mica de Integraci\u00f3n y Diversidad Funcional","slug":"direccion-academica-de-integracion-y-diversidad-funcional","taxonomy":"post_tag","meta":[],"_links":{"self":[{"href":"https:\/\/www.upo.es\/diario\/wp-json\/wp\/v2\/tags\/7599","targetHints":{"allow":["GET"]}}],"collection":[{"href":"https:\/\/www.upo.es\/diario\/wp-json\/wp\/v2\/tags"}],"about":[{"href":"https:\/\/www.upo.es\/diario\/wp-json\/wp\/v2\/taxonomies\/post_tag"}],"wp:post_type":[{"href":"https:\/\/www.upo.es\/diario\/wp-json\/wp\/v2\/posts?tags=7599"}],"curies":[{"name":"wp","href":"https:\/\/api.w.org\/{rel}","templated":true}]}}