{"id":3911,"date":"2022-03-04T09:03:52","date_gmt":"2022-03-04T08:03:52","guid":{"rendered":"https:\/\/www.upo.es\/facultad-ciencias-sociales\/es\/fcslab\/?p=3911"},"modified":"2023-04-17T12:41:50","modified_gmt":"2023-04-17T10:41:50","slug":"la-junta-de-facultad-de-ciencias-sociales-apoya-un-manifiesto-contra-la-guerra-en-ucrania","status":"publish","type":"post","link":"https:\/\/www.upo.es\/facultad-ciencias-sociales\/es\/fcslab\/noticias\/la-junta-de-facultad-de-ciencias-sociales-apoya-un-manifiesto-contra-la-guerra-en-ucrania\/","title":{"rendered":"La Junta de Facultad de Ciencias Sociales apoya un manifiesto contra la guerra en Ucrania.&nbsp;"},"content":{"rendered":"\n<p>En sesi\u00f3n de 3 de marzo de 2022, la Junta de Facultad de Ciencias Sociales ha acordado por unanimidad el apoyo del siguiente manifiesto contra la guerra en Ucrania.&nbsp; Tambi\u00e9n aprob\u00f3 establecer un canal de comunicaci\u00f3n para que cualquier miembro de nuestra comunidad que lo desee pueda plasmar sus ideas sobre este conflicto. Para ello ofrecemos la posibilidad de a\u00f1adir comentarios a continuaci\u00f3n de esta noticia, y os animamos a escribir.&nbsp; &nbsp;<\/p>\n\n\n\n<p><strong>MANIFIESTO CONTRA LA GUERRA EN UCRANIA<\/strong><br>La construcci\u00f3n de un proyecto com\u00fan europeo y los esfuerzos por reforzar lazos de amistad y cooperaci\u00f3n en todo el mundo han sido atacados. La Facultad de Ciencias Sociales de la Universidad Pablo de Olavide condena el ataque del gobierno ruso a Ucrania y reclama el cese de las hostilidades y retomar v\u00edas diplom\u00e1ticas y no violentas de acuerdo con el mensaje de las Naciones Unidas.<br>El ataque ha costado la vida a cientos de personas y &nbsp;miles de personas est\u00e1n siendo desplazadas y refugiadas, siendo la sociedad civil la principal v\u00edctima de la agresi\u00f3n militar perpetrada contra Ucrania.<br>Las disputas sobre la tierra, las fronteras y las identidades deben resolverse mediante la construcci\u00f3n de relaciones respetuosas basadas en la confianza y una visi\u00f3n conjunta para un futuro compartido.<br>Desde la Facultad de Ciencias Sociales de la UPO, volcada en la formaci\u00f3n de los futuros y futuras profesionales que trabajar\u00e1n desde la acci\u00f3n social con la poblaci\u00f3n con mayor vulnerabilidad y desde el trabajo social, la educaci\u00f3n social, la sociolog\u00eda y las ciencias pol\u00edticas para mejorar nuestra sociedad, defendemos la paz, la prosperidad y el avance de los pueblos en igualdad y respeto.<br>Porque esta guerra injusta y carente de legitimidad contribuye a reforzar el autoritarismo y erosiona derechos y libertades. En este momento en el que se viven sucesos tan tr\u00e1gicos, la inmensa mayor\u00eda de la sociedad mundial, recuerda y apela a su naturaleza contraria a la guerra y partidaria firme de la solidaridad y la defensa de los derechos y libertades de todos los pueblos del mundo. Desde las ciencias sociales debemos luchar para que nuestros pueblos y ciudades sean un espacio de convivencia pac\u00edfica y solidaria en valores de igualdad, seguridad, libertad, respeto y derechos humanos.&nbsp;<\/p>\n","protected":false},"excerpt":{"rendered":"<p>La Junta de Facultad de Ciencias Sociales apoya un manifiesto contra la guerra en Ucrania. <\/p>\n","protected":false},"author":2,"featured_media":3914,"comment_status":"open","ping_status":"open","sticky":false,"template":"","format":"standard","meta":{"_eb_attr":"","footnotes":""},"categories":[20,26],"tags":[],"yoast_head":"<!-- This site is optimized with the Yoast SEO plugin v22.7 - https:\/\/yoast.com\/wordpress\/plugins\/seo\/ -->\n<title>La Junta de Facultad de Ciencias Sociales apoya un manifiesto contra la guerra en Ucrania.&nbsp; - Laboratorio Facultad de Ciencias Sociales<\/title>\n<meta name=\"robots\" content=\"index, follow, max-snippet:-1, max-image-preview:large, max-video-preview:-1\" \/>\n<link rel=\"canonical\" href=\"https:\/\/www.upo.es\/facultad-ciencias-sociales\/es\/fcslab\/noticias\/la-junta-de-facultad-de-ciencias-sociales-apoya-un-manifiesto-contra-la-guerra-en-ucrania\/\" \/>\n<meta property=\"og:locale\" content=\"es_ES\" \/>\n<meta property=\"og:type\" content=\"article\" \/>\n<meta property=\"og:title\" content=\"La Junta de Facultad de Ciencias Sociales apoya un manifiesto contra la guerra en Ucrania.&nbsp; - Laboratorio Facultad de Ciencias Sociales\" \/>\n<meta property=\"og:description\" content=\"La Junta de Facultad de Ciencias Sociales apoya un manifiesto contra la guerra en Ucrania.\" \/>\n<meta property=\"og:url\" content=\"https:\/\/www.upo.es\/facultad-ciencias-sociales\/es\/fcslab\/noticias\/la-junta-de-facultad-de-ciencias-sociales-apoya-un-manifiesto-contra-la-guerra-en-ucrania\/\" \/>\n<meta property=\"og:site_name\" content=\"Laboratorio Facultad de Ciencias Sociales\" \/>\n<meta property=\"article:published_time\" content=\"2022-03-04T08:03:52+00:00\" \/>\n<meta property=\"article:modified_time\" content=\"2023-04-17T10:41:50+00:00\" \/>\n<meta property=\"og:image\" content=\"https:\/\/www.upo.es\/facultad-ciencias-sociales\/es\/fcslab\/wp-content\/uploads\/UCRANIA-e1646737603448.jpg\" \/>\n\t<meta property=\"og:image:width\" content=\"746\" \/>\n\t<meta property=\"og:image:height\" content=\"333\" \/>\n\t<meta property=\"og:image:type\" content=\"image\/jpeg\" \/>\n<meta name=\"author\" content=\"FCSLab\" \/>\n<meta name=\"twitter:card\" content=\"summary_large_image\" \/>\n<meta name=\"twitter:creator\" content=\"@fcslabUPO\" \/>\n<meta name=\"twitter:site\" content=\"@fcslabUPO\" \/>\n<script type=\"application\/ld+json\" class=\"yoast-schema-graph\">{\"@context\":\"https:\/\/schema.org\",\"@graph\":[{\"@type\":\"NewsArticle\",\"@id\":\"https:\/\/www.upo.es\/facultad-ciencias-sociales\/es\/fcslab\/noticias\/la-junta-de-facultad-de-ciencias-sociales-apoya-un-manifiesto-contra-la-guerra-en-ucrania\/#article\",\"isPartOf\":{\"@id\":\"https:\/\/www.upo.es\/facultad-ciencias-sociales\/es\/fcslab\/noticias\/la-junta-de-facultad-de-ciencias-sociales-apoya-un-manifiesto-contra-la-guerra-en-ucrania\/\"},\"author\":{\"name\":\"FCSLab\",\"@id\":\"https:\/\/www.upo.es\/facultad-ciencias-sociales\/es\/fcslab\/#\/schema\/person\/c692fa2c86cda4a6a6ceace4584d13f9\"},\"headline\":\"La Junta de Facultad de Ciencias Sociales apoya un manifiesto contra la guerra en Ucrania.&nbsp;\",\"datePublished\":\"2022-03-04T08:03:52+00:00\",\"dateModified\":\"2023-04-17T10:41:50+00:00\",\"mainEntityOfPage\":{\"@id\":\"https:\/\/www.upo.es\/facultad-ciencias-sociales\/es\/fcslab\/noticias\/la-junta-de-facultad-de-ciencias-sociales-apoya-un-manifiesto-contra-la-guerra-en-ucrania\/\"},\"wordCount\":410,\"commentCount\":4,\"publisher\":{\"@id\":\"https:\/\/www.upo.es\/facultad-ciencias-sociales\/es\/fcslab\/#organization\"},\"image\":{\"@id\":\"https:\/\/www.upo.es\/facultad-ciencias-sociales\/es\/fcslab\/noticias\/la-junta-de-facultad-de-ciencias-sociales-apoya-un-manifiesto-contra-la-guerra-en-ucrania\/#primaryimage\"},\"thumbnailUrl\":\"https:\/\/www.upo.es\/facultad-ciencias-sociales\/es\/fcslab\/wp-content\/uploads\/UCRANIA-e1646737603448.jpg\",\"articleSection\":[\"Institucional\",\"Noticias\"],\"inLanguage\":\"es\",\"potentialAction\":[{\"@type\":\"CommentAction\",\"name\":\"Comment\",\"target\":[\"https:\/\/www.upo.es\/facultad-ciencias-sociales\/es\/fcslab\/noticias\/la-junta-de-facultad-de-ciencias-sociales-apoya-un-manifiesto-contra-la-guerra-en-ucrania\/#respond\"]}]},{\"@type\":[\"WebPage\",\"ItemPage\"],\"@id\":\"https:\/\/www.upo.es\/facultad-ciencias-sociales\/es\/fcslab\/noticias\/la-junta-de-facultad-de-ciencias-sociales-apoya-un-manifiesto-contra-la-guerra-en-ucrania\/\",\"url\":\"https:\/\/www.upo.es\/facultad-ciencias-sociales\/es\/fcslab\/noticias\/la-junta-de-facultad-de-ciencias-sociales-apoya-un-manifiesto-contra-la-guerra-en-ucrania\/\",\"name\":\"La Junta de Facultad de Ciencias Sociales apoya un manifiesto contra la guerra en Ucrania.&nbsp; - Laboratorio Facultad de Ciencias Sociales\",\"isPartOf\":{\"@id\":\"https:\/\/www.upo.es\/facultad-ciencias-sociales\/es\/fcslab\/#website\"},\"primaryImageOfPage\":{\"@id\":\"https:\/\/www.upo.es\/facultad-ciencias-sociales\/es\/fcslab\/noticias\/la-junta-de-facultad-de-ciencias-sociales-apoya-un-manifiesto-contra-la-guerra-en-ucrania\/#primaryimage\"},\"image\":{\"@id\":\"https:\/\/www.upo.es\/facultad-ciencias-sociales\/es\/fcslab\/noticias\/la-junta-de-facultad-de-ciencias-sociales-apoya-un-manifiesto-contra-la-guerra-en-ucrania\/#primaryimage\"},\"thumbnailUrl\":\"https:\/\/www.upo.es\/facultad-ciencias-sociales\/es\/fcslab\/wp-content\/uploads\/UCRANIA-e1646737603448.jpg\",\"datePublished\":\"2022-03-04T08:03:52+00:00\",\"dateModified\":\"2023-04-17T10:41:50+00:00\",\"breadcrumb\":{\"@id\":\"https:\/\/www.upo.es\/facultad-ciencias-sociales\/es\/fcslab\/noticias\/la-junta-de-facultad-de-ciencias-sociales-apoya-un-manifiesto-contra-la-guerra-en-ucrania\/#breadcrumb\"},\"inLanguage\":\"es\",\"potentialAction\":[{\"@type\":\"ReadAction\",\"target\":[\"https:\/\/www.upo.es\/facultad-ciencias-sociales\/es\/fcslab\/noticias\/la-junta-de-facultad-de-ciencias-sociales-apoya-un-manifiesto-contra-la-guerra-en-ucrania\/\"]}]},{\"@type\":\"ImageObject\",\"inLanguage\":\"es\",\"@id\":\"https:\/\/www.upo.es\/facultad-ciencias-sociales\/es\/fcslab\/noticias\/la-junta-de-facultad-de-ciencias-sociales-apoya-un-manifiesto-contra-la-guerra-en-ucrania\/#primaryimage\",\"url\":\"https:\/\/www.upo.es\/facultad-ciencias-sociales\/es\/fcslab\/wp-content\/uploads\/UCRANIA-e1646737603448.jpg\",\"contentUrl\":\"https:\/\/www.upo.es\/facultad-ciencias-sociales\/es\/fcslab\/wp-content\/uploads\/UCRANIA-e1646737603448.jpg\",\"width\":746,\"height\":333},{\"@type\":\"BreadcrumbList\",\"@id\":\"https:\/\/www.upo.es\/facultad-ciencias-sociales\/es\/fcslab\/noticias\/la-junta-de-facultad-de-ciencias-sociales-apoya-un-manifiesto-contra-la-guerra-en-ucrania\/#breadcrumb\",\"itemListElement\":[{\"@type\":\"ListItem\",\"position\":1,\"name\":\"Portada\",\"item\":\"https:\/\/www.upo.es\/facultad-ciencias-sociales\/es\/fcslab\/\"},{\"@type\":\"ListItem\",\"position\":2,\"name\":\"La Junta de Facultad de Ciencias Sociales apoya un manifiesto contra la guerra en Ucrania.&nbsp;\"}]},{\"@type\":\"WebSite\",\"@id\":\"https:\/\/www.upo.es\/facultad-ciencias-sociales\/es\/fcslab\/#website\",\"url\":\"https:\/\/www.upo.es\/facultad-ciencias-sociales\/es\/fcslab\/\",\"name\":\"Laboratorio Facultad de Ciencias Sociales\",\"description\":\"Laboratorio Facultad de Ciencias Sociales\",\"publisher\":{\"@id\":\"https:\/\/www.upo.es\/facultad-ciencias-sociales\/es\/fcslab\/#organization\"},\"potentialAction\":[{\"@type\":\"SearchAction\",\"target\":{\"@type\":\"EntryPoint\",\"urlTemplate\":\"https:\/\/www.upo.es\/facultad-ciencias-sociales\/es\/fcslab\/?s={search_term_string}\"},\"query-input\":\"required name=search_term_string\"}],\"inLanguage\":\"es\"},{\"@type\":\"Organization\",\"@id\":\"https:\/\/www.upo.es\/facultad-ciencias-sociales\/es\/fcslab\/#organization\",\"name\":\"FCSLab\",\"url\":\"https:\/\/www.upo.es\/facultad-ciencias-sociales\/es\/fcslab\/\",\"logo\":{\"@type\":\"ImageObject\",\"inLanguage\":\"es\",\"@id\":\"https:\/\/www.upo.es\/facultad-ciencias-sociales\/es\/fcslab\/#\/schema\/logo\/image\/\",\"url\":\"https:\/\/www.upo.es\/facultad-ciencias-sociales\/es\/fcslab\/wp-content\/uploads\/FCSLab.svg\",\"contentUrl\":\"https:\/\/www.upo.es\/facultad-ciencias-sociales\/es\/fcslab\/wp-content\/uploads\/FCSLab.svg\",\"width\":962,\"height\":305,\"caption\":\"FCSLab\"},\"image\":{\"@id\":\"https:\/\/www.upo.es\/facultad-ciencias-sociales\/es\/fcslab\/#\/schema\/logo\/image\/\"},\"sameAs\":[\"https:\/\/x.com\/fcslabUPO\",\"https:\/\/www.instagram.com\/fcslabupo\/\"]},{\"@type\":\"Person\",\"@id\":\"https:\/\/www.upo.es\/facultad-ciencias-sociales\/es\/fcslab\/#\/schema\/person\/c692fa2c86cda4a6a6ceace4584d13f9\",\"name\":\"FCSLab\"}]}<\/script>\n<!-- \/ Yoast SEO plugin. -->","yoast_head_json":{"title":"La Junta de Facultad de Ciencias Sociales apoya un manifiesto contra la guerra en Ucrania.&nbsp; - Laboratorio Facultad de Ciencias Sociales","robots":{"index":"index","follow":"follow","max-snippet":"max-snippet:-1","max-image-preview":"max-image-preview:large","max-video-preview":"max-video-preview:-1"},"canonical":"https:\/\/www.upo.es\/facultad-ciencias-sociales\/es\/fcslab\/noticias\/la-junta-de-facultad-de-ciencias-sociales-apoya-un-manifiesto-contra-la-guerra-en-ucrania\/","og_locale":"es_ES","og_type":"article","og_title":"La Junta de Facultad de Ciencias Sociales apoya un manifiesto contra la guerra en Ucrania.&nbsp; - Laboratorio Facultad de Ciencias Sociales","og_description":"La Junta de Facultad de Ciencias Sociales apoya un manifiesto contra la guerra en Ucrania.","og_url":"https:\/\/www.upo.es\/facultad-ciencias-sociales\/es\/fcslab\/noticias\/la-junta-de-facultad-de-ciencias-sociales-apoya-un-manifiesto-contra-la-guerra-en-ucrania\/","og_site_name":"Laboratorio Facultad de Ciencias Sociales","article_published_time":"2022-03-04T08:03:52+00:00","article_modified_time":"2023-04-17T10:41:50+00:00","og_image":[{"width":746,"height":333,"url":"https:\/\/www.upo.es\/facultad-ciencias-sociales\/es\/fcslab\/wp-content\/uploads\/UCRANIA-e1646737603448.jpg","type":"image\/jpeg"}],"author":"FCSLab","twitter_card":"summary_large_image","twitter_creator":"@fcslabUPO","twitter_site":"@fcslabUPO","schema":{"@context":"https:\/\/schema.org","@graph":[{"@type":"NewsArticle","@id":"https:\/\/www.upo.es\/facultad-ciencias-sociales\/es\/fcslab\/noticias\/la-junta-de-facultad-de-ciencias-sociales-apoya-un-manifiesto-contra-la-guerra-en-ucrania\/#article","isPartOf":{"@id":"https:\/\/www.upo.es\/facultad-ciencias-sociales\/es\/fcslab\/noticias\/la-junta-de-facultad-de-ciencias-sociales-apoya-un-manifiesto-contra-la-guerra-en-ucrania\/"},"author":{"name":"FCSLab","@id":"https:\/\/www.upo.es\/facultad-ciencias-sociales\/es\/fcslab\/#\/schema\/person\/c692fa2c86cda4a6a6ceace4584d13f9"},"headline":"La Junta de Facultad de Ciencias Sociales apoya un manifiesto contra la guerra en Ucrania.&nbsp;","datePublished":"2022-03-04T08:03:52+00:00","dateModified":"2023-04-17T10:41:50+00:00","mainEntityOfPage":{"@id":"https:\/\/www.upo.es\/facultad-ciencias-sociales\/es\/fcslab\/noticias\/la-junta-de-facultad-de-ciencias-sociales-apoya-un-manifiesto-contra-la-guerra-en-ucrania\/"},"wordCount":410,"commentCount":4,"publisher":{"@id":"https:\/\/www.upo.es\/facultad-ciencias-sociales\/es\/fcslab\/#organization"},"image":{"@id":"https:\/\/www.upo.es\/facultad-ciencias-sociales\/es\/fcslab\/noticias\/la-junta-de-facultad-de-ciencias-sociales-apoya-un-manifiesto-contra-la-guerra-en-ucrania\/#primaryimage"},"thumbnailUrl":"https:\/\/www.upo.es\/facultad-ciencias-sociales\/es\/fcslab\/wp-content\/uploads\/UCRANIA-e1646737603448.jpg","articleSection":["Institucional","Noticias"],"inLanguage":"es","potentialAction":[{"@type":"CommentAction","name":"Comment","target":["https:\/\/www.upo.es\/facultad-ciencias-sociales\/es\/fcslab\/noticias\/la-junta-de-facultad-de-ciencias-sociales-apoya-un-manifiesto-contra-la-guerra-en-ucrania\/#respond"]}]},{"@type":["WebPage","ItemPage"],"@id":"https:\/\/www.upo.es\/facultad-ciencias-sociales\/es\/fcslab\/noticias\/la-junta-de-facultad-de-ciencias-sociales-apoya-un-manifiesto-contra-la-guerra-en-ucrania\/","url":"https:\/\/www.upo.es\/facultad-ciencias-sociales\/es\/fcslab\/noticias\/la-junta-de-facultad-de-ciencias-sociales-apoya-un-manifiesto-contra-la-guerra-en-ucrania\/","name":"La Junta de Facultad de Ciencias Sociales apoya un manifiesto contra la guerra en Ucrania.&nbsp; - Laboratorio Facultad de Ciencias Sociales","isPartOf":{"@id":"https:\/\/www.upo.es\/facultad-ciencias-sociales\/es\/fcslab\/#website"},"primaryImageOfPage":{"@id":"https:\/\/www.upo.es\/facultad-ciencias-sociales\/es\/fcslab\/noticias\/la-junta-de-facultad-de-ciencias-sociales-apoya-un-manifiesto-contra-la-guerra-en-ucrania\/#primaryimage"},"image":{"@id":"https:\/\/www.upo.es\/facultad-ciencias-sociales\/es\/fcslab\/noticias\/la-junta-de-facultad-de-ciencias-sociales-apoya-un-manifiesto-contra-la-guerra-en-ucrania\/#primaryimage"},"thumbnailUrl":"https:\/\/www.upo.es\/facultad-ciencias-sociales\/es\/fcslab\/wp-content\/uploads\/UCRANIA-e1646737603448.jpg","datePublished":"2022-03-04T08:03:52+00:00","dateModified":"2023-04-17T10:41:50+00:00","breadcrumb":{"@id":"https:\/\/www.upo.es\/facultad-ciencias-sociales\/es\/fcslab\/noticias\/la-junta-de-facultad-de-ciencias-sociales-apoya-un-manifiesto-contra-la-guerra-en-ucrania\/#breadcrumb"},"inLanguage":"es","potentialAction":[{"@type":"ReadAction","target":["https:\/\/www.upo.es\/facultad-ciencias-sociales\/es\/fcslab\/noticias\/la-junta-de-facultad-de-ciencias-sociales-apoya-un-manifiesto-contra-la-guerra-en-ucrania\/"]}]},{"@type":"ImageObject","inLanguage":"es","@id":"https:\/\/www.upo.es\/facultad-ciencias-sociales\/es\/fcslab\/noticias\/la-junta-de-facultad-de-ciencias-sociales-apoya-un-manifiesto-contra-la-guerra-en-ucrania\/#primaryimage","url":"https:\/\/www.upo.es\/facultad-ciencias-sociales\/es\/fcslab\/wp-content\/uploads\/UCRANIA-e1646737603448.jpg","contentUrl":"https:\/\/www.upo.es\/facultad-ciencias-sociales\/es\/fcslab\/wp-content\/uploads\/UCRANIA-e1646737603448.jpg","width":746,"height":333},{"@type":"BreadcrumbList","@id":"https:\/\/www.upo.es\/facultad-ciencias-sociales\/es\/fcslab\/noticias\/la-junta-de-facultad-de-ciencias-sociales-apoya-un-manifiesto-contra-la-guerra-en-ucrania\/#breadcrumb","itemListElement":[{"@type":"ListItem","position":1,"name":"Portada","item":"https:\/\/www.upo.es\/facultad-ciencias-sociales\/es\/fcslab\/"},{"@type":"ListItem","position":2,"name":"La Junta de Facultad de Ciencias Sociales apoya un manifiesto contra la guerra en Ucrania.&nbsp;"}]},{"@type":"WebSite","@id":"https:\/\/www.upo.es\/facultad-ciencias-sociales\/es\/fcslab\/#website","url":"https:\/\/www.upo.es\/facultad-ciencias-sociales\/es\/fcslab\/","name":"Laboratorio Facultad de Ciencias Sociales","description":"Laboratorio Facultad de Ciencias Sociales","publisher":{"@id":"https:\/\/www.upo.es\/facultad-ciencias-sociales\/es\/fcslab\/#organization"},"potentialAction":[{"@type":"SearchAction","target":{"@type":"EntryPoint","urlTemplate":"https:\/\/www.upo.es\/facultad-ciencias-sociales\/es\/fcslab\/?s={search_term_string}"},"query-input":"required name=search_term_string"}],"inLanguage":"es"},{"@type":"Organization","@id":"https:\/\/www.upo.es\/facultad-ciencias-sociales\/es\/fcslab\/#organization","name":"FCSLab","url":"https:\/\/www.upo.es\/facultad-ciencias-sociales\/es\/fcslab\/","logo":{"@type":"ImageObject","inLanguage":"es","@id":"https:\/\/www.upo.es\/facultad-ciencias-sociales\/es\/fcslab\/#\/schema\/logo\/image\/","url":"https:\/\/www.upo.es\/facultad-ciencias-sociales\/es\/fcslab\/wp-content\/uploads\/FCSLab.svg","contentUrl":"https:\/\/www.upo.es\/facultad-ciencias-sociales\/es\/fcslab\/wp-content\/uploads\/FCSLab.svg","width":962,"height":305,"caption":"FCSLab"},"image":{"@id":"https:\/\/www.upo.es\/facultad-ciencias-sociales\/es\/fcslab\/#\/schema\/logo\/image\/"},"sameAs":["https:\/\/x.com\/fcslabUPO","https:\/\/www.instagram.com\/fcslabupo\/"]},{"@type":"Person","@id":"https:\/\/www.upo.es\/facultad-ciencias-sociales\/es\/fcslab\/#\/schema\/person\/c692fa2c86cda4a6a6ceace4584d13f9","name":"FCSLab"}]}},"_links":{"self":[{"href":"https:\/\/www.upo.es\/facultad-ciencias-sociales\/es\/fcslab\/wp-json\/wp\/v2\/posts\/3911"}],"collection":[{"href":"https:\/\/www.upo.es\/facultad-ciencias-sociales\/es\/fcslab\/wp-json\/wp\/v2\/posts"}],"about":[{"href":"https:\/\/www.upo.es\/facultad-ciencias-sociales\/es\/fcslab\/wp-json\/wp\/v2\/types\/post"}],"author":[{"embeddable":true,"href":"https:\/\/www.upo.es\/facultad-ciencias-sociales\/es\/fcslab\/wp-json\/wp\/v2\/users\/2"}],"replies":[{"embeddable":true,"href":"https:\/\/www.upo.es\/facultad-ciencias-sociales\/es\/fcslab\/wp-json\/wp\/v2\/comments?post=3911"}],"version-history":[{"count":3,"href":"https:\/\/www.upo.es\/facultad-ciencias-sociales\/es\/fcslab\/wp-json\/wp\/v2\/posts\/3911\/revisions"}],"predecessor-version":[{"id":3923,"href":"https:\/\/www.upo.es\/facultad-ciencias-sociales\/es\/fcslab\/wp-json\/wp\/v2\/posts\/3911\/revisions\/3923"}],"wp:featuredmedia":[{"embeddable":true,"href":"https:\/\/www.upo.es\/facultad-ciencias-sociales\/es\/fcslab\/wp-json\/wp\/v2\/media\/3914"}],"wp:attachment":[{"href":"https:\/\/www.upo.es\/facultad-ciencias-sociales\/es\/fcslab\/wp-json\/wp\/v2\/media?parent=3911"}],"wp:term":[{"taxonomy":"category","embeddable":true,"href":"https:\/\/www.upo.es\/facultad-ciencias-sociales\/es\/fcslab\/wp-json\/wp\/v2\/categories?post=3911"},{"taxonomy":"post_tag","embeddable":true,"href":"https:\/\/www.upo.es\/facultad-ciencias-sociales\/es\/fcslab\/wp-json\/wp\/v2\/tags?post=3911"}],"curies":[{"name":"wp","href":"https:\/\/api.w.org\/{rel}","templated":true}]}}