{"id":4217,"date":"2022-10-04T09:24:02","date_gmt":"2022-10-04T07:24:02","guid":{"rendered":"https:\/\/www.upo.es\/facultad-ciencias-sociales\/es\/fcslab\/?p=4217"},"modified":"2023-04-17T12:41:35","modified_gmt":"2023-04-17T10:41:35","slug":"en-el-fcslab-hoy-generando-igualdad-entorno-a-la-docencia","status":"publish","type":"post","link":"https:\/\/www.upo.es\/facultad-ciencias-sociales\/es\/fcslab\/noticias\/en-el-fcslab-hoy-generando-igualdad-entorno-a-la-docencia\/","title":{"rendered":"EN EL FCSLAB HOY \u201cGENERANDO IGUALDAD ENTORNO A LA DOCENCIA\u201d"},"content":{"rendered":"\n<p>El viernes 23  asistimos en el FCSLab a una serie de grabaciones de entrevistas y a un grupo de discusi\u00f3n sobre la inclusi\u00f3n de la perspectiva de g\u00e9nero en la vida universitaria, todos ellos formaran parte de la serie \u201cHablemos de Igualdad\u201d. En cursos anteriores ya se hab\u00edan producido y divulgado v\u00eddeos que tratan distintas aristas de este asunto (vida universitaria en general, investigaci\u00f3n), desde distintas perspectivas (profesorado, alumnado). En \u00e9ste \u00faltimo video de la serie se ha profundizado sobre las dificultades y posibilidades para contribuir a la igualdad de hombres y mujeres desde la docencia.<\/p>\n\n\n\n<figure class=\"wp-block-gallery has-nested-images columns-default is-cropped wp-block-gallery-1 is-layout-flex wp-block-gallery-is-layout-flex\">\n<figure class=\"wp-block-image size-large\"><img fetchpriority=\"high\" decoding=\"async\" width=\"1024\" height=\"768\" data-id=\"4219\" src=\"https:\/\/www.upo.es\/facultad-ciencias-sociales\/es\/fcslab\/wp-content\/uploads\/IMG_20220923_094630-1-1024x768.jpg\" alt=\"\" class=\"wp-image-4219\" srcset=\"https:\/\/www.upo.es\/facultad-ciencias-sociales\/es\/fcslab\/wp-content\/uploads\/IMG_20220923_094630-1-1024x768.jpg 1024w, https:\/\/www.upo.es\/facultad-ciencias-sociales\/es\/fcslab\/wp-content\/uploads\/IMG_20220923_094630-1-300x225.jpg 300w, https:\/\/www.upo.es\/facultad-ciencias-sociales\/es\/fcslab\/wp-content\/uploads\/IMG_20220923_094630-1-768x576.jpg 768w, https:\/\/www.upo.es\/facultad-ciencias-sociales\/es\/fcslab\/wp-content\/uploads\/IMG_20220923_094630-1-1536x1152.jpg 1536w, https:\/\/www.upo.es\/facultad-ciencias-sociales\/es\/fcslab\/wp-content\/uploads\/IMG_20220923_094630-1-2048x1536.jpg 2048w, https:\/\/www.upo.es\/facultad-ciencias-sociales\/es\/fcslab\/wp-content\/uploads\/IMG_20220923_094630-1-1320x990.jpg 1320w\" sizes=\"(max-width: 767px) 89vw, (max-width: 1000px) 54vw, (max-width: 1071px) 543px, 580px\" \/><\/figure>\n<\/figure>\n\n\n\n<p>Beatriz Mac\u00edas G\u00f3mez-Estern, Vicedecana de Relaciones Internacionales, Movilidad y Empleabilidad, Facultad de Ciencias Sociales, fue la coordinadora de la serie de entrevistas y del grupo de discusi\u00f3n, as\u00ed como la organizadora del evento. Entre las participantes encontramos a la Decana de la Facultad de Ciencias Sociales, Rosa Mar\u00eda D\u00edaz Jim\u00e9nez, Mar\u00eda del Roc\u00edo Cruz, Inmaculada Montero, Mar\u00eda Inmaculada S\u00e1nchez M\u00e1rquez, Marian Bernal, Gonzalo del Moral, Antonia Corona, todas profesoras de la Facultad de Ciencias Sociales de&nbsp; nuestra universidad, y con la participan tambi\u00e9n de la profesora Daibel Pa\u00f1ellas, de la Universidad de la Habana. La serie termina con la entrevista a nuestra querida Profesora Senior Rosal\u00eda Mart\u00ednez.<\/p>\n\n\n\n<p>Todas las personas voluntarias implicadas en este grupo representan una variedad de experiencias en el que se pueden escuchar las voces de la representatividad de gran parte de la Facultad de Ciencias Sociales, aportando conocimiento, saberes, experiencias y pr\u00e1cticas en torno al tema de la consecuci\u00f3n de la igualdad entre hombres y mujeres en el contexto acad\u00e9mico.<\/p>\n","protected":false},"excerpt":{"rendered":"<p>El viernes 23 asistimos en el FCSLab a una serie de grabaciones de entrevistas y a un grupo de discusi\u00f3n sobre la inclusi\u00f3n de la perspectiva de g\u00e9nero en la vida universitaria, todos ellos formaran parte de la serie \u201cHablemos de Igualdad\u201d. En cursos anteriores ya se hab\u00edan producido y divulgado v\u00eddeos que tratan distintas &hellip; <\/p>\n<p class=\"link-more\"><a href=\"https:\/\/www.upo.es\/facultad-ciencias-sociales\/es\/fcslab\/noticias\/en-el-fcslab-hoy-generando-igualdad-entorno-a-la-docencia\/\" class=\"more-link\">Continuar leyendo<span class=\"screen-reader-text\"> \u00abEN EL FCSLAB HOY \u201cGENERANDO IGUALDAD ENTORNO A LA DOCENCIA\u201d\u00bb<\/span><\/a><\/p>\n","protected":false},"author":2,"featured_media":4220,"comment_status":"open","ping_status":"open","sticky":false,"template":"","format":"standard","meta":{"_eb_attr":"","footnotes":""},"categories":[26,1],"tags":[],"yoast_head":"<!-- This site is optimized with the Yoast SEO plugin v22.7 - https:\/\/yoast.com\/wordpress\/plugins\/seo\/ -->\n<title>EN EL FCSLAB HOY \u201cGENERANDO IGUALDAD ENTORNO A LA DOCENCIA\u201d - Laboratorio Facultad de Ciencias Sociales<\/title>\n<meta name=\"robots\" content=\"index, follow, max-snippet:-1, max-image-preview:large, max-video-preview:-1\" \/>\n<link rel=\"canonical\" href=\"https:\/\/www.upo.es\/facultad-ciencias-sociales\/es\/fcslab\/noticias\/en-el-fcslab-hoy-generando-igualdad-entorno-a-la-docencia\/\" \/>\n<meta property=\"og:locale\" content=\"es_ES\" \/>\n<meta property=\"og:type\" content=\"article\" \/>\n<meta property=\"og:title\" content=\"EN EL FCSLAB HOY \u201cGENERANDO IGUALDAD ENTORNO A LA DOCENCIA\u201d - Laboratorio Facultad de Ciencias Sociales\" \/>\n<meta property=\"og:description\" content=\"El viernes 23 asistimos en el FCSLab a una serie de grabaciones de entrevistas y a un grupo de discusi\u00f3n sobre la inclusi\u00f3n de la perspectiva de g\u00e9nero en la vida universitaria, todos ellos formaran parte de la serie \u201cHablemos de Igualdad\u201d. En cursos anteriores ya se hab\u00edan producido y divulgado v\u00eddeos que tratan distintas &hellip; Continuar leyendo &quot;EN EL FCSLAB HOY \u201cGENERANDO IGUALDAD ENTORNO A LA DOCENCIA\u201d&quot;\" \/>\n<meta property=\"og:url\" content=\"https:\/\/www.upo.es\/facultad-ciencias-sociales\/es\/fcslab\/noticias\/en-el-fcslab-hoy-generando-igualdad-entorno-a-la-docencia\/\" \/>\n<meta property=\"og:site_name\" content=\"Laboratorio Facultad de Ciencias Sociales\" \/>\n<meta property=\"article:published_time\" content=\"2022-10-04T07:24:02+00:00\" \/>\n<meta property=\"article:modified_time\" content=\"2023-04-17T10:41:35+00:00\" \/>\n<meta property=\"og:image\" content=\"https:\/\/www.upo.es\/facultad-ciencias-sociales\/es\/fcslab\/wp-content\/uploads\/IMG_20220923_094903-1-scaled-e1668080730490.jpg\" \/>\n\t<meta property=\"og:image:width\" content=\"2058\" \/>\n\t<meta property=\"og:image:height\" content=\"992\" \/>\n\t<meta property=\"og:image:type\" content=\"image\/jpeg\" \/>\n<meta name=\"author\" content=\"FCSLab\" \/>\n<meta name=\"twitter:card\" content=\"summary_large_image\" \/>\n<meta name=\"twitter:creator\" content=\"@fcslabUPO\" \/>\n<meta name=\"twitter:site\" content=\"@fcslabUPO\" \/>\n<script type=\"application\/ld+json\" class=\"yoast-schema-graph\">{\"@context\":\"https:\/\/schema.org\",\"@graph\":[{\"@type\":\"NewsArticle\",\"@id\":\"https:\/\/www.upo.es\/facultad-ciencias-sociales\/es\/fcslab\/noticias\/en-el-fcslab-hoy-generando-igualdad-entorno-a-la-docencia\/#article\",\"isPartOf\":{\"@id\":\"https:\/\/www.upo.es\/facultad-ciencias-sociales\/es\/fcslab\/noticias\/en-el-fcslab-hoy-generando-igualdad-entorno-a-la-docencia\/\"},\"author\":{\"name\":\"FCSLab\",\"@id\":\"https:\/\/www.upo.es\/facultad-ciencias-sociales\/es\/fcslab\/#\/schema\/person\/c692fa2c86cda4a6a6ceace4584d13f9\"},\"headline\":\"EN EL FCSLAB HOY \u201cGENERANDO IGUALDAD ENTORNO A LA DOCENCIA\u201d\",\"datePublished\":\"2022-10-04T07:24:02+00:00\",\"dateModified\":\"2023-04-17T10:41:35+00:00\",\"mainEntityOfPage\":{\"@id\":\"https:\/\/www.upo.es\/facultad-ciencias-sociales\/es\/fcslab\/noticias\/en-el-fcslab-hoy-generando-igualdad-entorno-a-la-docencia\/\"},\"wordCount\":294,\"commentCount\":0,\"publisher\":{\"@id\":\"https:\/\/www.upo.es\/facultad-ciencias-sociales\/es\/fcslab\/#organization\"},\"image\":{\"@id\":\"https:\/\/www.upo.es\/facultad-ciencias-sociales\/es\/fcslab\/noticias\/en-el-fcslab-hoy-generando-igualdad-entorno-a-la-docencia\/#primaryimage\"},\"thumbnailUrl\":\"https:\/\/www.upo.es\/facultad-ciencias-sociales\/es\/fcslab\/wp-content\/uploads\/IMG_20220923_094903-1-scaled-e1668080730490.jpg\",\"articleSection\":[\"Noticias\"],\"inLanguage\":\"es\",\"potentialAction\":[{\"@type\":\"CommentAction\",\"name\":\"Comment\",\"target\":[\"https:\/\/www.upo.es\/facultad-ciencias-sociales\/es\/fcslab\/noticias\/en-el-fcslab-hoy-generando-igualdad-entorno-a-la-docencia\/#respond\"]}]},{\"@type\":[\"WebPage\",\"ItemPage\"],\"@id\":\"https:\/\/www.upo.es\/facultad-ciencias-sociales\/es\/fcslab\/noticias\/en-el-fcslab-hoy-generando-igualdad-entorno-a-la-docencia\/\",\"url\":\"https:\/\/www.upo.es\/facultad-ciencias-sociales\/es\/fcslab\/noticias\/en-el-fcslab-hoy-generando-igualdad-entorno-a-la-docencia\/\",\"name\":\"EN EL FCSLAB HOY \u201cGENERANDO IGUALDAD ENTORNO A LA DOCENCIA\u201d - Laboratorio Facultad de Ciencias Sociales\",\"isPartOf\":{\"@id\":\"https:\/\/www.upo.es\/facultad-ciencias-sociales\/es\/fcslab\/#website\"},\"primaryImageOfPage\":{\"@id\":\"https:\/\/www.upo.es\/facultad-ciencias-sociales\/es\/fcslab\/noticias\/en-el-fcslab-hoy-generando-igualdad-entorno-a-la-docencia\/#primaryimage\"},\"image\":{\"@id\":\"https:\/\/www.upo.es\/facultad-ciencias-sociales\/es\/fcslab\/noticias\/en-el-fcslab-hoy-generando-igualdad-entorno-a-la-docencia\/#primaryimage\"},\"thumbnailUrl\":\"https:\/\/www.upo.es\/facultad-ciencias-sociales\/es\/fcslab\/wp-content\/uploads\/IMG_20220923_094903-1-scaled-e1668080730490.jpg\",\"datePublished\":\"2022-10-04T07:24:02+00:00\",\"dateModified\":\"2023-04-17T10:41:35+00:00\",\"breadcrumb\":{\"@id\":\"https:\/\/www.upo.es\/facultad-ciencias-sociales\/es\/fcslab\/noticias\/en-el-fcslab-hoy-generando-igualdad-entorno-a-la-docencia\/#breadcrumb\"},\"inLanguage\":\"es\",\"potentialAction\":[{\"@type\":\"ReadAction\",\"target\":[\"https:\/\/www.upo.es\/facultad-ciencias-sociales\/es\/fcslab\/noticias\/en-el-fcslab-hoy-generando-igualdad-entorno-a-la-docencia\/\"]}]},{\"@type\":\"ImageObject\",\"inLanguage\":\"es\",\"@id\":\"https:\/\/www.upo.es\/facultad-ciencias-sociales\/es\/fcslab\/noticias\/en-el-fcslab-hoy-generando-igualdad-entorno-a-la-docencia\/#primaryimage\",\"url\":\"https:\/\/www.upo.es\/facultad-ciencias-sociales\/es\/fcslab\/wp-content\/uploads\/IMG_20220923_094903-1-scaled-e1668080730490.jpg\",\"contentUrl\":\"https:\/\/www.upo.es\/facultad-ciencias-sociales\/es\/fcslab\/wp-content\/uploads\/IMG_20220923_094903-1-scaled-e1668080730490.jpg\",\"width\":2058,\"height\":992},{\"@type\":\"BreadcrumbList\",\"@id\":\"https:\/\/www.upo.es\/facultad-ciencias-sociales\/es\/fcslab\/noticias\/en-el-fcslab-hoy-generando-igualdad-entorno-a-la-docencia\/#breadcrumb\",\"itemListElement\":[{\"@type\":\"ListItem\",\"position\":1,\"name\":\"Portada\",\"item\":\"https:\/\/www.upo.es\/facultad-ciencias-sociales\/es\/fcslab\/\"},{\"@type\":\"ListItem\",\"position\":2,\"name\":\"EN EL FCSLAB HOY \u201cGENERANDO IGUALDAD ENTORNO A LA DOCENCIA\u201d\"}]},{\"@type\":\"WebSite\",\"@id\":\"https:\/\/www.upo.es\/facultad-ciencias-sociales\/es\/fcslab\/#website\",\"url\":\"https:\/\/www.upo.es\/facultad-ciencias-sociales\/es\/fcslab\/\",\"name\":\"Laboratorio Facultad de Ciencias Sociales\",\"description\":\"Laboratorio Facultad de Ciencias Sociales\",\"publisher\":{\"@id\":\"https:\/\/www.upo.es\/facultad-ciencias-sociales\/es\/fcslab\/#organization\"},\"potentialAction\":[{\"@type\":\"SearchAction\",\"target\":{\"@type\":\"EntryPoint\",\"urlTemplate\":\"https:\/\/www.upo.es\/facultad-ciencias-sociales\/es\/fcslab\/?s={search_term_string}\"},\"query-input\":\"required name=search_term_string\"}],\"inLanguage\":\"es\"},{\"@type\":\"Organization\",\"@id\":\"https:\/\/www.upo.es\/facultad-ciencias-sociales\/es\/fcslab\/#organization\",\"name\":\"FCSLab\",\"url\":\"https:\/\/www.upo.es\/facultad-ciencias-sociales\/es\/fcslab\/\",\"logo\":{\"@type\":\"ImageObject\",\"inLanguage\":\"es\",\"@id\":\"https:\/\/www.upo.es\/facultad-ciencias-sociales\/es\/fcslab\/#\/schema\/logo\/image\/\",\"url\":\"https:\/\/www.upo.es\/facultad-ciencias-sociales\/es\/fcslab\/wp-content\/uploads\/FCSLab.svg\",\"contentUrl\":\"https:\/\/www.upo.es\/facultad-ciencias-sociales\/es\/fcslab\/wp-content\/uploads\/FCSLab.svg\",\"width\":962,\"height\":305,\"caption\":\"FCSLab\"},\"image\":{\"@id\":\"https:\/\/www.upo.es\/facultad-ciencias-sociales\/es\/fcslab\/#\/schema\/logo\/image\/\"},\"sameAs\":[\"https:\/\/x.com\/fcslabUPO\",\"https:\/\/www.instagram.com\/fcslabupo\/\"]},{\"@type\":\"Person\",\"@id\":\"https:\/\/www.upo.es\/facultad-ciencias-sociales\/es\/fcslab\/#\/schema\/person\/c692fa2c86cda4a6a6ceace4584d13f9\",\"name\":\"FCSLab\"}]}<\/script>\n<!-- \/ Yoast SEO plugin. -->","yoast_head_json":{"title":"EN EL FCSLAB HOY \u201cGENERANDO IGUALDAD ENTORNO A LA DOCENCIA\u201d - Laboratorio Facultad de Ciencias Sociales","robots":{"index":"index","follow":"follow","max-snippet":"max-snippet:-1","max-image-preview":"max-image-preview:large","max-video-preview":"max-video-preview:-1"},"canonical":"https:\/\/www.upo.es\/facultad-ciencias-sociales\/es\/fcslab\/noticias\/en-el-fcslab-hoy-generando-igualdad-entorno-a-la-docencia\/","og_locale":"es_ES","og_type":"article","og_title":"EN EL FCSLAB HOY \u201cGENERANDO IGUALDAD ENTORNO A LA DOCENCIA\u201d - Laboratorio Facultad de Ciencias Sociales","og_description":"El viernes 23 asistimos en el FCSLab a una serie de grabaciones de entrevistas y a un grupo de discusi\u00f3n sobre la inclusi\u00f3n de la perspectiva de g\u00e9nero en la vida universitaria, todos ellos formaran parte de la serie \u201cHablemos de Igualdad\u201d. En cursos anteriores ya se hab\u00edan producido y divulgado v\u00eddeos que tratan distintas &hellip; Continuar leyendo \"EN EL FCSLAB HOY \u201cGENERANDO IGUALDAD ENTORNO A LA DOCENCIA\u201d\"","og_url":"https:\/\/www.upo.es\/facultad-ciencias-sociales\/es\/fcslab\/noticias\/en-el-fcslab-hoy-generando-igualdad-entorno-a-la-docencia\/","og_site_name":"Laboratorio Facultad de Ciencias Sociales","article_published_time":"2022-10-04T07:24:02+00:00","article_modified_time":"2023-04-17T10:41:35+00:00","og_image":[{"width":2058,"height":992,"url":"https:\/\/www.upo.es\/facultad-ciencias-sociales\/es\/fcslab\/wp-content\/uploads\/IMG_20220923_094903-1-scaled-e1668080730490.jpg","type":"image\/jpeg"}],"author":"FCSLab","twitter_card":"summary_large_image","twitter_creator":"@fcslabUPO","twitter_site":"@fcslabUPO","schema":{"@context":"https:\/\/schema.org","@graph":[{"@type":"NewsArticle","@id":"https:\/\/www.upo.es\/facultad-ciencias-sociales\/es\/fcslab\/noticias\/en-el-fcslab-hoy-generando-igualdad-entorno-a-la-docencia\/#article","isPartOf":{"@id":"https:\/\/www.upo.es\/facultad-ciencias-sociales\/es\/fcslab\/noticias\/en-el-fcslab-hoy-generando-igualdad-entorno-a-la-docencia\/"},"author":{"name":"FCSLab","@id":"https:\/\/www.upo.es\/facultad-ciencias-sociales\/es\/fcslab\/#\/schema\/person\/c692fa2c86cda4a6a6ceace4584d13f9"},"headline":"EN EL FCSLAB HOY \u201cGENERANDO IGUALDAD ENTORNO A LA DOCENCIA\u201d","datePublished":"2022-10-04T07:24:02+00:00","dateModified":"2023-04-17T10:41:35+00:00","mainEntityOfPage":{"@id":"https:\/\/www.upo.es\/facultad-ciencias-sociales\/es\/fcslab\/noticias\/en-el-fcslab-hoy-generando-igualdad-entorno-a-la-docencia\/"},"wordCount":294,"commentCount":0,"publisher":{"@id":"https:\/\/www.upo.es\/facultad-ciencias-sociales\/es\/fcslab\/#organization"},"image":{"@id":"https:\/\/www.upo.es\/facultad-ciencias-sociales\/es\/fcslab\/noticias\/en-el-fcslab-hoy-generando-igualdad-entorno-a-la-docencia\/#primaryimage"},"thumbnailUrl":"https:\/\/www.upo.es\/facultad-ciencias-sociales\/es\/fcslab\/wp-content\/uploads\/IMG_20220923_094903-1-scaled-e1668080730490.jpg","articleSection":["Noticias"],"inLanguage":"es","potentialAction":[{"@type":"CommentAction","name":"Comment","target":["https:\/\/www.upo.es\/facultad-ciencias-sociales\/es\/fcslab\/noticias\/en-el-fcslab-hoy-generando-igualdad-entorno-a-la-docencia\/#respond"]}]},{"@type":["WebPage","ItemPage"],"@id":"https:\/\/www.upo.es\/facultad-ciencias-sociales\/es\/fcslab\/noticias\/en-el-fcslab-hoy-generando-igualdad-entorno-a-la-docencia\/","url":"https:\/\/www.upo.es\/facultad-ciencias-sociales\/es\/fcslab\/noticias\/en-el-fcslab-hoy-generando-igualdad-entorno-a-la-docencia\/","name":"EN EL FCSLAB HOY \u201cGENERANDO IGUALDAD ENTORNO A LA DOCENCIA\u201d - Laboratorio Facultad de Ciencias Sociales","isPartOf":{"@id":"https:\/\/www.upo.es\/facultad-ciencias-sociales\/es\/fcslab\/#website"},"primaryImageOfPage":{"@id":"https:\/\/www.upo.es\/facultad-ciencias-sociales\/es\/fcslab\/noticias\/en-el-fcslab-hoy-generando-igualdad-entorno-a-la-docencia\/#primaryimage"},"image":{"@id":"https:\/\/www.upo.es\/facultad-ciencias-sociales\/es\/fcslab\/noticias\/en-el-fcslab-hoy-generando-igualdad-entorno-a-la-docencia\/#primaryimage"},"thumbnailUrl":"https:\/\/www.upo.es\/facultad-ciencias-sociales\/es\/fcslab\/wp-content\/uploads\/IMG_20220923_094903-1-scaled-e1668080730490.jpg","datePublished":"2022-10-04T07:24:02+00:00","dateModified":"2023-04-17T10:41:35+00:00","breadcrumb":{"@id":"https:\/\/www.upo.es\/facultad-ciencias-sociales\/es\/fcslab\/noticias\/en-el-fcslab-hoy-generando-igualdad-entorno-a-la-docencia\/#breadcrumb"},"inLanguage":"es","potentialAction":[{"@type":"ReadAction","target":["https:\/\/www.upo.es\/facultad-ciencias-sociales\/es\/fcslab\/noticias\/en-el-fcslab-hoy-generando-igualdad-entorno-a-la-docencia\/"]}]},{"@type":"ImageObject","inLanguage":"es","@id":"https:\/\/www.upo.es\/facultad-ciencias-sociales\/es\/fcslab\/noticias\/en-el-fcslab-hoy-generando-igualdad-entorno-a-la-docencia\/#primaryimage","url":"https:\/\/www.upo.es\/facultad-ciencias-sociales\/es\/fcslab\/wp-content\/uploads\/IMG_20220923_094903-1-scaled-e1668080730490.jpg","contentUrl":"https:\/\/www.upo.es\/facultad-ciencias-sociales\/es\/fcslab\/wp-content\/uploads\/IMG_20220923_094903-1-scaled-e1668080730490.jpg","width":2058,"height":992},{"@type":"BreadcrumbList","@id":"https:\/\/www.upo.es\/facultad-ciencias-sociales\/es\/fcslab\/noticias\/en-el-fcslab-hoy-generando-igualdad-entorno-a-la-docencia\/#breadcrumb","itemListElement":[{"@type":"ListItem","position":1,"name":"Portada","item":"https:\/\/www.upo.es\/facultad-ciencias-sociales\/es\/fcslab\/"},{"@type":"ListItem","position":2,"name":"EN EL FCSLAB HOY \u201cGENERANDO IGUALDAD ENTORNO A LA DOCENCIA\u201d"}]},{"@type":"WebSite","@id":"https:\/\/www.upo.es\/facultad-ciencias-sociales\/es\/fcslab\/#website","url":"https:\/\/www.upo.es\/facultad-ciencias-sociales\/es\/fcslab\/","name":"Laboratorio Facultad de Ciencias Sociales","description":"Laboratorio Facultad de Ciencias Sociales","publisher":{"@id":"https:\/\/www.upo.es\/facultad-ciencias-sociales\/es\/fcslab\/#organization"},"potentialAction":[{"@type":"SearchAction","target":{"@type":"EntryPoint","urlTemplate":"https:\/\/www.upo.es\/facultad-ciencias-sociales\/es\/fcslab\/?s={search_term_string}"},"query-input":"required name=search_term_string"}],"inLanguage":"es"},{"@type":"Organization","@id":"https:\/\/www.upo.es\/facultad-ciencias-sociales\/es\/fcslab\/#organization","name":"FCSLab","url":"https:\/\/www.upo.es\/facultad-ciencias-sociales\/es\/fcslab\/","logo":{"@type":"ImageObject","inLanguage":"es","@id":"https:\/\/www.upo.es\/facultad-ciencias-sociales\/es\/fcslab\/#\/schema\/logo\/image\/","url":"https:\/\/www.upo.es\/facultad-ciencias-sociales\/es\/fcslab\/wp-content\/uploads\/FCSLab.svg","contentUrl":"https:\/\/www.upo.es\/facultad-ciencias-sociales\/es\/fcslab\/wp-content\/uploads\/FCSLab.svg","width":962,"height":305,"caption":"FCSLab"},"image":{"@id":"https:\/\/www.upo.es\/facultad-ciencias-sociales\/es\/fcslab\/#\/schema\/logo\/image\/"},"sameAs":["https:\/\/x.com\/fcslabUPO","https:\/\/www.instagram.com\/fcslabupo\/"]},{"@type":"Person","@id":"https:\/\/www.upo.es\/facultad-ciencias-sociales\/es\/fcslab\/#\/schema\/person\/c692fa2c86cda4a6a6ceace4584d13f9","name":"FCSLab"}]}},"_links":{"self":[{"href":"https:\/\/www.upo.es\/facultad-ciencias-sociales\/es\/fcslab\/wp-json\/wp\/v2\/posts\/4217"}],"collection":[{"href":"https:\/\/www.upo.es\/facultad-ciencias-sociales\/es\/fcslab\/wp-json\/wp\/v2\/posts"}],"about":[{"href":"https:\/\/www.upo.es\/facultad-ciencias-sociales\/es\/fcslab\/wp-json\/wp\/v2\/types\/post"}],"author":[{"embeddable":true,"href":"https:\/\/www.upo.es\/facultad-ciencias-sociales\/es\/fcslab\/wp-json\/wp\/v2\/users\/2"}],"replies":[{"embeddable":true,"href":"https:\/\/www.upo.es\/facultad-ciencias-sociales\/es\/fcslab\/wp-json\/wp\/v2\/comments?post=4217"}],"version-history":[{"count":2,"href":"https:\/\/www.upo.es\/facultad-ciencias-sociales\/es\/fcslab\/wp-json\/wp\/v2\/posts\/4217\/revisions"}],"predecessor-version":[{"id":4222,"href":"https:\/\/www.upo.es\/facultad-ciencias-sociales\/es\/fcslab\/wp-json\/wp\/v2\/posts\/4217\/revisions\/4222"}],"wp:featuredmedia":[{"embeddable":true,"href":"https:\/\/www.upo.es\/facultad-ciencias-sociales\/es\/fcslab\/wp-json\/wp\/v2\/media\/4220"}],"wp:attachment":[{"href":"https:\/\/www.upo.es\/facultad-ciencias-sociales\/es\/fcslab\/wp-json\/wp\/v2\/media?parent=4217"}],"wp:term":[{"taxonomy":"category","embeddable":true,"href":"https:\/\/www.upo.es\/facultad-ciencias-sociales\/es\/fcslab\/wp-json\/wp\/v2\/categories?post=4217"},{"taxonomy":"post_tag","embeddable":true,"href":"https:\/\/www.upo.es\/facultad-ciencias-sociales\/es\/fcslab\/wp-json\/wp\/v2\/tags?post=4217"}],"curies":[{"name":"wp","href":"https:\/\/api.w.org\/{rel}","templated":true}]}}