{"id":5757,"date":"2025-06-18T11:55:38","date_gmt":"2025-06-18T09:55:38","guid":{"rendered":"https:\/\/www.upo.es\/facultad-ciencias-sociales\/es\/fcslab\/?p=5757"},"modified":"2025-06-18T11:55:40","modified_gmt":"2025-06-18T09:55:40","slug":"presentacion-de-social-verbatim-nueva-app-para-la-investigacion-cualitativa","status":"publish","type":"post","link":"https:\/\/www.upo.es\/facultad-ciencias-sociales\/es\/fcslab\/noticias\/presentacion-de-social-verbatim-nueva-app-para-la-investigacion-cualitativa\/","title":{"rendered":"Presentaci\u00f3n de Social Verbatim: nueva app para la investigaci\u00f3n cualitativa"},"content":{"rendered":"\n<p>El pr\u00f3ximo jueves 26 de junio, a partir de las 10:00 horas, se realizar\u00e1 el acto de presentaci\u00f3n de <strong>Social Verbatim<\/strong>, una innovadora aplicaci\u00f3n destinada a la transcripci\u00f3n, gesti\u00f3n y codificaci\u00f3n de datos para la investigaci\u00f3n cualitativa. Este proyecto, desarrollado en el marco de la convocatoria I+D+i del Plan Estatal de Investigaci\u00f3n Cient\u00edfica, T\u00e9cnica y de Innovaci\u00f3n (2021-2023), correspondiente al Plan de Recuperaci\u00f3n, Transformaci\u00f3n y Resiliencia, representa un avance significativo en el apoyo a la investigaci\u00f3n social.<\/p>\n\n\n\n<p>La presentaci\u00f3n tendr\u00e1 un formato h\u00edbrido y se celebrar\u00e1 simult\u00e1neamente en el Laboratorio de la Facultad de Ciencias Sociales (FCSLab) de la Universidad Pablo de Olavide (edificio 24, S.01-02) y en el Social\u00b7Lab &#8211; Laboratori de Ci\u00e8ncies Socials de la Universitat de Val\u00e8ncia. Ambos centros est\u00e1n dirigidos por los investigadores principales del proyecto, Juan Miguel G\u00f3mez Espino y Carles Xavier Sim\u00f3 Noguera, quienes coordinar\u00e1n la actividad.<\/p>\n\n\n\n<p>Se habilitar\u00e1 una conexi\u00f3n en l\u00ednea para facilitar la participaci\u00f3n a distancia, mientras que quienes deseen asistir presencialmente podr\u00e1n inscribirse en el siguiente enlace:<br><a class=\"\" href=\"https:\/\/forms.office.com\/e\/mC9fj8wFS3\">https:\/\/forms.office.com\/e\/mC9fj8wFS3<\/a><\/p>\n\n\n\n<p>El objetivo del proyecto es ofrecer, a partir de septiembre, libre acceso a la plataforma Social Verbatim para los miembros de las comunidades universitarias de la UPO y la UV, as\u00ed como un sistema para que otras entidades interesadas puedan utilizar la aplicaci\u00f3n.<\/p>\n\n\n\n<p><strong>Programa de la presentaci\u00f3n<\/strong><\/p>\n\n\n\n<ul>\n<li><strong>10:00h \u2013 Inauguraci\u00f3n:<\/strong><br>Intervenciones de Juan Miguel G\u00f3mez Espino (Decano de la Facultad de Ciencias Sociales, UPO), Carles Xavier Sim\u00f3 Noguera (Catedr\u00e1tico de la Universitat de Val\u00e8ncia), y otras autoridades acad\u00e9micas de ambas universidades.<\/li>\n\n\n\n<li><strong>10:40h \u2013 Presentaci\u00f3n del equipo desarrollador:<\/strong><br>Miembros de Siscom Ingenier\u00eda SL y estudiantes en pr\u00e1cticas explicar\u00e1n el proceso de desarrollo de Social Verbatim.<\/li>\n\n\n\n<li><strong>10:45h \u2013 Presentaci\u00f3n de la app:<\/strong><br>Pilar Carvajal Soria ofrecer\u00e1 una demostraci\u00f3n t\u00e9cnica de la aplicaci\u00f3n.<\/li>\n\n\n\n<li><strong>11:20h \u2013 Conferencia marco:<\/strong><br>Miguel S. Valles, profesor titular de la Universidad Complutense de Madrid, disertar\u00e1 sobre \u201cRetos de la investigaci\u00f3n social cualitativa en tiempos de transici\u00f3n digital e inteligencia artificial\u201d.<\/li>\n\n\n\n<li><strong>11:50h \u2013 Conversatorio:<\/strong><br>Debate moderado por Carles X. Sim\u00f3 Noguera con expertos en sociolog\u00eda y nuevas tecnolog\u00edas sobre el papel de la inteligencia artificial y las tecnolog\u00edas emergentes en la investigaci\u00f3n cualitativa.<\/li>\n\n\n\n<li><strong>13:00h \u2013 Clausura:<\/strong><br>Cierre del acto a cargo de los investigadores principales.<\/li>\n<\/ul>\n\n\n\n<p>Para m\u00e1s informaci\u00f3n, puede contactar con los IPs del proyecto, Juan Miguel G\u00f3mez Espino y Carles Sim\u00f3 Noguera.<\/p>\n\n\n\n<hr class=\"wp-block-separator has-alpha-channel-opacity\"\/>\n\n\n\n<p><\/p>\n","protected":false},"excerpt":{"rendered":"<p>El pr\u00f3ximo jueves 26 de junio, a partir de las 10:00 horas, se realizar\u00e1 el acto de presentaci\u00f3n de Social Verbatim, una innovadora aplicaci\u00f3n destinada a la transcripci\u00f3n, gesti\u00f3n y codificaci\u00f3n de datos para la investigaci\u00f3n cualitativa. Este proyecto, desarrollado en el marco de la convocatoria I+D+i del Plan Estatal de Investigaci\u00f3n Cient\u00edfica, T\u00e9cnica y &hellip; <\/p>\n<p class=\"link-more\"><a href=\"https:\/\/www.upo.es\/facultad-ciencias-sociales\/es\/fcslab\/noticias\/presentacion-de-social-verbatim-nueva-app-para-la-investigacion-cualitativa\/\" class=\"more-link\">Continuar leyendo<span class=\"screen-reader-text\"> \u00abPresentaci\u00f3n de Social Verbatim: nueva app para la investigaci\u00f3n cualitativa\u00bb<\/span><\/a><\/p>\n","protected":false},"author":2,"featured_media":5758,"comment_status":"open","ping_status":"open","sticky":false,"template":"","format":"standard","meta":{"_eb_attr":"","footnotes":""},"categories":[26],"tags":[],"yoast_head":"<!-- This site is optimized with the Yoast SEO plugin v22.7 - https:\/\/yoast.com\/wordpress\/plugins\/seo\/ -->\n<title>Presentaci\u00f3n de Social Verbatim: nueva app para la investigaci\u00f3n cualitativa - Laboratorio Facultad de Ciencias Sociales<\/title>\n<meta name=\"robots\" content=\"index, follow, max-snippet:-1, max-image-preview:large, max-video-preview:-1\" \/>\n<link rel=\"canonical\" href=\"https:\/\/www.upo.es\/facultad-ciencias-sociales\/es\/fcslab\/noticias\/presentacion-de-social-verbatim-nueva-app-para-la-investigacion-cualitativa\/\" \/>\n<meta property=\"og:locale\" content=\"es_ES\" \/>\n<meta property=\"og:type\" content=\"article\" \/>\n<meta property=\"og:title\" content=\"Presentaci\u00f3n de Social Verbatim: nueva app para la investigaci\u00f3n cualitativa - Laboratorio Facultad de Ciencias Sociales\" \/>\n<meta property=\"og:description\" content=\"El pr\u00f3ximo jueves 26 de junio, a partir de las 10:00 horas, se realizar\u00e1 el acto de presentaci\u00f3n de Social Verbatim, una innovadora aplicaci\u00f3n destinada a la transcripci\u00f3n, gesti\u00f3n y codificaci\u00f3n de datos para la investigaci\u00f3n cualitativa. Este proyecto, desarrollado en el marco de la convocatoria I+D+i del Plan Estatal de Investigaci\u00f3n Cient\u00edfica, T\u00e9cnica y &hellip; Continuar leyendo &quot;Presentaci\u00f3n de Social Verbatim: nueva app para la investigaci\u00f3n cualitativa&quot;\" \/>\n<meta property=\"og:url\" content=\"https:\/\/www.upo.es\/facultad-ciencias-sociales\/es\/fcslab\/noticias\/presentacion-de-social-verbatim-nueva-app-para-la-investigacion-cualitativa\/\" \/>\n<meta property=\"og:site_name\" content=\"Laboratorio Facultad de Ciencias Sociales\" \/>\n<meta property=\"article:published_time\" content=\"2025-06-18T09:55:38+00:00\" \/>\n<meta property=\"article:modified_time\" content=\"2025-06-18T09:55:40+00:00\" \/>\n<meta property=\"og:image\" content=\"https:\/\/www.upo.es\/facultad-ciencias-sociales\/es\/fcslab\/wp-content\/uploads\/WhatsApp-Image-2025-04-22-at-10.48.05-e1750240470979.jpg\" \/>\n\t<meta property=\"og:image:width\" content=\"2048\" \/>\n\t<meta property=\"og:image:height\" content=\"1088\" \/>\n\t<meta property=\"og:image:type\" content=\"image\/jpeg\" \/>\n<meta name=\"author\" content=\"FCSLab\" \/>\n<meta name=\"twitter:card\" content=\"summary_large_image\" \/>\n<meta name=\"twitter:creator\" content=\"@fcslabUPO\" \/>\n<meta name=\"twitter:site\" content=\"@fcslabUPO\" \/>\n<script type=\"application\/ld+json\" class=\"yoast-schema-graph\">{\"@context\":\"https:\/\/schema.org\",\"@graph\":[{\"@type\":\"NewsArticle\",\"@id\":\"https:\/\/www.upo.es\/facultad-ciencias-sociales\/es\/fcslab\/noticias\/presentacion-de-social-verbatim-nueva-app-para-la-investigacion-cualitativa\/#article\",\"isPartOf\":{\"@id\":\"https:\/\/www.upo.es\/facultad-ciencias-sociales\/es\/fcslab\/noticias\/presentacion-de-social-verbatim-nueva-app-para-la-investigacion-cualitativa\/\"},\"author\":{\"name\":\"FCSLab\",\"@id\":\"https:\/\/www.upo.es\/facultad-ciencias-sociales\/es\/fcslab\/#\/schema\/person\/c692fa2c86cda4a6a6ceace4584d13f9\"},\"headline\":\"Presentaci\u00f3n de Social Verbatim: nueva app para la investigaci\u00f3n cualitativa\",\"datePublished\":\"2025-06-18T09:55:38+00:00\",\"dateModified\":\"2025-06-18T09:55:40+00:00\",\"mainEntityOfPage\":{\"@id\":\"https:\/\/www.upo.es\/facultad-ciencias-sociales\/es\/fcslab\/noticias\/presentacion-de-social-verbatim-nueva-app-para-la-investigacion-cualitativa\/\"},\"wordCount\":445,\"commentCount\":0,\"publisher\":{\"@id\":\"https:\/\/www.upo.es\/facultad-ciencias-sociales\/es\/fcslab\/#organization\"},\"image\":{\"@id\":\"https:\/\/www.upo.es\/facultad-ciencias-sociales\/es\/fcslab\/noticias\/presentacion-de-social-verbatim-nueva-app-para-la-investigacion-cualitativa\/#primaryimage\"},\"thumbnailUrl\":\"https:\/\/www.upo.es\/facultad-ciencias-sociales\/es\/fcslab\/wp-content\/uploads\/WhatsApp-Image-2025-04-22-at-10.48.05-e1750240470979.jpg\",\"articleSection\":[\"Noticias\"],\"inLanguage\":\"es\",\"potentialAction\":[{\"@type\":\"CommentAction\",\"name\":\"Comment\",\"target\":[\"https:\/\/www.upo.es\/facultad-ciencias-sociales\/es\/fcslab\/noticias\/presentacion-de-social-verbatim-nueva-app-para-la-investigacion-cualitativa\/#respond\"]}]},{\"@type\":[\"WebPage\",\"ItemPage\"],\"@id\":\"https:\/\/www.upo.es\/facultad-ciencias-sociales\/es\/fcslab\/noticias\/presentacion-de-social-verbatim-nueva-app-para-la-investigacion-cualitativa\/\",\"url\":\"https:\/\/www.upo.es\/facultad-ciencias-sociales\/es\/fcslab\/noticias\/presentacion-de-social-verbatim-nueva-app-para-la-investigacion-cualitativa\/\",\"name\":\"Presentaci\u00f3n de Social Verbatim: nueva app para la investigaci\u00f3n cualitativa - Laboratorio Facultad de Ciencias Sociales\",\"isPartOf\":{\"@id\":\"https:\/\/www.upo.es\/facultad-ciencias-sociales\/es\/fcslab\/#website\"},\"primaryImageOfPage\":{\"@id\":\"https:\/\/www.upo.es\/facultad-ciencias-sociales\/es\/fcslab\/noticias\/presentacion-de-social-verbatim-nueva-app-para-la-investigacion-cualitativa\/#primaryimage\"},\"image\":{\"@id\":\"https:\/\/www.upo.es\/facultad-ciencias-sociales\/es\/fcslab\/noticias\/presentacion-de-social-verbatim-nueva-app-para-la-investigacion-cualitativa\/#primaryimage\"},\"thumbnailUrl\":\"https:\/\/www.upo.es\/facultad-ciencias-sociales\/es\/fcslab\/wp-content\/uploads\/WhatsApp-Image-2025-04-22-at-10.48.05-e1750240470979.jpg\",\"datePublished\":\"2025-06-18T09:55:38+00:00\",\"dateModified\":\"2025-06-18T09:55:40+00:00\",\"breadcrumb\":{\"@id\":\"https:\/\/www.upo.es\/facultad-ciencias-sociales\/es\/fcslab\/noticias\/presentacion-de-social-verbatim-nueva-app-para-la-investigacion-cualitativa\/#breadcrumb\"},\"inLanguage\":\"es\",\"potentialAction\":[{\"@type\":\"ReadAction\",\"target\":[\"https:\/\/www.upo.es\/facultad-ciencias-sociales\/es\/fcslab\/noticias\/presentacion-de-social-verbatim-nueva-app-para-la-investigacion-cualitativa\/\"]}]},{\"@type\":\"ImageObject\",\"inLanguage\":\"es\",\"@id\":\"https:\/\/www.upo.es\/facultad-ciencias-sociales\/es\/fcslab\/noticias\/presentacion-de-social-verbatim-nueva-app-para-la-investigacion-cualitativa\/#primaryimage\",\"url\":\"https:\/\/www.upo.es\/facultad-ciencias-sociales\/es\/fcslab\/wp-content\/uploads\/WhatsApp-Image-2025-04-22-at-10.48.05-e1750240470979.jpg\",\"contentUrl\":\"https:\/\/www.upo.es\/facultad-ciencias-sociales\/es\/fcslab\/wp-content\/uploads\/WhatsApp-Image-2025-04-22-at-10.48.05-e1750240470979.jpg\",\"width\":2048,\"height\":1088},{\"@type\":\"BreadcrumbList\",\"@id\":\"https:\/\/www.upo.es\/facultad-ciencias-sociales\/es\/fcslab\/noticias\/presentacion-de-social-verbatim-nueva-app-para-la-investigacion-cualitativa\/#breadcrumb\",\"itemListElement\":[{\"@type\":\"ListItem\",\"position\":1,\"name\":\"Portada\",\"item\":\"https:\/\/www.upo.es\/facultad-ciencias-sociales\/es\/fcslab\/\"},{\"@type\":\"ListItem\",\"position\":2,\"name\":\"Presentaci\u00f3n de Social Verbatim: nueva app para la investigaci\u00f3n cualitativa\"}]},{\"@type\":\"WebSite\",\"@id\":\"https:\/\/www.upo.es\/facultad-ciencias-sociales\/es\/fcslab\/#website\",\"url\":\"https:\/\/www.upo.es\/facultad-ciencias-sociales\/es\/fcslab\/\",\"name\":\"Laboratorio Facultad de Ciencias Sociales\",\"description\":\"Laboratorio Facultad de Ciencias Sociales\",\"publisher\":{\"@id\":\"https:\/\/www.upo.es\/facultad-ciencias-sociales\/es\/fcslab\/#organization\"},\"potentialAction\":[{\"@type\":\"SearchAction\",\"target\":{\"@type\":\"EntryPoint\",\"urlTemplate\":\"https:\/\/www.upo.es\/facultad-ciencias-sociales\/es\/fcslab\/?s={search_term_string}\"},\"query-input\":\"required name=search_term_string\"}],\"inLanguage\":\"es\"},{\"@type\":\"Organization\",\"@id\":\"https:\/\/www.upo.es\/facultad-ciencias-sociales\/es\/fcslab\/#organization\",\"name\":\"FCSLab\",\"url\":\"https:\/\/www.upo.es\/facultad-ciencias-sociales\/es\/fcslab\/\",\"logo\":{\"@type\":\"ImageObject\",\"inLanguage\":\"es\",\"@id\":\"https:\/\/www.upo.es\/facultad-ciencias-sociales\/es\/fcslab\/#\/schema\/logo\/image\/\",\"url\":\"https:\/\/www.upo.es\/facultad-ciencias-sociales\/es\/fcslab\/wp-content\/uploads\/FCSLab.svg\",\"contentUrl\":\"https:\/\/www.upo.es\/facultad-ciencias-sociales\/es\/fcslab\/wp-content\/uploads\/FCSLab.svg\",\"width\":962,\"height\":305,\"caption\":\"FCSLab\"},\"image\":{\"@id\":\"https:\/\/www.upo.es\/facultad-ciencias-sociales\/es\/fcslab\/#\/schema\/logo\/image\/\"},\"sameAs\":[\"https:\/\/x.com\/fcslabUPO\",\"https:\/\/www.instagram.com\/fcslabupo\/\"]},{\"@type\":\"Person\",\"@id\":\"https:\/\/www.upo.es\/facultad-ciencias-sociales\/es\/fcslab\/#\/schema\/person\/c692fa2c86cda4a6a6ceace4584d13f9\",\"name\":\"FCSLab\"}]}<\/script>\n<!-- \/ Yoast SEO plugin. -->","yoast_head_json":{"title":"Presentaci\u00f3n de Social Verbatim: nueva app para la investigaci\u00f3n cualitativa - Laboratorio Facultad de Ciencias Sociales","robots":{"index":"index","follow":"follow","max-snippet":"max-snippet:-1","max-image-preview":"max-image-preview:large","max-video-preview":"max-video-preview:-1"},"canonical":"https:\/\/www.upo.es\/facultad-ciencias-sociales\/es\/fcslab\/noticias\/presentacion-de-social-verbatim-nueva-app-para-la-investigacion-cualitativa\/","og_locale":"es_ES","og_type":"article","og_title":"Presentaci\u00f3n de Social Verbatim: nueva app para la investigaci\u00f3n cualitativa - Laboratorio Facultad de Ciencias Sociales","og_description":"El pr\u00f3ximo jueves 26 de junio, a partir de las 10:00 horas, se realizar\u00e1 el acto de presentaci\u00f3n de Social Verbatim, una innovadora aplicaci\u00f3n destinada a la transcripci\u00f3n, gesti\u00f3n y codificaci\u00f3n de datos para la investigaci\u00f3n cualitativa. Este proyecto, desarrollado en el marco de la convocatoria I+D+i del Plan Estatal de Investigaci\u00f3n Cient\u00edfica, T\u00e9cnica y &hellip; Continuar leyendo \"Presentaci\u00f3n de Social Verbatim: nueva app para la investigaci\u00f3n cualitativa\"","og_url":"https:\/\/www.upo.es\/facultad-ciencias-sociales\/es\/fcslab\/noticias\/presentacion-de-social-verbatim-nueva-app-para-la-investigacion-cualitativa\/","og_site_name":"Laboratorio Facultad de Ciencias Sociales","article_published_time":"2025-06-18T09:55:38+00:00","article_modified_time":"2025-06-18T09:55:40+00:00","og_image":[{"width":2048,"height":1088,"url":"https:\/\/www.upo.es\/facultad-ciencias-sociales\/es\/fcslab\/wp-content\/uploads\/WhatsApp-Image-2025-04-22-at-10.48.05-e1750240470979.jpg","type":"image\/jpeg"}],"author":"FCSLab","twitter_card":"summary_large_image","twitter_creator":"@fcslabUPO","twitter_site":"@fcslabUPO","schema":{"@context":"https:\/\/schema.org","@graph":[{"@type":"NewsArticle","@id":"https:\/\/www.upo.es\/facultad-ciencias-sociales\/es\/fcslab\/noticias\/presentacion-de-social-verbatim-nueva-app-para-la-investigacion-cualitativa\/#article","isPartOf":{"@id":"https:\/\/www.upo.es\/facultad-ciencias-sociales\/es\/fcslab\/noticias\/presentacion-de-social-verbatim-nueva-app-para-la-investigacion-cualitativa\/"},"author":{"name":"FCSLab","@id":"https:\/\/www.upo.es\/facultad-ciencias-sociales\/es\/fcslab\/#\/schema\/person\/c692fa2c86cda4a6a6ceace4584d13f9"},"headline":"Presentaci\u00f3n de Social Verbatim: nueva app para la investigaci\u00f3n cualitativa","datePublished":"2025-06-18T09:55:38+00:00","dateModified":"2025-06-18T09:55:40+00:00","mainEntityOfPage":{"@id":"https:\/\/www.upo.es\/facultad-ciencias-sociales\/es\/fcslab\/noticias\/presentacion-de-social-verbatim-nueva-app-para-la-investigacion-cualitativa\/"},"wordCount":445,"commentCount":0,"publisher":{"@id":"https:\/\/www.upo.es\/facultad-ciencias-sociales\/es\/fcslab\/#organization"},"image":{"@id":"https:\/\/www.upo.es\/facultad-ciencias-sociales\/es\/fcslab\/noticias\/presentacion-de-social-verbatim-nueva-app-para-la-investigacion-cualitativa\/#primaryimage"},"thumbnailUrl":"https:\/\/www.upo.es\/facultad-ciencias-sociales\/es\/fcslab\/wp-content\/uploads\/WhatsApp-Image-2025-04-22-at-10.48.05-e1750240470979.jpg","articleSection":["Noticias"],"inLanguage":"es","potentialAction":[{"@type":"CommentAction","name":"Comment","target":["https:\/\/www.upo.es\/facultad-ciencias-sociales\/es\/fcslab\/noticias\/presentacion-de-social-verbatim-nueva-app-para-la-investigacion-cualitativa\/#respond"]}]},{"@type":["WebPage","ItemPage"],"@id":"https:\/\/www.upo.es\/facultad-ciencias-sociales\/es\/fcslab\/noticias\/presentacion-de-social-verbatim-nueva-app-para-la-investigacion-cualitativa\/","url":"https:\/\/www.upo.es\/facultad-ciencias-sociales\/es\/fcslab\/noticias\/presentacion-de-social-verbatim-nueva-app-para-la-investigacion-cualitativa\/","name":"Presentaci\u00f3n de Social Verbatim: nueva app para la investigaci\u00f3n cualitativa - Laboratorio Facultad de Ciencias Sociales","isPartOf":{"@id":"https:\/\/www.upo.es\/facultad-ciencias-sociales\/es\/fcslab\/#website"},"primaryImageOfPage":{"@id":"https:\/\/www.upo.es\/facultad-ciencias-sociales\/es\/fcslab\/noticias\/presentacion-de-social-verbatim-nueva-app-para-la-investigacion-cualitativa\/#primaryimage"},"image":{"@id":"https:\/\/www.upo.es\/facultad-ciencias-sociales\/es\/fcslab\/noticias\/presentacion-de-social-verbatim-nueva-app-para-la-investigacion-cualitativa\/#primaryimage"},"thumbnailUrl":"https:\/\/www.upo.es\/facultad-ciencias-sociales\/es\/fcslab\/wp-content\/uploads\/WhatsApp-Image-2025-04-22-at-10.48.05-e1750240470979.jpg","datePublished":"2025-06-18T09:55:38+00:00","dateModified":"2025-06-18T09:55:40+00:00","breadcrumb":{"@id":"https:\/\/www.upo.es\/facultad-ciencias-sociales\/es\/fcslab\/noticias\/presentacion-de-social-verbatim-nueva-app-para-la-investigacion-cualitativa\/#breadcrumb"},"inLanguage":"es","potentialAction":[{"@type":"ReadAction","target":["https:\/\/www.upo.es\/facultad-ciencias-sociales\/es\/fcslab\/noticias\/presentacion-de-social-verbatim-nueva-app-para-la-investigacion-cualitativa\/"]}]},{"@type":"ImageObject","inLanguage":"es","@id":"https:\/\/www.upo.es\/facultad-ciencias-sociales\/es\/fcslab\/noticias\/presentacion-de-social-verbatim-nueva-app-para-la-investigacion-cualitativa\/#primaryimage","url":"https:\/\/www.upo.es\/facultad-ciencias-sociales\/es\/fcslab\/wp-content\/uploads\/WhatsApp-Image-2025-04-22-at-10.48.05-e1750240470979.jpg","contentUrl":"https:\/\/www.upo.es\/facultad-ciencias-sociales\/es\/fcslab\/wp-content\/uploads\/WhatsApp-Image-2025-04-22-at-10.48.05-e1750240470979.jpg","width":2048,"height":1088},{"@type":"BreadcrumbList","@id":"https:\/\/www.upo.es\/facultad-ciencias-sociales\/es\/fcslab\/noticias\/presentacion-de-social-verbatim-nueva-app-para-la-investigacion-cualitativa\/#breadcrumb","itemListElement":[{"@type":"ListItem","position":1,"name":"Portada","item":"https:\/\/www.upo.es\/facultad-ciencias-sociales\/es\/fcslab\/"},{"@type":"ListItem","position":2,"name":"Presentaci\u00f3n de Social Verbatim: nueva app para la investigaci\u00f3n cualitativa"}]},{"@type":"WebSite","@id":"https:\/\/www.upo.es\/facultad-ciencias-sociales\/es\/fcslab\/#website","url":"https:\/\/www.upo.es\/facultad-ciencias-sociales\/es\/fcslab\/","name":"Laboratorio Facultad de Ciencias Sociales","description":"Laboratorio Facultad de Ciencias Sociales","publisher":{"@id":"https:\/\/www.upo.es\/facultad-ciencias-sociales\/es\/fcslab\/#organization"},"potentialAction":[{"@type":"SearchAction","target":{"@type":"EntryPoint","urlTemplate":"https:\/\/www.upo.es\/facultad-ciencias-sociales\/es\/fcslab\/?s={search_term_string}"},"query-input":"required name=search_term_string"}],"inLanguage":"es"},{"@type":"Organization","@id":"https:\/\/www.upo.es\/facultad-ciencias-sociales\/es\/fcslab\/#organization","name":"FCSLab","url":"https:\/\/www.upo.es\/facultad-ciencias-sociales\/es\/fcslab\/","logo":{"@type":"ImageObject","inLanguage":"es","@id":"https:\/\/www.upo.es\/facultad-ciencias-sociales\/es\/fcslab\/#\/schema\/logo\/image\/","url":"https:\/\/www.upo.es\/facultad-ciencias-sociales\/es\/fcslab\/wp-content\/uploads\/FCSLab.svg","contentUrl":"https:\/\/www.upo.es\/facultad-ciencias-sociales\/es\/fcslab\/wp-content\/uploads\/FCSLab.svg","width":962,"height":305,"caption":"FCSLab"},"image":{"@id":"https:\/\/www.upo.es\/facultad-ciencias-sociales\/es\/fcslab\/#\/schema\/logo\/image\/"},"sameAs":["https:\/\/x.com\/fcslabUPO","https:\/\/www.instagram.com\/fcslabupo\/"]},{"@type":"Person","@id":"https:\/\/www.upo.es\/facultad-ciencias-sociales\/es\/fcslab\/#\/schema\/person\/c692fa2c86cda4a6a6ceace4584d13f9","name":"FCSLab"}]}},"_links":{"self":[{"href":"https:\/\/www.upo.es\/facultad-ciencias-sociales\/es\/fcslab\/wp-json\/wp\/v2\/posts\/5757"}],"collection":[{"href":"https:\/\/www.upo.es\/facultad-ciencias-sociales\/es\/fcslab\/wp-json\/wp\/v2\/posts"}],"about":[{"href":"https:\/\/www.upo.es\/facultad-ciencias-sociales\/es\/fcslab\/wp-json\/wp\/v2\/types\/post"}],"author":[{"embeddable":true,"href":"https:\/\/www.upo.es\/facultad-ciencias-sociales\/es\/fcslab\/wp-json\/wp\/v2\/users\/2"}],"replies":[{"embeddable":true,"href":"https:\/\/www.upo.es\/facultad-ciencias-sociales\/es\/fcslab\/wp-json\/wp\/v2\/comments?post=5757"}],"version-history":[{"count":1,"href":"https:\/\/www.upo.es\/facultad-ciencias-sociales\/es\/fcslab\/wp-json\/wp\/v2\/posts\/5757\/revisions"}],"predecessor-version":[{"id":5759,"href":"https:\/\/www.upo.es\/facultad-ciencias-sociales\/es\/fcslab\/wp-json\/wp\/v2\/posts\/5757\/revisions\/5759"}],"wp:featuredmedia":[{"embeddable":true,"href":"https:\/\/www.upo.es\/facultad-ciencias-sociales\/es\/fcslab\/wp-json\/wp\/v2\/media\/5758"}],"wp:attachment":[{"href":"https:\/\/www.upo.es\/facultad-ciencias-sociales\/es\/fcslab\/wp-json\/wp\/v2\/media?parent=5757"}],"wp:term":[{"taxonomy":"category","embeddable":true,"href":"https:\/\/www.upo.es\/facultad-ciencias-sociales\/es\/fcslab\/wp-json\/wp\/v2\/categories?post=5757"},{"taxonomy":"post_tag","embeddable":true,"href":"https:\/\/www.upo.es\/facultad-ciencias-sociales\/es\/fcslab\/wp-json\/wp\/v2\/tags?post=5757"}],"curies":[{"name":"wp","href":"https:\/\/api.w.org\/{rel}","templated":true}]}}