{"id":32770,"date":"2024-03-14T10:42:09","date_gmt":"2024-03-14T09:42:09","guid":{"rendered":"https:\/\/www.upo.es\/formacionpermanente\/?p=32770"},"modified":"2024-03-14T10:42:09","modified_gmt":"2024-03-14T09:42:09","slug":"la-universidad-pablo-de-olavide-aprueba-su-oferta-de-titulos-propios-para-el-curso-academico-2024-2025","status":"publish","type":"post","link":"https:\/\/www.upo.es\/formacionpermanente\/la-universidad-pablo-de-olavide-aprueba-su-oferta-de-titulos-propios-para-el-curso-academico-2024-2025\/","title":{"rendered":"La Universidad Pablo de Olavide aprueba su oferta de T\u00edtulos Propios para el curso acad\u00e9mico 2024\/2025"},"content":{"rendered":"<p><strong>Un amplio cat\u00e1logo de formaci\u00f3n especializada, en diversas \u00e1reas y materias, que responde a las necesidades actuales del mercado laboral<\/strong><\/p>\n<p><strong>M\u00e1s de 50 programas conforman la oferta inicial de T\u00edtulos Propios que se ver\u00e1 ampliada una vez finalizado el segundo plazo de presentaci\u00f3n de propuestas que actualmente est\u00e1 abierto<\/strong><\/p>\n<p>La Universidad Pablo de Olavide ha aprobado y publicado su oferta de T\u00edtulos Propios para el pr\u00f3ximo curso acad\u00e9mico, apostando por la Formaci\u00f3n Permanente como un pilar esencial para responder a las necesidades del mercado laboral que exige formaciones especializadas concretas y de calidad para ser competitivos.<\/p>\n<p>Esta oferta, compuesta inicialmente por 56 programas de T\u00edtulos Propios, combina t\u00edtulos consolidados tras m\u00e1s de diez ediciones y con un alta tasa de estudiantes cada a\u00f1o, junto a otros novedosos que cubren las nuevas demandas formativas.<\/p>\n<p>Los T\u00edtulos Propios se engloban dentro de la Formaci\u00f3n Permanente de la Universidad Pablo de Olavide, bajo las competencias del Vicerrectorado de Relaciones Institucionales y Fundaciones, y que est\u00e1 conformada por una serie de ense\u00f1anzas propias cuya finalidad es fortalecer la formaci\u00f3n de los ciudadanos y ciudadanas a lo largo de su vida, actualizando y ampliando sus conocimientos, sus capacidades y sus habilidades generales, espec\u00edficas o multidisciplinares en los diversos campos del saber.<\/p>\n<p>Entre los t\u00edtulos que son ya referencia en la Universidad se encuentran los m\u00e1steres de Formaci\u00f3n Permanente: \u2018Atenci\u00f3n Temprana\u2019 \u2018Big Data &amp; Business Analytics\u2019, \u2018Direcci\u00f3n y Administraci\u00f3n de Empresas Hosteleras\u2019, \u2018Planificaci\u00f3n, Econom\u00eda y Operaci\u00f3n del Transporte Urbano y Metropolitano\u2019, los programas sobre \u2018BIM (Building Information Modeling) o el m\u00e1ster de \u2018T\u00e9cnicas Avanzadas en Medicina Est\u00e9tica, Cosm\u00e9tica y Regenerativa\u2019 que inicia el pr\u00f3ximo curso su sexta edici\u00f3n, avalado por los resultados obtenidos en las ediciones anteriores en las que se ha formado a m\u00e1s de 130 profesionales de este \u00e1mbito.<\/p>\n<p>A estos programas se suman en el curso 2024\/2025 t\u00edtulos nuevos como el m\u00e1ster en \u2018Consultor\u00eda Tecnol\u00f3gica: Especializaci\u00f3n en Microsoft Dynamics 365 Business Central\u2019, el m\u00e1ster en \u2018Asesor\u00eda Fiscal\u2019 o el certificado en \u2018Direcci\u00f3n e Innovaci\u00f3n de Cocina\u2019, nuevas titulaciones que vienen a paliar las necesidades formativas actuales en los diferentes sectores, ofreciendo una formaci\u00f3n especializada, de calidad y novedosa. Tambi\u00e9n se encuentran entre las titulaciones m\u00e1s noveles de esta nueva oferta las segundas ediciones de \u2018Musicoterapia\u2019, \u2018Modelizaci\u00f3n y simulaci\u00f3n del transporte urbano y la movilidad mediante el uso de nuevas tecnolog\u00edas y herramientas de an\u00e1lisis y explotaci\u00f3n de datos\u2019 o \u2018Neuroestimulaci\u00f3n Percut\u00e1nea y Acupuntura M\u00e9dica\u2019.<\/p>\n<p>Los T\u00edtulos Propios se clasifican en funci\u00f3n del n\u00famero de cr\u00e9ditos, distinguiendo entre: M\u00e1ster de Formaci\u00f3n Permanente (60, 90 y 120 cr\u00e9ditos ECTS), Diploma de Especializaci\u00f3n (igual o superior a 30 ECTS e inferior a 60 ECTS), Diploma de Experto (carga igual o superior a 15 ECTS e inferior a 30 ECTS) o Certificado Universitario (con una carga m\u00e1xima de 30 ECTS). Todos estos t\u00edtulos pueden impartirse en modalidad presencial, virtual u online e h\u00edbrida, combinando esta \u00faltima las dos primeras modalidades.<\/p>\n<p>Para acceder a los estudios de M\u00e1ster de Formaci\u00f3n Permanente, Diploma de Especializaci\u00f3n o Diploma de Experto de la Universidad Pablo de Olavide, las personas interesadas deber\u00e1n estar en posesi\u00f3n de un t\u00edtulo de grado universitario o equivalente, as\u00ed como un t\u00edtulo expedido por una instituci\u00f3n de educaci\u00f3n superior del Espacio Europeo de Educaci\u00f3n Superior (EEES) que otorgue acceso a ense\u00f1anzas oficiales de postgrado, un t\u00edtulo conforme a sistemas educativos ajenos al EEES que acredite un nivel de formaci\u00f3n equivalente a los correspondientes t\u00edtulos universitarios oficiales espa\u00f1oles de grado, o haber superado al menos 180 ECTS de un t\u00edtulo de grado.<\/p>\n<p>Por su parte, para realizar un Certificado Universitario, la persona solicitante deber\u00e1 acreditar el nivel de acceso a los ciclos formativos de grado medio o superior. Asimismo, la comisi\u00f3n de Postgrado de la Universidad Pablo de Olavide podr\u00e1 autorizar el acceso a los T\u00edtulos Propios de estudiantes que acrediten experiencia profesional demostrada en un \u00e1mbito relacionado con el contenido del t\u00edtulo que desea cursar.<\/p>\n<p>Para que la oferta se adec\u00fae a las necesidades del mercado, la UPO cuenta con la colaboraci\u00f3n de numerosas entidades y empresas que participan en el dise\u00f1o y la impartici\u00f3n de algunos de estos t\u00edtulos propios. Son ejemplo de estas entidades: la Escuela Superior de Hosteler\u00eda de Sevilla, la Asociaci\u00f3n Espa\u00f1ola de Asesores Fiscales, IBM, la Cl\u00ednica Roc\u00edo V\u00e1zquez, la Asociaci\u00f3n Andaluza del Dolor, el Instituto de Movilidad, la Fundaci\u00f3n Espa\u00f1ola para la Prevenci\u00f3n del Suicidio, Cype, Ayesa, Alom\u00f3n Consultor\u00eda de Movilidad, el Colegio Oficial de Trabajo Social de Sevilla, la Agencia Andaluza de Instituciones Culturales, el Colegio Oficial de Psicolog\u00eda de Andaluc\u00eda Occidental, Atbim, Emergya o el Colegio Oficial de Aparejadores y Arquitectos T\u00e9cnicos de Sevilla.<\/p>\n<p>La oferta presentada inicialmente para el pr\u00f3ximo curso, y para cuyas titulaciones ya se puede realizar la reserva de plazas, se ver\u00e1 incrementada en las pr\u00f3ximas semanas ya que actualmente se encuentra abierto el segundo plazo de recepci\u00f3n de nuevas propuestas de t\u00edtulos propios para su impartici\u00f3n en el pr\u00f3ximo curso acad\u00e9mico. Hasta el d\u00eda 4 de abril las personas interesadas y que pertenezcan al Personal Docente e Investigador (PDI) o Personal T\u00e9cnico de Gesti\u00f3n, Administraci\u00f3n y Servicios (PTGAS) de la UPO podr\u00e1n presentar sus propuestas, que ser\u00e1n evaluadas por una comisi\u00f3n y aprobadas finalmente en el Consejo de Gobierno de la universidad pr\u00f3ximamente.<\/p>\n<p>Los T\u00edtulos Propios de la Universidad Pablo de Olavide, as\u00ed como el resto de programas formativos que se engloban en la oferta de Formaci\u00f3n Permanente de la UPO, Cursos de Verano y Cursos de Desarrollo Profesional Avanzado, bajo la modalidad de microcredenciales, son programas gestionados por la Fundaci\u00f3n Universidad Pablo de Olavide, siguiendo las directrices del Vicerrectorado de Relaciones Institucionales y Fundaciones.<\/p>\n<p><a href=\"https:\/\/www.upo.es\/formacionpermanente\/titulos-propios\/oferta-academica\/\">T\u00edtulos Propios de la Universidad Pablo de Olavide 2024\/2025<\/a><\/p>\n","protected":false},"excerpt":{"rendered":"<p>Un amplio cat\u00e1logo de formaci\u00f3n especializada, en diversas \u00e1reas y materias, que responde a las necesidades actuales del mercado laboral M\u00e1s de 50 programas conforman la oferta inicial de T\u00edtulos Propios que se ver\u00e1 ampliada una vez finalizado el segundo plazo de presentaci\u00f3n de propuestas que actualmente est\u00e1 abierto La Universidad Pablo de Olavide ha [&hellip;]<\/p>\n","protected":false},"author":7,"featured_media":32773,"comment_status":"open","ping_status":"open","sticky":false,"template":"","format":"standard","meta":{"_acf_changed":false,"site-sidebar-layout":"default","site-content-layout":"","ast-site-content-layout":"default","site-content-style":"default","site-sidebar-style":"default","ast-global-header-display":"","ast-banner-title-visibility":"","ast-main-header-display":"","ast-hfb-above-header-display":"","ast-hfb-below-header-display":"","ast-hfb-mobile-header-display":"","site-post-title":"","ast-breadcrumbs-content":"","ast-featured-img":"","footer-sml-layout":"","ast-disable-related-posts":"","theme-transparent-header-meta":"default","adv-header-id-meta":"","stick-header-meta":"default","header-above-stick-meta":"","header-main-stick-meta":"","header-below-stick-meta":"","astra-migrate-meta-layouts":"set","ast-page-background-enabled":"default","ast-page-background-meta":{"desktop":{"background-color":"var(--ast-global-color-4)","background-image":"","background-repeat":"repeat","background-position":"center center","background-size":"auto","background-attachment":"scroll","background-type":"","background-media":"","overlay-type":"","overlay-color":"","overlay-opacity":"","overlay-gradient":""},"tablet":{"background-color":"","background-image":"","background-repeat":"repeat","background-position":"center center","background-size":"auto","background-attachment":"scroll","background-type":"","background-media":"","overlay-type":"","overlay-color":"","overlay-opacity":"","overlay-gradient":""},"mobile":{"background-color":"","background-image":"","background-repeat":"repeat","background-position":"center center","background-size":"auto","background-attachment":"scroll","background-type":"","background-media":"","overlay-type":"","overlay-color":"","overlay-opacity":"","overlay-gradient":""}},"ast-content-background-meta":{"desktop":{"background-color":"var(--ast-global-color-5)","background-image":"","background-repeat":"repeat","background-position":"center center","background-size":"auto","background-attachment":"scroll","background-type":"","background-media":"","overlay-type":"","overlay-color":"","overlay-opacity":"","overlay-gradient":""},"tablet":{"background-color":"var(--ast-global-color-5)","background-image":"","background-repeat":"repeat","background-position":"center center","background-size":"auto","background-attachment":"scroll","background-type":"","background-media":"","overlay-type":"","overlay-color":"","overlay-opacity":"","overlay-gradient":""},"mobile":{"background-color":"var(--ast-global-color-5)","background-image":"","background-repeat":"repeat","background-position":"center center","background-size":"auto","background-attachment":"scroll","background-type":"","background-media":"","overlay-type":"","overlay-color":"","overlay-opacity":"","overlay-gradient":""}},"footnotes":""},"categories":[217],"tags":[265,460,459,42,458,266,457,291],"class_list":["post-32770","post","type-post","status-publish","format-standard","has-post-thumbnail","hentry","category-titulos-propios","tag-certificado-universitario","tag-diploma-de-especializacion","tag-diploma-de-experto","tag-formacion-permanente","tag-fundacion-universidad-pablo-de-olavide","tag-master","tag-titulos-propios","tag-universidad-pablo-de-olavide"],"acf":[],"yoast_head":"<!-- This site is optimized with the Yoast SEO plugin v27.5 - https:\/\/yoast.com\/product\/yoast-seo-wordpress\/ -->\n<title>La Universidad Pablo de Olavide aprueba su oferta de T\u00edtulos Propios para el curso acad\u00e9mico 2024\/2025 - Formaci\u00f3n Permanente UPO<\/title>\n<meta name=\"robots\" content=\"index, follow, max-snippet:-1, max-image-preview:large, max-video-preview:-1\" \/>\n<link rel=\"canonical\" href=\"https:\/\/www.upo.es\/formacionpermanente\/la-universidad-pablo-de-olavide-aprueba-su-oferta-de-titulos-propios-para-el-curso-academico-2024-2025\/\" \/>\n<meta property=\"og:locale\" content=\"es_ES\" \/>\n<meta property=\"og:type\" content=\"article\" \/>\n<meta property=\"og:title\" content=\"La Universidad Pablo de Olavide aprueba su oferta de T\u00edtulos Propios para el curso acad\u00e9mico 2024\/2025 - Formaci\u00f3n Permanente UPO\" \/>\n<meta property=\"og:description\" content=\"Un amplio cat\u00e1logo de formaci\u00f3n especializada, en diversas \u00e1reas y materias, que responde a las necesidades actuales del mercado laboral M\u00e1s de 50 programas conforman la oferta inicial de T\u00edtulos Propios que se ver\u00e1 ampliada una vez finalizado el segundo plazo de presentaci\u00f3n de propuestas que actualmente est\u00e1 abierto La Universidad Pablo de Olavide ha [&hellip;]\" \/>\n<meta property=\"og:url\" content=\"https:\/\/www.upo.es\/formacionpermanente\/la-universidad-pablo-de-olavide-aprueba-su-oferta-de-titulos-propios-para-el-curso-academico-2024-2025\/\" \/>\n<meta property=\"og:site_name\" content=\"Formaci\u00f3n Permanente UPO\" \/>\n<meta property=\"article:published_time\" content=\"2024-03-14T09:42:09+00:00\" \/>\n<meta property=\"og:image\" content=\"https:\/\/www.upo.es\/formacionpermanente\/wp-content\/imagenes\/uploads\/2024\/03\/IMG_2402-Mejorado-NR-scaled.jpg\" \/>\n\t<meta property=\"og:image:width\" content=\"2560\" \/>\n\t<meta property=\"og:image:height\" content=\"1707\" \/>\n\t<meta property=\"og:image:type\" content=\"image\/jpeg\" \/>\n<meta name=\"author\" content=\"Nuria Mu\u00f1oz Fern\u00e1ndez\" \/>\n<meta name=\"twitter:card\" content=\"summary_large_image\" \/>\n<meta name=\"twitter:label1\" content=\"Escrito por\" \/>\n\t<meta name=\"twitter:data1\" content=\"Nuria Mu\u00f1oz Fern\u00e1ndez\" \/>\n\t<meta name=\"twitter:label2\" content=\"Tiempo de lectura\" \/>\n\t<meta name=\"twitter:data2\" content=\"5 minutos\" \/>\n<script type=\"application\/ld+json\" class=\"yoast-schema-graph\">{\"@context\":\"https:\\\/\\\/schema.org\",\"@graph\":[{\"@type\":\"Article\",\"@id\":\"https:\\\/\\\/www.upo.es\\\/formacionpermanente\\\/la-universidad-pablo-de-olavide-aprueba-su-oferta-de-titulos-propios-para-el-curso-academico-2024-2025\\\/#article\",\"isPartOf\":{\"@id\":\"https:\\\/\\\/www.upo.es\\\/formacionpermanente\\\/la-universidad-pablo-de-olavide-aprueba-su-oferta-de-titulos-propios-para-el-curso-academico-2024-2025\\\/\"},\"author\":{\"name\":\"Nuria Mu\u00f1oz Fern\u00e1ndez\",\"@id\":\"https:\\\/\\\/www.upo.es\\\/formacionpermanente\\\/#\\\/schema\\\/person\\\/51978fdabf0a5e2117cc6647819ed739\"},\"headline\":\"La Universidad Pablo de Olavide aprueba su oferta de T\u00edtulos Propios para el curso acad\u00e9mico 2024\\\/2025\",\"datePublished\":\"2024-03-14T09:42:09+00:00\",\"mainEntityOfPage\":{\"@id\":\"https:\\\/\\\/www.upo.es\\\/formacionpermanente\\\/la-universidad-pablo-de-olavide-aprueba-su-oferta-de-titulos-propios-para-el-curso-academico-2024-2025\\\/\"},\"wordCount\":1064,\"commentCount\":0,\"publisher\":{\"@id\":\"https:\\\/\\\/www.upo.es\\\/formacionpermanente\\\/#organization\"},\"image\":{\"@id\":\"https:\\\/\\\/www.upo.es\\\/formacionpermanente\\\/la-universidad-pablo-de-olavide-aprueba-su-oferta-de-titulos-propios-para-el-curso-academico-2024-2025\\\/#primaryimage\"},\"thumbnailUrl\":\"https:\\\/\\\/www.upo.es\\\/formacionpermanente\\\/wp-content\\\/imagenes\\\/uploads\\\/2024\\\/03\\\/IMG_2402-Mejorado-NR-scaled.jpg\",\"keywords\":[\"Certificado Universitario\",\"Diploma de Especializaci\u00f3n\",\"Diploma de Experto\",\"Formaci\u00f3n Permanente\",\"Fundaci\u00f3n Universidad Pablo de Olavide\",\"M\u00e1ster\",\"Titulos propios\",\"Universidad Pablo de Olavide\"],\"articleSection\":[\"T\u00edtulos Propios\"],\"inLanguage\":\"es\",\"potentialAction\":[{\"@type\":\"CommentAction\",\"name\":\"Comment\",\"target\":[\"https:\\\/\\\/www.upo.es\\\/formacionpermanente\\\/la-universidad-pablo-de-olavide-aprueba-su-oferta-de-titulos-propios-para-el-curso-academico-2024-2025\\\/#respond\"]}]},{\"@type\":\"WebPage\",\"@id\":\"https:\\\/\\\/www.upo.es\\\/formacionpermanente\\\/la-universidad-pablo-de-olavide-aprueba-su-oferta-de-titulos-propios-para-el-curso-academico-2024-2025\\\/\",\"url\":\"https:\\\/\\\/www.upo.es\\\/formacionpermanente\\\/la-universidad-pablo-de-olavide-aprueba-su-oferta-de-titulos-propios-para-el-curso-academico-2024-2025\\\/\",\"name\":\"La Universidad Pablo de Olavide aprueba su oferta de T\u00edtulos Propios para el curso acad\u00e9mico 2024\\\/2025 - Formaci\u00f3n Permanente UPO\",\"isPartOf\":{\"@id\":\"https:\\\/\\\/www.upo.es\\\/formacionpermanente\\\/#website\"},\"primaryImageOfPage\":{\"@id\":\"https:\\\/\\\/www.upo.es\\\/formacionpermanente\\\/la-universidad-pablo-de-olavide-aprueba-su-oferta-de-titulos-propios-para-el-curso-academico-2024-2025\\\/#primaryimage\"},\"image\":{\"@id\":\"https:\\\/\\\/www.upo.es\\\/formacionpermanente\\\/la-universidad-pablo-de-olavide-aprueba-su-oferta-de-titulos-propios-para-el-curso-academico-2024-2025\\\/#primaryimage\"},\"thumbnailUrl\":\"https:\\\/\\\/www.upo.es\\\/formacionpermanente\\\/wp-content\\\/imagenes\\\/uploads\\\/2024\\\/03\\\/IMG_2402-Mejorado-NR-scaled.jpg\",\"datePublished\":\"2024-03-14T09:42:09+00:00\",\"breadcrumb\":{\"@id\":\"https:\\\/\\\/www.upo.es\\\/formacionpermanente\\\/la-universidad-pablo-de-olavide-aprueba-su-oferta-de-titulos-propios-para-el-curso-academico-2024-2025\\\/#breadcrumb\"},\"inLanguage\":\"es\",\"potentialAction\":[{\"@type\":\"ReadAction\",\"target\":[\"https:\\\/\\\/www.upo.es\\\/formacionpermanente\\\/la-universidad-pablo-de-olavide-aprueba-su-oferta-de-titulos-propios-para-el-curso-academico-2024-2025\\\/\"]}]},{\"@type\":\"ImageObject\",\"inLanguage\":\"es\",\"@id\":\"https:\\\/\\\/www.upo.es\\\/formacionpermanente\\\/la-universidad-pablo-de-olavide-aprueba-su-oferta-de-titulos-propios-para-el-curso-academico-2024-2025\\\/#primaryimage\",\"url\":\"https:\\\/\\\/www.upo.es\\\/formacionpermanente\\\/wp-content\\\/imagenes\\\/uploads\\\/2024\\\/03\\\/IMG_2402-Mejorado-NR-scaled.jpg\",\"contentUrl\":\"https:\\\/\\\/www.upo.es\\\/formacionpermanente\\\/wp-content\\\/imagenes\\\/uploads\\\/2024\\\/03\\\/IMG_2402-Mejorado-NR-scaled.jpg\",\"width\":2560,\"height\":1707,\"caption\":\"T\u00edtulos Propios UPO\"},{\"@type\":\"BreadcrumbList\",\"@id\":\"https:\\\/\\\/www.upo.es\\\/formacionpermanente\\\/la-universidad-pablo-de-olavide-aprueba-su-oferta-de-titulos-propios-para-el-curso-academico-2024-2025\\\/#breadcrumb\",\"itemListElement\":[{\"@type\":\"ListItem\",\"position\":1,\"name\":\"Portada\",\"item\":\"https:\\\/\\\/www.upo.es\\\/formacionpermanente\\\/\"},{\"@type\":\"ListItem\",\"position\":2,\"name\":\"La Universidad Pablo de Olavide aprueba su oferta de T\u00edtulos Propios para el curso acad\u00e9mico 2024\\\/2025\"}]},{\"@type\":\"WebSite\",\"@id\":\"https:\\\/\\\/www.upo.es\\\/formacionpermanente\\\/#website\",\"url\":\"https:\\\/\\\/www.upo.es\\\/formacionpermanente\\\/\",\"name\":\"Formaci\u00f3n Permanente UPO\",\"description\":\"T\u00edtulos Propios, Microcredenciales, Cursos de Verano\",\"publisher\":{\"@id\":\"https:\\\/\\\/www.upo.es\\\/formacionpermanente\\\/#organization\"},\"potentialAction\":[{\"@type\":\"SearchAction\",\"target\":{\"@type\":\"EntryPoint\",\"urlTemplate\":\"https:\\\/\\\/www.upo.es\\\/formacionpermanente\\\/?s={search_term_string}\"},\"query-input\":{\"@type\":\"PropertyValueSpecification\",\"valueRequired\":true,\"valueName\":\"search_term_string\"}}],\"inLanguage\":\"es\"},{\"@type\":\"Organization\",\"@id\":\"https:\\\/\\\/www.upo.es\\\/formacionpermanente\\\/#organization\",\"name\":\"Formaci\u00f3n Permanente Universidad Pablo de Olavide\",\"alternateName\":\"Formaci\u00f3n Permanente UPO\",\"url\":\"https:\\\/\\\/www.upo.es\\\/formacionpermanente\\\/\",\"logo\":{\"@type\":\"ImageObject\",\"inLanguage\":\"es\",\"@id\":\"https:\\\/\\\/www.upo.es\\\/formacionpermanente\\\/#\\\/schema\\\/logo\\\/image\\\/\",\"url\":\"https:\\\/\\\/www.upo.es\\\/formacionpermanente\\\/wp-content\\\/imagenes\\\/uploads\\\/2023\\\/02\\\/Logo-UPO-azul-amarillo-horizontal.png\",\"contentUrl\":\"https:\\\/\\\/www.upo.es\\\/formacionpermanente\\\/wp-content\\\/imagenes\\\/uploads\\\/2023\\\/02\\\/Logo-UPO-azul-amarillo-horizontal.png\",\"width\":1000,\"height\":407,\"caption\":\"Formaci\u00f3n Permanente Universidad Pablo de Olavide\"},\"image\":{\"@id\":\"https:\\\/\\\/www.upo.es\\\/formacionpermanente\\\/#\\\/schema\\\/logo\\\/image\\\/\"}},{\"@type\":\"Person\",\"@id\":\"https:\\\/\\\/www.upo.es\\\/formacionpermanente\\\/#\\\/schema\\\/person\\\/51978fdabf0a5e2117cc6647819ed739\",\"name\":\"Nuria Mu\u00f1oz Fern\u00e1ndez\",\"image\":{\"@type\":\"ImageObject\",\"inLanguage\":\"es\",\"@id\":\"https:\\\/\\\/secure.gravatar.com\\\/avatar\\\/f97ebae4c1147a6f2dc5c3ae08f90951b959092ae63a8adc8336f66bd7f7e9a7?s=96&d=mm&r=g\",\"url\":\"https:\\\/\\\/secure.gravatar.com\\\/avatar\\\/f97ebae4c1147a6f2dc5c3ae08f90951b959092ae63a8adc8336f66bd7f7e9a7?s=96&d=mm&r=g\",\"contentUrl\":\"https:\\\/\\\/secure.gravatar.com\\\/avatar\\\/f97ebae4c1147a6f2dc5c3ae08f90951b959092ae63a8adc8336f66bd7f7e9a7?s=96&d=mm&r=g\",\"caption\":\"Nuria Mu\u00f1oz Fern\u00e1ndez\"},\"url\":\"https:\\\/\\\/www.upo.es\\\/formacionpermanente\\\/author\\\/nmunfer1\\\/\"}]}<\/script>\n<!-- \/ Yoast SEO plugin. -->","yoast_head_json":{"title":"La Universidad Pablo de Olavide aprueba su oferta de T\u00edtulos Propios para el curso acad\u00e9mico 2024\/2025 - Formaci\u00f3n Permanente UPO","robots":{"index":"index","follow":"follow","max-snippet":"max-snippet:-1","max-image-preview":"max-image-preview:large","max-video-preview":"max-video-preview:-1"},"canonical":"https:\/\/www.upo.es\/formacionpermanente\/la-universidad-pablo-de-olavide-aprueba-su-oferta-de-titulos-propios-para-el-curso-academico-2024-2025\/","og_locale":"es_ES","og_type":"article","og_title":"La Universidad Pablo de Olavide aprueba su oferta de T\u00edtulos Propios para el curso acad\u00e9mico 2024\/2025 - Formaci\u00f3n Permanente UPO","og_description":"Un amplio cat\u00e1logo de formaci\u00f3n especializada, en diversas \u00e1reas y materias, que responde a las necesidades actuales del mercado laboral M\u00e1s de 50 programas conforman la oferta inicial de T\u00edtulos Propios que se ver\u00e1 ampliada una vez finalizado el segundo plazo de presentaci\u00f3n de propuestas que actualmente est\u00e1 abierto La Universidad Pablo de Olavide ha [&hellip;]","og_url":"https:\/\/www.upo.es\/formacionpermanente\/la-universidad-pablo-de-olavide-aprueba-su-oferta-de-titulos-propios-para-el-curso-academico-2024-2025\/","og_site_name":"Formaci\u00f3n Permanente UPO","article_published_time":"2024-03-14T09:42:09+00:00","og_image":[{"width":2560,"height":1707,"url":"https:\/\/www.upo.es\/formacionpermanente\/wp-content\/imagenes\/uploads\/2024\/03\/IMG_2402-Mejorado-NR-scaled.jpg","type":"image\/jpeg"}],"author":"Nuria Mu\u00f1oz Fern\u00e1ndez","twitter_card":"summary_large_image","twitter_misc":{"Escrito por":"Nuria Mu\u00f1oz Fern\u00e1ndez","Tiempo de lectura":"5 minutos"},"schema":{"@context":"https:\/\/schema.org","@graph":[{"@type":"Article","@id":"https:\/\/www.upo.es\/formacionpermanente\/la-universidad-pablo-de-olavide-aprueba-su-oferta-de-titulos-propios-para-el-curso-academico-2024-2025\/#article","isPartOf":{"@id":"https:\/\/www.upo.es\/formacionpermanente\/la-universidad-pablo-de-olavide-aprueba-su-oferta-de-titulos-propios-para-el-curso-academico-2024-2025\/"},"author":{"name":"Nuria Mu\u00f1oz Fern\u00e1ndez","@id":"https:\/\/www.upo.es\/formacionpermanente\/#\/schema\/person\/51978fdabf0a5e2117cc6647819ed739"},"headline":"La Universidad Pablo de Olavide aprueba su oferta de T\u00edtulos Propios para el curso acad\u00e9mico 2024\/2025","datePublished":"2024-03-14T09:42:09+00:00","mainEntityOfPage":{"@id":"https:\/\/www.upo.es\/formacionpermanente\/la-universidad-pablo-de-olavide-aprueba-su-oferta-de-titulos-propios-para-el-curso-academico-2024-2025\/"},"wordCount":1064,"commentCount":0,"publisher":{"@id":"https:\/\/www.upo.es\/formacionpermanente\/#organization"},"image":{"@id":"https:\/\/www.upo.es\/formacionpermanente\/la-universidad-pablo-de-olavide-aprueba-su-oferta-de-titulos-propios-para-el-curso-academico-2024-2025\/#primaryimage"},"thumbnailUrl":"https:\/\/www.upo.es\/formacionpermanente\/wp-content\/imagenes\/uploads\/2024\/03\/IMG_2402-Mejorado-NR-scaled.jpg","keywords":["Certificado Universitario","Diploma de Especializaci\u00f3n","Diploma de Experto","Formaci\u00f3n Permanente","Fundaci\u00f3n Universidad Pablo de Olavide","M\u00e1ster","Titulos propios","Universidad Pablo de Olavide"],"articleSection":["T\u00edtulos Propios"],"inLanguage":"es","potentialAction":[{"@type":"CommentAction","name":"Comment","target":["https:\/\/www.upo.es\/formacionpermanente\/la-universidad-pablo-de-olavide-aprueba-su-oferta-de-titulos-propios-para-el-curso-academico-2024-2025\/#respond"]}]},{"@type":"WebPage","@id":"https:\/\/www.upo.es\/formacionpermanente\/la-universidad-pablo-de-olavide-aprueba-su-oferta-de-titulos-propios-para-el-curso-academico-2024-2025\/","url":"https:\/\/www.upo.es\/formacionpermanente\/la-universidad-pablo-de-olavide-aprueba-su-oferta-de-titulos-propios-para-el-curso-academico-2024-2025\/","name":"La Universidad Pablo de Olavide aprueba su oferta de T\u00edtulos Propios para el curso acad\u00e9mico 2024\/2025 - Formaci\u00f3n Permanente UPO","isPartOf":{"@id":"https:\/\/www.upo.es\/formacionpermanente\/#website"},"primaryImageOfPage":{"@id":"https:\/\/www.upo.es\/formacionpermanente\/la-universidad-pablo-de-olavide-aprueba-su-oferta-de-titulos-propios-para-el-curso-academico-2024-2025\/#primaryimage"},"image":{"@id":"https:\/\/www.upo.es\/formacionpermanente\/la-universidad-pablo-de-olavide-aprueba-su-oferta-de-titulos-propios-para-el-curso-academico-2024-2025\/#primaryimage"},"thumbnailUrl":"https:\/\/www.upo.es\/formacionpermanente\/wp-content\/imagenes\/uploads\/2024\/03\/IMG_2402-Mejorado-NR-scaled.jpg","datePublished":"2024-03-14T09:42:09+00:00","breadcrumb":{"@id":"https:\/\/www.upo.es\/formacionpermanente\/la-universidad-pablo-de-olavide-aprueba-su-oferta-de-titulos-propios-para-el-curso-academico-2024-2025\/#breadcrumb"},"inLanguage":"es","potentialAction":[{"@type":"ReadAction","target":["https:\/\/www.upo.es\/formacionpermanente\/la-universidad-pablo-de-olavide-aprueba-su-oferta-de-titulos-propios-para-el-curso-academico-2024-2025\/"]}]},{"@type":"ImageObject","inLanguage":"es","@id":"https:\/\/www.upo.es\/formacionpermanente\/la-universidad-pablo-de-olavide-aprueba-su-oferta-de-titulos-propios-para-el-curso-academico-2024-2025\/#primaryimage","url":"https:\/\/www.upo.es\/formacionpermanente\/wp-content\/imagenes\/uploads\/2024\/03\/IMG_2402-Mejorado-NR-scaled.jpg","contentUrl":"https:\/\/www.upo.es\/formacionpermanente\/wp-content\/imagenes\/uploads\/2024\/03\/IMG_2402-Mejorado-NR-scaled.jpg","width":2560,"height":1707,"caption":"T\u00edtulos Propios UPO"},{"@type":"BreadcrumbList","@id":"https:\/\/www.upo.es\/formacionpermanente\/la-universidad-pablo-de-olavide-aprueba-su-oferta-de-titulos-propios-para-el-curso-academico-2024-2025\/#breadcrumb","itemListElement":[{"@type":"ListItem","position":1,"name":"Portada","item":"https:\/\/www.upo.es\/formacionpermanente\/"},{"@type":"ListItem","position":2,"name":"La Universidad Pablo de Olavide aprueba su oferta de T\u00edtulos Propios para el curso acad\u00e9mico 2024\/2025"}]},{"@type":"WebSite","@id":"https:\/\/www.upo.es\/formacionpermanente\/#website","url":"https:\/\/www.upo.es\/formacionpermanente\/","name":"Formaci\u00f3n Permanente UPO","description":"T\u00edtulos Propios, Microcredenciales, Cursos de Verano","publisher":{"@id":"https:\/\/www.upo.es\/formacionpermanente\/#organization"},"potentialAction":[{"@type":"SearchAction","target":{"@type":"EntryPoint","urlTemplate":"https:\/\/www.upo.es\/formacionpermanente\/?s={search_term_string}"},"query-input":{"@type":"PropertyValueSpecification","valueRequired":true,"valueName":"search_term_string"}}],"inLanguage":"es"},{"@type":"Organization","@id":"https:\/\/www.upo.es\/formacionpermanente\/#organization","name":"Formaci\u00f3n Permanente Universidad Pablo de Olavide","alternateName":"Formaci\u00f3n Permanente UPO","url":"https:\/\/www.upo.es\/formacionpermanente\/","logo":{"@type":"ImageObject","inLanguage":"es","@id":"https:\/\/www.upo.es\/formacionpermanente\/#\/schema\/logo\/image\/","url":"https:\/\/www.upo.es\/formacionpermanente\/wp-content\/imagenes\/uploads\/2023\/02\/Logo-UPO-azul-amarillo-horizontal.png","contentUrl":"https:\/\/www.upo.es\/formacionpermanente\/wp-content\/imagenes\/uploads\/2023\/02\/Logo-UPO-azul-amarillo-horizontal.png","width":1000,"height":407,"caption":"Formaci\u00f3n Permanente Universidad Pablo de Olavide"},"image":{"@id":"https:\/\/www.upo.es\/formacionpermanente\/#\/schema\/logo\/image\/"}},{"@type":"Person","@id":"https:\/\/www.upo.es\/formacionpermanente\/#\/schema\/person\/51978fdabf0a5e2117cc6647819ed739","name":"Nuria Mu\u00f1oz Fern\u00e1ndez","image":{"@type":"ImageObject","inLanguage":"es","@id":"https:\/\/secure.gravatar.com\/avatar\/f97ebae4c1147a6f2dc5c3ae08f90951b959092ae63a8adc8336f66bd7f7e9a7?s=96&d=mm&r=g","url":"https:\/\/secure.gravatar.com\/avatar\/f97ebae4c1147a6f2dc5c3ae08f90951b959092ae63a8adc8336f66bd7f7e9a7?s=96&d=mm&r=g","contentUrl":"https:\/\/secure.gravatar.com\/avatar\/f97ebae4c1147a6f2dc5c3ae08f90951b959092ae63a8adc8336f66bd7f7e9a7?s=96&d=mm&r=g","caption":"Nuria Mu\u00f1oz Fern\u00e1ndez"},"url":"https:\/\/www.upo.es\/formacionpermanente\/author\/nmunfer1\/"}]}},"_links":{"self":[{"href":"https:\/\/www.upo.es\/formacionpermanente\/wp-json\/wp\/v2\/posts\/32770","targetHints":{"allow":["GET"]}}],"collection":[{"href":"https:\/\/www.upo.es\/formacionpermanente\/wp-json\/wp\/v2\/posts"}],"about":[{"href":"https:\/\/www.upo.es\/formacionpermanente\/wp-json\/wp\/v2\/types\/post"}],"author":[{"embeddable":true,"href":"https:\/\/www.upo.es\/formacionpermanente\/wp-json\/wp\/v2\/users\/7"}],"replies":[{"embeddable":true,"href":"https:\/\/www.upo.es\/formacionpermanente\/wp-json\/wp\/v2\/comments?post=32770"}],"version-history":[{"count":1,"href":"https:\/\/www.upo.es\/formacionpermanente\/wp-json\/wp\/v2\/posts\/32770\/revisions"}],"predecessor-version":[{"id":32774,"href":"https:\/\/www.upo.es\/formacionpermanente\/wp-json\/wp\/v2\/posts\/32770\/revisions\/32774"}],"wp:featuredmedia":[{"embeddable":true,"href":"https:\/\/www.upo.es\/formacionpermanente\/wp-json\/wp\/v2\/media\/32773"}],"wp:attachment":[{"href":"https:\/\/www.upo.es\/formacionpermanente\/wp-json\/wp\/v2\/media?parent=32770"}],"wp:term":[{"taxonomy":"category","embeddable":true,"href":"https:\/\/www.upo.es\/formacionpermanente\/wp-json\/wp\/v2\/categories?post=32770"},{"taxonomy":"post_tag","embeddable":true,"href":"https:\/\/www.upo.es\/formacionpermanente\/wp-json\/wp\/v2\/tags?post=32770"}],"curies":[{"name":"wp","href":"https:\/\/api.w.org\/{rel}","templated":true}]}}