{"id":47396,"date":"2025-06-25T17:30:35","date_gmt":"2025-06-25T15:30:35","guid":{"rendered":"https:\/\/www.upo.es\/formacionpermanente\/?p=47396"},"modified":"2025-06-25T18:43:32","modified_gmt":"2025-06-25T16:43:32","slug":"la-inteligencia-artificial-y-maria-jose-escalona-herramienta-de-progreso-o-reto-social","status":"publish","type":"post","link":"https:\/\/www.upo.es\/formacionpermanente\/la-inteligencia-artificial-y-maria-jose-escalona-herramienta-de-progreso-o-reto-social\/","title":{"rendered":"La inteligencia artificial y Mar\u00eda Jos\u00e9 Escalona, \u00bfherramienta de progreso o reto social?"},"content":{"rendered":"<p class=\"p2\">La Inteligencia artificial (IA) ha dejado de ser una promesa futura para convertirse en una realidad cotidiana que transforma la vida social, profesional y educativa. As\u00ed lo ha advertido Mar\u00eda Jos\u00e9 Escalona Cuaresma, catedr\u00e1tica en Ingenier\u00eda Inform\u00e1tica de la Universidad de Sevilla, durante la conferencia \u00b4La era de la IA, \u00bfestamos listos?\u00b4 enmarcada dentro de uno de los Cursos de Verano -introducci\u00f3n a la inteligencia artificial y su impacto en el empleo\u00b4- de la Pablo Olavide en Carmona.<\/p>\n<p class=\"p2\">Escalona, reconocida especialista en transformaci\u00f3n digital y tecnolog\u00edas aplicadas, ha sido clara en su planteamiento: \u201cla inteligencia artificial no debe entenderse \u00fanicamente como un avance tecnol\u00f3gico, sino como una revoluci\u00f3n social\u201d. Seg\u00fan la docente, el verdadero reto no reside en la capacidad de las m\u00e1quinas para ejecutar tareas complejas, sino en la responsabilidad humana para decidir c\u00f3mo, cu\u00e1ndo y con qu\u00e9 fin se utilizan.<\/p>\n<p class=\"p2\">\u201cNo soy una fan\u00e1tica de la tecnolog\u00eda ni una entusiasta de los ordenadores\u201d, ha confesado Escalona al inicio de su intervenci\u00f3n, recordando que su acercamiento a la IA ha sido siempre cr\u00edtico y con una perspectiva humanista. \u201cLa inteligencia artificial no es realmente inteligente, solo hace que lo parezca. No razona, no comprende, solo sigue instrucciones basadas en grandes cantidades de datos\u201d.<\/p>\n<p class=\"p2\">Durante la charla, Escalona ha desmontado algunos de los mitos m\u00e1s extendidos sobre la IA. Ha afirmado que \u201cno estamos ante una tecnolog\u00eda que vaya a destruir empleos de manera indiscriminada, sino que obligar\u00e1 a transformarlos y a redefinir funciones\u201d, destacando que \u201cel primer reto es de car\u00e1cter social y \u00e9tico\u201d, no t\u00e9cnico.<\/p>\n<p class=\"p2\">Uno de los puntos m\u00e1s destacados ha sido su reflexi\u00f3n sobre la brecha digital y la alfabetizaci\u00f3n tecnol\u00f3gica. La catedr\u00e1tica alerta de que, si no se act\u00faa de forma decidida, el uso inadecuado y desigual de la IA acentuar\u00e1 las diferencias sociales y educativas. \u201cNo se trata de prohibir a los ni\u00f1os el uso de la tecnolog\u00eda, sino de ense\u00f1arles a manejarla con criterio, igual que no le damos a un ni\u00f1o un cuchillo afilado para comer sin antes haberle ense\u00f1ado\u201d, ha explicado.<\/p>\n<p class=\"p2\">Escalona tambi\u00e9n ha abordado la cuesti\u00f3n de los sesgos de g\u00e9nero en el desarrollo de la inteligencia artificial. Ha explicado c\u00f3mo la mayor\u00eda de los algoritmos actuales han sido dise\u00f1ados por equipos mayoritariamente masculinos, lo que limita la diversidad de perspectivas y genera sistemas que no siempre contemplan las necesidades de toda la sociedad. \u201cEstamos creando una inteligencia artificial masculina, y eso implica que estamos dejando fuera el 50% de la capacidad de razonamiento humano\u201d, ha denunciado.<\/p>\n<p class=\"p2\">Como ejemplo, ha citado el caso de una aplicaci\u00f3n m\u00e9dica dise\u00f1ada para detectar ataques de miocardio que fue entrenada \u00fanicamente con datos masculinos. Al aplicarla en mujeres, los s\u00edntomas, diferentes en muchos casos, no se reconoc\u00edan correctamente, generando un riesgo grave para la salud femenina.<\/p>\n<p class=\"p1\">La catedr\u00e1tica tambi\u00e9n ha dedicado un espacio a reflexionar sobre la dependencia tecnol\u00f3gica que, seg\u00fan ha advertido, puede derivarse de una integraci\u00f3n acr\u00edtica de la IA en la vida diaria. \u201cPrimero somos reacios, despu\u00e9s nos acostumbramos y, cuando sentimos que nos ayuda, nos relajamos y nos acomodamos. Y esa comodidad es peligrosa si no somos conscientes de hacia d\u00f3nde nos lleva\u201d, ha explicado.<\/p>\n<p class=\"p1\">Adem\u00e1s, destaca que los colegios, institutos y universidades afrontan el reto de ense\u00f1ar no solo a usar la inteligencia artificial, sino a utilizarla bien. Escalona sugiere que una buena pr\u00e1ctica consiste en hacer preguntas a los sistemas de IA sobre temas que uno ya domina para comprobar su fiabilidad y detectar sus limitaciones. \u201cEs como una receta: la inteligencia artificial funciona si tiene todos los pasos e instrucciones claras, pero falla en cuanto se sale del gui\u00f3n\u201d, ha explicado.<\/p>\n<p class=\"p1\">Por \u00faltimo, Escalona ha subrayado que la revoluci\u00f3n de la inteligencia artificial no es un problema exclusivamente tecnol\u00f3gico, sino un cambio social y pol\u00edtico de gran calado. \u201cNo podemos aislar el avance de la IA como algo meramente t\u00e9cnico, porque sus consecuencias afectan a nuestras estructuras sociales, educativas, laborales y econ\u00f3micas. Y en ese sentido, Europa tiene la oportunidad de liderar un modelo \u00e9tico y responsable, aunque no debemos olvidar que la verdadera clave est\u00e1 en educar a las personas\u201d, ha concluido.<\/p>\n<p class=\"p1\">La jornada ha dejado claro que \u201cla ola de la inteligencia artificial ya est\u00e1 aqu\u00ed\u201d y que la sociedad debe prepararse no solo para aprovechar sus oportunidades, sino para gestionar sus riesgos.<\/p>\n<p>Fuente: Europa Press<\/p>\n","protected":false},"excerpt":{"rendered":"<p>La Inteligencia artificial (IA) ha dejado de ser una promesa futura para convertirse en una realidad cotidiana que transforma la vida social, profesional y educativa. As\u00ed lo ha advertido Mar\u00eda Jos\u00e9 Escalona Cuaresma, catedr\u00e1tica en Ingenier\u00eda Inform\u00e1tica de la Universidad de Sevilla, durante la conferencia \u00b4La era de la IA, \u00bfestamos listos?\u00b4 enmarcada dentro de [&hellip;]<\/p>\n","protected":false},"author":13,"featured_media":47397,"comment_status":"open","ping_status":"open","sticky":false,"template":"","format":"standard","meta":{"_acf_changed":false,"site-sidebar-layout":"default","site-content-layout":"","ast-site-content-layout":"default","site-content-style":"default","site-sidebar-style":"default","ast-global-header-display":"","ast-banner-title-visibility":"","ast-main-header-display":"","ast-hfb-above-header-display":"","ast-hfb-below-header-display":"","ast-hfb-mobile-header-display":"","site-post-title":"","ast-breadcrumbs-content":"","ast-featured-img":"","footer-sml-layout":"","ast-disable-related-posts":"","theme-transparent-header-meta":"default","adv-header-id-meta":"","stick-header-meta":"default","header-above-stick-meta":"","header-main-stick-meta":"","header-below-stick-meta":"","astra-migrate-meta-layouts":"set","ast-page-background-enabled":"default","ast-page-background-meta":{"desktop":{"background-color":"var(--ast-global-color-4)","background-image":"","background-repeat":"repeat","background-position":"center center","background-size":"auto","background-attachment":"scroll","background-type":"","background-media":"","overlay-type":"","overlay-color":"","overlay-opacity":"","overlay-gradient":""},"tablet":{"background-color":"","background-image":"","background-repeat":"repeat","background-position":"center center","background-size":"auto","background-attachment":"scroll","background-type":"","background-media":"","overlay-type":"","overlay-color":"","overlay-opacity":"","overlay-gradient":""},"mobile":{"background-color":"","background-image":"","background-repeat":"repeat","background-position":"center center","background-size":"auto","background-attachment":"scroll","background-type":"","background-media":"","overlay-type":"","overlay-color":"","overlay-opacity":"","overlay-gradient":""}},"ast-content-background-meta":{"desktop":{"background-color":"var(--ast-global-color-5)","background-image":"","background-repeat":"repeat","background-position":"center center","background-size":"auto","background-attachment":"scroll","background-type":"","background-media":"","overlay-type":"","overlay-color":"","overlay-opacity":"","overlay-gradient":""},"tablet":{"background-color":"var(--ast-global-color-5)","background-image":"","background-repeat":"repeat","background-position":"center center","background-size":"auto","background-attachment":"scroll","background-type":"","background-media":"","overlay-type":"","overlay-color":"","overlay-opacity":"","overlay-gradient":""},"mobile":{"background-color":"var(--ast-global-color-5)","background-image":"","background-repeat":"repeat","background-position":"center center","background-size":"auto","background-attachment":"scroll","background-type":"","background-media":"","overlay-type":"","overlay-color":"","overlay-opacity":"","overlay-gradient":""}},"footnotes":""},"categories":[707,706,16,698],"tags":[],"class_list":["post-47396","post","type-post","status-publish","format-standard","has-post-thumbnail","hentry","category-semana-1-23-edicion","category-23-edicion","category-cursos-de-verano","category-olavide-en-carmona"],"acf":[],"yoast_head":"<!-- This site is optimized with the Yoast SEO plugin v27.5 - https:\/\/yoast.com\/product\/yoast-seo-wordpress\/ -->\n<title>La inteligencia artificial y Mar\u00eda Jos\u00e9 Escalona, \u00bfherramienta de progreso o reto social? - Formaci\u00f3n Permanente UPO<\/title>\n<meta name=\"robots\" content=\"index, follow, max-snippet:-1, max-image-preview:large, max-video-preview:-1\" \/>\n<link rel=\"canonical\" href=\"https:\/\/www.upo.es\/formacionpermanente\/la-inteligencia-artificial-y-maria-jose-escalona-herramienta-de-progreso-o-reto-social\/\" \/>\n<meta property=\"og:locale\" content=\"es_ES\" \/>\n<meta property=\"og:type\" content=\"article\" \/>\n<meta property=\"og:title\" content=\"La inteligencia artificial y Mar\u00eda Jos\u00e9 Escalona, \u00bfherramienta de progreso o reto social? - Formaci\u00f3n Permanente UPO\" \/>\n<meta property=\"og:description\" content=\"La Inteligencia artificial (IA) ha dejado de ser una promesa futura para convertirse en una realidad cotidiana que transforma la vida social, profesional y educativa. As\u00ed lo ha advertido Mar\u00eda Jos\u00e9 Escalona Cuaresma, catedr\u00e1tica en Ingenier\u00eda Inform\u00e1tica de la Universidad de Sevilla, durante la conferencia \u00b4La era de la IA, \u00bfestamos listos?\u00b4 enmarcada dentro de [&hellip;]\" \/>\n<meta property=\"og:url\" content=\"https:\/\/www.upo.es\/formacionpermanente\/la-inteligencia-artificial-y-maria-jose-escalona-herramienta-de-progreso-o-reto-social\/\" \/>\n<meta property=\"og:site_name\" content=\"Formaci\u00f3n Permanente UPO\" \/>\n<meta property=\"article:published_time\" content=\"2025-06-25T15:30:35+00:00\" \/>\n<meta property=\"article:modified_time\" content=\"2025-06-25T16:43:32+00:00\" \/>\n<meta property=\"og:image\" content=\"https:\/\/www.upo.es\/formacionpermanente\/wp-content\/imagenes\/uploads\/2025\/06\/WhatsApp-Image-2025-06-25-at-16.44.27.jpeg\" \/>\n\t<meta property=\"og:image:width\" content=\"1600\" \/>\n\t<meta property=\"og:image:height\" content=\"1066\" \/>\n\t<meta property=\"og:image:type\" content=\"image\/jpeg\" \/>\n<meta name=\"author\" content=\"Rosario Heredia Tirado\" \/>\n<meta name=\"twitter:card\" content=\"summary_large_image\" \/>\n<meta name=\"twitter:label1\" content=\"Escrito por\" \/>\n\t<meta name=\"twitter:data1\" content=\"Rosario Heredia Tirado\" \/>\n\t<meta name=\"twitter:label2\" content=\"Tiempo de lectura\" \/>\n\t<meta name=\"twitter:data2\" content=\"4 minutos\" \/>\n<script type=\"application\/ld+json\" class=\"yoast-schema-graph\">{\"@context\":\"https:\\\/\\\/schema.org\",\"@graph\":[{\"@type\":\"Article\",\"@id\":\"https:\\\/\\\/www.upo.es\\\/formacionpermanente\\\/la-inteligencia-artificial-y-maria-jose-escalona-herramienta-de-progreso-o-reto-social\\\/#article\",\"isPartOf\":{\"@id\":\"https:\\\/\\\/www.upo.es\\\/formacionpermanente\\\/la-inteligencia-artificial-y-maria-jose-escalona-herramienta-de-progreso-o-reto-social\\\/\"},\"author\":{\"name\":\"Rosario Heredia Tirado\",\"@id\":\"https:\\\/\\\/www.upo.es\\\/formacionpermanente\\\/#\\\/schema\\\/person\\\/b8a4172b1d7f0d6b60c9ad7e0cc39165\"},\"headline\":\"La inteligencia artificial y Mar\u00eda Jos\u00e9 Escalona, \u00bfherramienta de progreso o reto social?\",\"datePublished\":\"2025-06-25T15:30:35+00:00\",\"dateModified\":\"2025-06-25T16:43:32+00:00\",\"mainEntityOfPage\":{\"@id\":\"https:\\\/\\\/www.upo.es\\\/formacionpermanente\\\/la-inteligencia-artificial-y-maria-jose-escalona-herramienta-de-progreso-o-reto-social\\\/\"},\"wordCount\":795,\"commentCount\":0,\"publisher\":{\"@id\":\"https:\\\/\\\/www.upo.es\\\/formacionpermanente\\\/#organization\"},\"image\":{\"@id\":\"https:\\\/\\\/www.upo.es\\\/formacionpermanente\\\/la-inteligencia-artificial-y-maria-jose-escalona-herramienta-de-progreso-o-reto-social\\\/#primaryimage\"},\"thumbnailUrl\":\"https:\\\/\\\/www.upo.es\\\/formacionpermanente\\\/wp-content\\\/imagenes\\\/uploads\\\/2025\\\/06\\\/WhatsApp-Image-2025-06-25-at-16.44.27.jpeg\",\"articleSection\":[\"2025 - Semana 1\",\"23 edici\u00f3n\",\"Cursos de Verano\",\"Olavide en Carmona\"],\"inLanguage\":\"es\",\"potentialAction\":[{\"@type\":\"CommentAction\",\"name\":\"Comment\",\"target\":[\"https:\\\/\\\/www.upo.es\\\/formacionpermanente\\\/la-inteligencia-artificial-y-maria-jose-escalona-herramienta-de-progreso-o-reto-social\\\/#respond\"]}]},{\"@type\":\"WebPage\",\"@id\":\"https:\\\/\\\/www.upo.es\\\/formacionpermanente\\\/la-inteligencia-artificial-y-maria-jose-escalona-herramienta-de-progreso-o-reto-social\\\/\",\"url\":\"https:\\\/\\\/www.upo.es\\\/formacionpermanente\\\/la-inteligencia-artificial-y-maria-jose-escalona-herramienta-de-progreso-o-reto-social\\\/\",\"name\":\"La inteligencia artificial y Mar\u00eda Jos\u00e9 Escalona, \u00bfherramienta de progreso o reto social? - Formaci\u00f3n Permanente UPO\",\"isPartOf\":{\"@id\":\"https:\\\/\\\/www.upo.es\\\/formacionpermanente\\\/#website\"},\"primaryImageOfPage\":{\"@id\":\"https:\\\/\\\/www.upo.es\\\/formacionpermanente\\\/la-inteligencia-artificial-y-maria-jose-escalona-herramienta-de-progreso-o-reto-social\\\/#primaryimage\"},\"image\":{\"@id\":\"https:\\\/\\\/www.upo.es\\\/formacionpermanente\\\/la-inteligencia-artificial-y-maria-jose-escalona-herramienta-de-progreso-o-reto-social\\\/#primaryimage\"},\"thumbnailUrl\":\"https:\\\/\\\/www.upo.es\\\/formacionpermanente\\\/wp-content\\\/imagenes\\\/uploads\\\/2025\\\/06\\\/WhatsApp-Image-2025-06-25-at-16.44.27.jpeg\",\"datePublished\":\"2025-06-25T15:30:35+00:00\",\"dateModified\":\"2025-06-25T16:43:32+00:00\",\"breadcrumb\":{\"@id\":\"https:\\\/\\\/www.upo.es\\\/formacionpermanente\\\/la-inteligencia-artificial-y-maria-jose-escalona-herramienta-de-progreso-o-reto-social\\\/#breadcrumb\"},\"inLanguage\":\"es\",\"potentialAction\":[{\"@type\":\"ReadAction\",\"target\":[\"https:\\\/\\\/www.upo.es\\\/formacionpermanente\\\/la-inteligencia-artificial-y-maria-jose-escalona-herramienta-de-progreso-o-reto-social\\\/\"]}]},{\"@type\":\"ImageObject\",\"inLanguage\":\"es\",\"@id\":\"https:\\\/\\\/www.upo.es\\\/formacionpermanente\\\/la-inteligencia-artificial-y-maria-jose-escalona-herramienta-de-progreso-o-reto-social\\\/#primaryimage\",\"url\":\"https:\\\/\\\/www.upo.es\\\/formacionpermanente\\\/wp-content\\\/imagenes\\\/uploads\\\/2025\\\/06\\\/WhatsApp-Image-2025-06-25-at-16.44.27.jpeg\",\"contentUrl\":\"https:\\\/\\\/www.upo.es\\\/formacionpermanente\\\/wp-content\\\/imagenes\\\/uploads\\\/2025\\\/06\\\/WhatsApp-Image-2025-06-25-at-16.44.27.jpeg\",\"width\":1600,\"height\":1066},{\"@type\":\"BreadcrumbList\",\"@id\":\"https:\\\/\\\/www.upo.es\\\/formacionpermanente\\\/la-inteligencia-artificial-y-maria-jose-escalona-herramienta-de-progreso-o-reto-social\\\/#breadcrumb\",\"itemListElement\":[{\"@type\":\"ListItem\",\"position\":1,\"name\":\"Portada\",\"item\":\"https:\\\/\\\/www.upo.es\\\/formacionpermanente\\\/\"},{\"@type\":\"ListItem\",\"position\":2,\"name\":\"La inteligencia artificial y Mar\u00eda Jos\u00e9 Escalona, \u00bfherramienta de progreso o reto social?\"}]},{\"@type\":\"WebSite\",\"@id\":\"https:\\\/\\\/www.upo.es\\\/formacionpermanente\\\/#website\",\"url\":\"https:\\\/\\\/www.upo.es\\\/formacionpermanente\\\/\",\"name\":\"Formaci\u00f3n Permanente UPO\",\"description\":\"T\u00edtulos Propios, Microcredenciales, Cursos de Verano\",\"publisher\":{\"@id\":\"https:\\\/\\\/www.upo.es\\\/formacionpermanente\\\/#organization\"},\"potentialAction\":[{\"@type\":\"SearchAction\",\"target\":{\"@type\":\"EntryPoint\",\"urlTemplate\":\"https:\\\/\\\/www.upo.es\\\/formacionpermanente\\\/?s={search_term_string}\"},\"query-input\":{\"@type\":\"PropertyValueSpecification\",\"valueRequired\":true,\"valueName\":\"search_term_string\"}}],\"inLanguage\":\"es\"},{\"@type\":\"Organization\",\"@id\":\"https:\\\/\\\/www.upo.es\\\/formacionpermanente\\\/#organization\",\"name\":\"Formaci\u00f3n Permanente Universidad Pablo de Olavide\",\"alternateName\":\"Formaci\u00f3n Permanente UPO\",\"url\":\"https:\\\/\\\/www.upo.es\\\/formacionpermanente\\\/\",\"logo\":{\"@type\":\"ImageObject\",\"inLanguage\":\"es\",\"@id\":\"https:\\\/\\\/www.upo.es\\\/formacionpermanente\\\/#\\\/schema\\\/logo\\\/image\\\/\",\"url\":\"https:\\\/\\\/www.upo.es\\\/formacionpermanente\\\/wp-content\\\/imagenes\\\/uploads\\\/2023\\\/02\\\/Logo-UPO-azul-amarillo-horizontal.png\",\"contentUrl\":\"https:\\\/\\\/www.upo.es\\\/formacionpermanente\\\/wp-content\\\/imagenes\\\/uploads\\\/2023\\\/02\\\/Logo-UPO-azul-amarillo-horizontal.png\",\"width\":1000,\"height\":407,\"caption\":\"Formaci\u00f3n Permanente Universidad Pablo de Olavide\"},\"image\":{\"@id\":\"https:\\\/\\\/www.upo.es\\\/formacionpermanente\\\/#\\\/schema\\\/logo\\\/image\\\/\"}},{\"@type\":\"Person\",\"@id\":\"https:\\\/\\\/www.upo.es\\\/formacionpermanente\\\/#\\\/schema\\\/person\\\/b8a4172b1d7f0d6b60c9ad7e0cc39165\",\"name\":\"Rosario Heredia Tirado\",\"image\":{\"@type\":\"ImageObject\",\"inLanguage\":\"es\",\"@id\":\"https:\\\/\\\/secure.gravatar.com\\\/avatar\\\/e71ee4642062ca191746d52b80a5c79974abf65afbc75fb64d39cebd9ddd8ab4?s=96&d=mm&r=g\",\"url\":\"https:\\\/\\\/secure.gravatar.com\\\/avatar\\\/e71ee4642062ca191746d52b80a5c79974abf65afbc75fb64d39cebd9ddd8ab4?s=96&d=mm&r=g\",\"contentUrl\":\"https:\\\/\\\/secure.gravatar.com\\\/avatar\\\/e71ee4642062ca191746d52b80a5c79974abf65afbc75fb64d39cebd9ddd8ab4?s=96&d=mm&r=g\",\"caption\":\"Rosario Heredia Tirado\"},\"url\":\"https:\\\/\\\/www.upo.es\\\/formacionpermanente\\\/author\\\/rhertir\\\/\"}]}<\/script>\n<!-- \/ Yoast SEO plugin. -->","yoast_head_json":{"title":"La inteligencia artificial y Mar\u00eda Jos\u00e9 Escalona, \u00bfherramienta de progreso o reto social? - Formaci\u00f3n Permanente UPO","robots":{"index":"index","follow":"follow","max-snippet":"max-snippet:-1","max-image-preview":"max-image-preview:large","max-video-preview":"max-video-preview:-1"},"canonical":"https:\/\/www.upo.es\/formacionpermanente\/la-inteligencia-artificial-y-maria-jose-escalona-herramienta-de-progreso-o-reto-social\/","og_locale":"es_ES","og_type":"article","og_title":"La inteligencia artificial y Mar\u00eda Jos\u00e9 Escalona, \u00bfherramienta de progreso o reto social? - Formaci\u00f3n Permanente UPO","og_description":"La Inteligencia artificial (IA) ha dejado de ser una promesa futura para convertirse en una realidad cotidiana que transforma la vida social, profesional y educativa. As\u00ed lo ha advertido Mar\u00eda Jos\u00e9 Escalona Cuaresma, catedr\u00e1tica en Ingenier\u00eda Inform\u00e1tica de la Universidad de Sevilla, durante la conferencia \u00b4La era de la IA, \u00bfestamos listos?\u00b4 enmarcada dentro de [&hellip;]","og_url":"https:\/\/www.upo.es\/formacionpermanente\/la-inteligencia-artificial-y-maria-jose-escalona-herramienta-de-progreso-o-reto-social\/","og_site_name":"Formaci\u00f3n Permanente UPO","article_published_time":"2025-06-25T15:30:35+00:00","article_modified_time":"2025-06-25T16:43:32+00:00","og_image":[{"width":1600,"height":1066,"url":"https:\/\/www.upo.es\/formacionpermanente\/wp-content\/imagenes\/uploads\/2025\/06\/WhatsApp-Image-2025-06-25-at-16.44.27.jpeg","type":"image\/jpeg"}],"author":"Rosario Heredia Tirado","twitter_card":"summary_large_image","twitter_misc":{"Escrito por":"Rosario Heredia Tirado","Tiempo de lectura":"4 minutos"},"schema":{"@context":"https:\/\/schema.org","@graph":[{"@type":"Article","@id":"https:\/\/www.upo.es\/formacionpermanente\/la-inteligencia-artificial-y-maria-jose-escalona-herramienta-de-progreso-o-reto-social\/#article","isPartOf":{"@id":"https:\/\/www.upo.es\/formacionpermanente\/la-inteligencia-artificial-y-maria-jose-escalona-herramienta-de-progreso-o-reto-social\/"},"author":{"name":"Rosario Heredia Tirado","@id":"https:\/\/www.upo.es\/formacionpermanente\/#\/schema\/person\/b8a4172b1d7f0d6b60c9ad7e0cc39165"},"headline":"La inteligencia artificial y Mar\u00eda Jos\u00e9 Escalona, \u00bfherramienta de progreso o reto social?","datePublished":"2025-06-25T15:30:35+00:00","dateModified":"2025-06-25T16:43:32+00:00","mainEntityOfPage":{"@id":"https:\/\/www.upo.es\/formacionpermanente\/la-inteligencia-artificial-y-maria-jose-escalona-herramienta-de-progreso-o-reto-social\/"},"wordCount":795,"commentCount":0,"publisher":{"@id":"https:\/\/www.upo.es\/formacionpermanente\/#organization"},"image":{"@id":"https:\/\/www.upo.es\/formacionpermanente\/la-inteligencia-artificial-y-maria-jose-escalona-herramienta-de-progreso-o-reto-social\/#primaryimage"},"thumbnailUrl":"https:\/\/www.upo.es\/formacionpermanente\/wp-content\/imagenes\/uploads\/2025\/06\/WhatsApp-Image-2025-06-25-at-16.44.27.jpeg","articleSection":["2025 - Semana 1","23 edici\u00f3n","Cursos de Verano","Olavide en Carmona"],"inLanguage":"es","potentialAction":[{"@type":"CommentAction","name":"Comment","target":["https:\/\/www.upo.es\/formacionpermanente\/la-inteligencia-artificial-y-maria-jose-escalona-herramienta-de-progreso-o-reto-social\/#respond"]}]},{"@type":"WebPage","@id":"https:\/\/www.upo.es\/formacionpermanente\/la-inteligencia-artificial-y-maria-jose-escalona-herramienta-de-progreso-o-reto-social\/","url":"https:\/\/www.upo.es\/formacionpermanente\/la-inteligencia-artificial-y-maria-jose-escalona-herramienta-de-progreso-o-reto-social\/","name":"La inteligencia artificial y Mar\u00eda Jos\u00e9 Escalona, \u00bfherramienta de progreso o reto social? - Formaci\u00f3n Permanente UPO","isPartOf":{"@id":"https:\/\/www.upo.es\/formacionpermanente\/#website"},"primaryImageOfPage":{"@id":"https:\/\/www.upo.es\/formacionpermanente\/la-inteligencia-artificial-y-maria-jose-escalona-herramienta-de-progreso-o-reto-social\/#primaryimage"},"image":{"@id":"https:\/\/www.upo.es\/formacionpermanente\/la-inteligencia-artificial-y-maria-jose-escalona-herramienta-de-progreso-o-reto-social\/#primaryimage"},"thumbnailUrl":"https:\/\/www.upo.es\/formacionpermanente\/wp-content\/imagenes\/uploads\/2025\/06\/WhatsApp-Image-2025-06-25-at-16.44.27.jpeg","datePublished":"2025-06-25T15:30:35+00:00","dateModified":"2025-06-25T16:43:32+00:00","breadcrumb":{"@id":"https:\/\/www.upo.es\/formacionpermanente\/la-inteligencia-artificial-y-maria-jose-escalona-herramienta-de-progreso-o-reto-social\/#breadcrumb"},"inLanguage":"es","potentialAction":[{"@type":"ReadAction","target":["https:\/\/www.upo.es\/formacionpermanente\/la-inteligencia-artificial-y-maria-jose-escalona-herramienta-de-progreso-o-reto-social\/"]}]},{"@type":"ImageObject","inLanguage":"es","@id":"https:\/\/www.upo.es\/formacionpermanente\/la-inteligencia-artificial-y-maria-jose-escalona-herramienta-de-progreso-o-reto-social\/#primaryimage","url":"https:\/\/www.upo.es\/formacionpermanente\/wp-content\/imagenes\/uploads\/2025\/06\/WhatsApp-Image-2025-06-25-at-16.44.27.jpeg","contentUrl":"https:\/\/www.upo.es\/formacionpermanente\/wp-content\/imagenes\/uploads\/2025\/06\/WhatsApp-Image-2025-06-25-at-16.44.27.jpeg","width":1600,"height":1066},{"@type":"BreadcrumbList","@id":"https:\/\/www.upo.es\/formacionpermanente\/la-inteligencia-artificial-y-maria-jose-escalona-herramienta-de-progreso-o-reto-social\/#breadcrumb","itemListElement":[{"@type":"ListItem","position":1,"name":"Portada","item":"https:\/\/www.upo.es\/formacionpermanente\/"},{"@type":"ListItem","position":2,"name":"La inteligencia artificial y Mar\u00eda Jos\u00e9 Escalona, \u00bfherramienta de progreso o reto social?"}]},{"@type":"WebSite","@id":"https:\/\/www.upo.es\/formacionpermanente\/#website","url":"https:\/\/www.upo.es\/formacionpermanente\/","name":"Formaci\u00f3n Permanente UPO","description":"T\u00edtulos Propios, Microcredenciales, Cursos de Verano","publisher":{"@id":"https:\/\/www.upo.es\/formacionpermanente\/#organization"},"potentialAction":[{"@type":"SearchAction","target":{"@type":"EntryPoint","urlTemplate":"https:\/\/www.upo.es\/formacionpermanente\/?s={search_term_string}"},"query-input":{"@type":"PropertyValueSpecification","valueRequired":true,"valueName":"search_term_string"}}],"inLanguage":"es"},{"@type":"Organization","@id":"https:\/\/www.upo.es\/formacionpermanente\/#organization","name":"Formaci\u00f3n Permanente Universidad Pablo de Olavide","alternateName":"Formaci\u00f3n Permanente UPO","url":"https:\/\/www.upo.es\/formacionpermanente\/","logo":{"@type":"ImageObject","inLanguage":"es","@id":"https:\/\/www.upo.es\/formacionpermanente\/#\/schema\/logo\/image\/","url":"https:\/\/www.upo.es\/formacionpermanente\/wp-content\/imagenes\/uploads\/2023\/02\/Logo-UPO-azul-amarillo-horizontal.png","contentUrl":"https:\/\/www.upo.es\/formacionpermanente\/wp-content\/imagenes\/uploads\/2023\/02\/Logo-UPO-azul-amarillo-horizontal.png","width":1000,"height":407,"caption":"Formaci\u00f3n Permanente Universidad Pablo de Olavide"},"image":{"@id":"https:\/\/www.upo.es\/formacionpermanente\/#\/schema\/logo\/image\/"}},{"@type":"Person","@id":"https:\/\/www.upo.es\/formacionpermanente\/#\/schema\/person\/b8a4172b1d7f0d6b60c9ad7e0cc39165","name":"Rosario Heredia Tirado","image":{"@type":"ImageObject","inLanguage":"es","@id":"https:\/\/secure.gravatar.com\/avatar\/e71ee4642062ca191746d52b80a5c79974abf65afbc75fb64d39cebd9ddd8ab4?s=96&d=mm&r=g","url":"https:\/\/secure.gravatar.com\/avatar\/e71ee4642062ca191746d52b80a5c79974abf65afbc75fb64d39cebd9ddd8ab4?s=96&d=mm&r=g","contentUrl":"https:\/\/secure.gravatar.com\/avatar\/e71ee4642062ca191746d52b80a5c79974abf65afbc75fb64d39cebd9ddd8ab4?s=96&d=mm&r=g","caption":"Rosario Heredia Tirado"},"url":"https:\/\/www.upo.es\/formacionpermanente\/author\/rhertir\/"}]}},"_links":{"self":[{"href":"https:\/\/www.upo.es\/formacionpermanente\/wp-json\/wp\/v2\/posts\/47396","targetHints":{"allow":["GET"]}}],"collection":[{"href":"https:\/\/www.upo.es\/formacionpermanente\/wp-json\/wp\/v2\/posts"}],"about":[{"href":"https:\/\/www.upo.es\/formacionpermanente\/wp-json\/wp\/v2\/types\/post"}],"author":[{"embeddable":true,"href":"https:\/\/www.upo.es\/formacionpermanente\/wp-json\/wp\/v2\/users\/13"}],"replies":[{"embeddable":true,"href":"https:\/\/www.upo.es\/formacionpermanente\/wp-json\/wp\/v2\/comments?post=47396"}],"version-history":[{"count":2,"href":"https:\/\/www.upo.es\/formacionpermanente\/wp-json\/wp\/v2\/posts\/47396\/revisions"}],"predecessor-version":[{"id":47404,"href":"https:\/\/www.upo.es\/formacionpermanente\/wp-json\/wp\/v2\/posts\/47396\/revisions\/47404"}],"wp:featuredmedia":[{"embeddable":true,"href":"https:\/\/www.upo.es\/formacionpermanente\/wp-json\/wp\/v2\/media\/47397"}],"wp:attachment":[{"href":"https:\/\/www.upo.es\/formacionpermanente\/wp-json\/wp\/v2\/media?parent=47396"}],"wp:term":[{"taxonomy":"category","embeddable":true,"href":"https:\/\/www.upo.es\/formacionpermanente\/wp-json\/wp\/v2\/categories?post=47396"},{"taxonomy":"post_tag","embeddable":true,"href":"https:\/\/www.upo.es\/formacionpermanente\/wp-json\/wp\/v2\/tags?post=47396"}],"curies":[{"name":"wp","href":"https:\/\/api.w.org\/{rel}","templated":true}]}}