{"id":47544,"date":"2025-07-03T12:21:45","date_gmt":"2025-07-03T10:21:45","guid":{"rendered":"https:\/\/www.upo.es\/formacionpermanente\/?p=47544"},"modified":"2025-07-03T12:25:02","modified_gmt":"2025-07-03T10:25:02","slug":"el-rector-de-la-upo-y-la-ministra-de-inclusion-inauguran-el-curso-sobre-protocolo-y-relaciones-institucionales","status":"publish","type":"post","link":"https:\/\/www.upo.es\/formacionpermanente\/el-rector-de-la-upo-y-la-ministra-de-inclusion-inauguran-el-curso-sobre-protocolo-y-relaciones-institucionales\/","title":{"rendered":"El rector de la UPO y la ministra de Inclusi\u00f3n inauguran el curso sobre Protocolo y Relaciones Institucionales"},"content":{"rendered":"<p style=\"margin-left: 14.2pt;\"><span style=\"font-family: 'Arial',sans-serif;\">La Sede Olavide en Carmona &#8211; Rectora Rosario Valpuesta, ha acogido esta ma\u00f1ana la inauguraci\u00f3n oficial del curso de verano \u2018Relaciones Institucionales y Protocolo. Taller \u2018Habilidades claves para la coordinaci\u00f3n del gabinete de direcci\u00f3n de una instituci\u00f3n. 2\u00aa edici\u00f3n\u2019, enmarcado en la vig\u00e9simo tercera edici\u00f3n de los Cursos de Verano de la Universidad Pablo de Olavide (UPO) en Carmona. El acto ha sido presidido por el rector de la Universidad Pablo de Olavide, Francisco Oliva Bl\u00e1zquez, y la ministra de Inclusi\u00f3n, Seguridad Social y Migraciones del Gobierno de Espa\u00f1a, Elma S\u00e1iz Delgado.<\/span><\/p>\n<p style=\"margin-left: 14.2pt;\"><span style=\"font-family: 'Arial',sans-serif;\">El evento tambi\u00e9n ha contado con la presencia de la vicerrectora de Cultura y Pol\u00edticas Sociales de la UPO, Laura G\u00f3mez Ruiz, y el jefe de gabinete del rector y Servicio de Protocolo de la UPO, Ra\u00fal G\u00f3mez Gordillo, quien adem\u00e1s ejerce como director del curso.<\/span><\/p>\n<p style=\"margin-left: 14.2pt;\"><span style=\"font-family: 'Arial',sans-serif;\">Durante su intervenci\u00f3n, el rector Francisco Oliva Bl\u00e1zquez ha destacado la importancia de las habilidades clave para la coordinaci\u00f3n de un gabinete, subrayando la necesidad de una buena comunicaci\u00f3n como base de la transparencia y para llegar a la ciudadan\u00eda. \u201cLas personas que asumimos determinadas responsabilidades en cada instituci\u00f3n necesitamos un buen equipo de trabajo que comunique bien porque la comunicaci\u00f3n es la base de la transparencia y el llegar a la ciudadan\u00eda con el trabajo que se est\u00e1 realizando\u201d, ha afirmado el rector.<\/span><\/p>\n<p style=\"margin-left: 14.2pt;\"><span style=\"font-family: 'Arial',sans-serif;\">El rector tambi\u00e9n ha hecho hincapi\u00e9 en la relevancia de la imagen que se proyecta y en la gesti\u00f3n de la comunicaci\u00f3n en crisis. \u201cLa imagen es fundamental porque si no, lo que se transmite hacia afuera es negativo aunque lo que se haga adentro sea tremendamente positivo\u201d, ha se\u00f1alado, a\u00f1adiendo la necesidad de \u201ccabeza fr\u00eda, firmeza y actuar con la verdad por delante\u201d en momentos de crisis. El rector ha resaltado que estos elementos no suelen ense\u00f1arse y que es crucial contar con expertos que aborden estas cuestiones.<\/span><\/p>\n<p style=\"margin-left: 14.2pt;\"><span style=\"font-family: 'Arial',sans-serif;\">Por su parte, la ministra Elma S\u00e1iz Delgado ha resaltado la trayectoria de los Cursos de Verano de la UPO en Carmona y el legado de Rosario Valpuesta, primera rectora de la Universidad Pablo de Olavide. \u201cLos cursos de verano son una instituci\u00f3n absolutamente consagrados en la Pablo de Olavide, aqu\u00ed en Carmona, que siempre coloca a la Universidad en unos altos est\u00e1ndares de calidad, en un segmento internacional\u201d, ha manifestado la ministra.<\/span><\/p>\n<p style=\"margin-left: 14.2pt;\"><span style=\"font-family: 'Arial',sans-serif;\">S\u00e1iz Delgado ha enfatizado que coordinar un gabinete va m\u00e1s all\u00e1 de gestionar agendas, siendo esencial para sostener el funcionamiento interno de una organizaci\u00f3n y responder con solvencia a los desaf\u00edos diarios. La ministra ha destacado el trabajo en equipo como una herramienta clave e imprescindible, bas\u00e1ndose en su experiencia en el Ministerio de Inclusi\u00f3n, Seguridad Social y Migraciones. \u201cEn este contexto, la coordinaci\u00f3n act\u00faa como un nodo central, conecta a la ministra o al ministro con los distintos equipos t\u00e9cnicos, con los territorios, con el resto de ministerios, con la sociedad civil, con la ciudadan\u00eda y por supuesto con los medios de comunicaci\u00f3n\u201d, ha explicado.<\/span><\/p>\n<p style=\"margin-left: 14.2pt;\"><span style=\"font-family: 'Arial',sans-serif;\">El taller est\u00e1 dise\u00f1ado para ayudar a identificar habilidades clave, desde la planificaci\u00f3n estrat\u00e9gica hasta la gesti\u00f3n emocional y la comunicaci\u00f3n interna. La ministra ha concluido reafirmando que \u201cnada en un Gabinete funciona sin equipo. Por muy brillante que sea una idea, por muy acertada que sea una decisi\u00f3n, si no hay una cultura de colaboraci\u00f3n, si no se conf\u00eda en las personas que trabajan a tu lado, si no se comparten objetivos y responsabilidades, el resultado nunca va a estar a la altura\u201d.<\/span><\/p>\n<p style=\"margin-left: 14.2pt; text-indent: 14.15pt;\"><span style=\"font-family: 'Arial',sans-serif;\">\u00a0<\/span><\/p>\n","protected":false},"excerpt":{"rendered":"<p>La Sede Olavide en Carmona &#8211; Rectora Rosario Valpuesta, ha acogido esta ma\u00f1ana la inauguraci\u00f3n oficial del curso de verano \u2018Relaciones Institucionales y Protocolo. Taller \u2018Habilidades claves para la coordinaci\u00f3n del gabinete de direcci\u00f3n de una instituci\u00f3n. 2\u00aa edici\u00f3n\u2019, enmarcado en la vig\u00e9simo tercera edici\u00f3n de los Cursos de Verano de la Universidad Pablo de [&hellip;]<\/p>\n","protected":false},"author":13,"featured_media":47545,"comment_status":"open","ping_status":"open","sticky":false,"template":"","format":"standard","meta":{"_acf_changed":false,"site-sidebar-layout":"default","site-content-layout":"","ast-site-content-layout":"default","site-content-style":"default","site-sidebar-style":"default","ast-global-header-display":"","ast-banner-title-visibility":"","ast-main-header-display":"","ast-hfb-above-header-display":"","ast-hfb-below-header-display":"","ast-hfb-mobile-header-display":"","site-post-title":"","ast-breadcrumbs-content":"","ast-featured-img":"","footer-sml-layout":"","ast-disable-related-posts":"","theme-transparent-header-meta":"default","adv-header-id-meta":"","stick-header-meta":"default","header-above-stick-meta":"","header-main-stick-meta":"","header-below-stick-meta":"","astra-migrate-meta-layouts":"set","ast-page-background-enabled":"default","ast-page-background-meta":{"desktop":{"background-color":"var(--ast-global-color-4)","background-image":"","background-repeat":"repeat","background-position":"center center","background-size":"auto","background-attachment":"scroll","background-type":"","background-media":"","overlay-type":"","overlay-color":"","overlay-opacity":"","overlay-gradient":""},"tablet":{"background-color":"","background-image":"","background-repeat":"repeat","background-position":"center center","background-size":"auto","background-attachment":"scroll","background-type":"","background-media":"","overlay-type":"","overlay-color":"","overlay-opacity":"","overlay-gradient":""},"mobile":{"background-color":"","background-image":"","background-repeat":"repeat","background-position":"center center","background-size":"auto","background-attachment":"scroll","background-type":"","background-media":"","overlay-type":"","overlay-color":"","overlay-opacity":"","overlay-gradient":""}},"ast-content-background-meta":{"desktop":{"background-color":"var(--ast-global-color-5)","background-image":"","background-repeat":"repeat","background-position":"center center","background-size":"auto","background-attachment":"scroll","background-type":"","background-media":"","overlay-type":"","overlay-color":"","overlay-opacity":"","overlay-gradient":""},"tablet":{"background-color":"var(--ast-global-color-5)","background-image":"","background-repeat":"repeat","background-position":"center center","background-size":"auto","background-attachment":"scroll","background-type":"","background-media":"","overlay-type":"","overlay-color":"","overlay-opacity":"","overlay-gradient":""},"mobile":{"background-color":"var(--ast-global-color-5)","background-image":"","background-repeat":"repeat","background-position":"center center","background-size":"auto","background-attachment":"scroll","background-type":"","background-media":"","overlay-type":"","overlay-color":"","overlay-opacity":"","overlay-gradient":""}},"footnotes":""},"categories":[307,708,706,16,698],"tags":[],"class_list":["post-47544","post","type-post","status-publish","format-standard","has-post-thumbnail","hentry","category-2024-2025","category-semana-2-23-edicion","category-23-edicion","category-cursos-de-verano","category-olavide-en-carmona"],"acf":[],"yoast_head":"<!-- This site is optimized with the Yoast SEO plugin v27.5 - https:\/\/yoast.com\/product\/yoast-seo-wordpress\/ -->\n<title>El rector de la UPO y la ministra de Inclusi\u00f3n inauguran el curso sobre Protocolo y Relaciones Institucionales - Formaci\u00f3n Permanente UPO<\/title>\n<meta name=\"robots\" content=\"index, follow, max-snippet:-1, max-image-preview:large, max-video-preview:-1\" \/>\n<link rel=\"canonical\" href=\"https:\/\/www.upo.es\/formacionpermanente\/el-rector-de-la-upo-y-la-ministra-de-inclusion-inauguran-el-curso-sobre-protocolo-y-relaciones-institucionales\/\" \/>\n<meta property=\"og:locale\" content=\"es_ES\" \/>\n<meta property=\"og:type\" content=\"article\" \/>\n<meta property=\"og:title\" content=\"El rector de la UPO y la ministra de Inclusi\u00f3n inauguran el curso sobre Protocolo y Relaciones Institucionales - Formaci\u00f3n Permanente UPO\" \/>\n<meta property=\"og:description\" content=\"La Sede Olavide en Carmona &#8211; Rectora Rosario Valpuesta, ha acogido esta ma\u00f1ana la inauguraci\u00f3n oficial del curso de verano \u2018Relaciones Institucionales y Protocolo. Taller \u2018Habilidades claves para la coordinaci\u00f3n del gabinete de direcci\u00f3n de una instituci\u00f3n. 2\u00aa edici\u00f3n\u2019, enmarcado en la vig\u00e9simo tercera edici\u00f3n de los Cursos de Verano de la Universidad Pablo de [&hellip;]\" \/>\n<meta property=\"og:url\" content=\"https:\/\/www.upo.es\/formacionpermanente\/el-rector-de-la-upo-y-la-ministra-de-inclusion-inauguran-el-curso-sobre-protocolo-y-relaciones-institucionales\/\" \/>\n<meta property=\"og:site_name\" content=\"Formaci\u00f3n Permanente UPO\" \/>\n<meta property=\"article:published_time\" content=\"2025-07-03T10:21:45+00:00\" \/>\n<meta property=\"article:modified_time\" content=\"2025-07-03T10:25:02+00:00\" \/>\n<meta property=\"og:image\" content=\"https:\/\/www.upo.es\/formacionpermanente\/wp-content\/imagenes\/uploads\/2025\/07\/c7b2bebe-9b99-4ac8-b1f2-db8e62cc04c4.jpg\" \/>\n\t<meta property=\"og:image:width\" content=\"1600\" \/>\n\t<meta property=\"og:image:height\" content=\"1066\" \/>\n\t<meta property=\"og:image:type\" content=\"image\/jpeg\" \/>\n<meta name=\"author\" content=\"Rosario Heredia Tirado\" \/>\n<meta name=\"twitter:card\" content=\"summary_large_image\" \/>\n<meta name=\"twitter:label1\" content=\"Escrito por\" \/>\n\t<meta name=\"twitter:data1\" content=\"Rosario Heredia Tirado\" \/>\n\t<meta name=\"twitter:label2\" content=\"Tiempo de lectura\" \/>\n\t<meta name=\"twitter:data2\" content=\"3 minutos\" \/>\n<script type=\"application\/ld+json\" class=\"yoast-schema-graph\">{\"@context\":\"https:\\\/\\\/schema.org\",\"@graph\":[{\"@type\":\"Article\",\"@id\":\"https:\\\/\\\/www.upo.es\\\/formacionpermanente\\\/el-rector-de-la-upo-y-la-ministra-de-inclusion-inauguran-el-curso-sobre-protocolo-y-relaciones-institucionales\\\/#article\",\"isPartOf\":{\"@id\":\"https:\\\/\\\/www.upo.es\\\/formacionpermanente\\\/el-rector-de-la-upo-y-la-ministra-de-inclusion-inauguran-el-curso-sobre-protocolo-y-relaciones-institucionales\\\/\"},\"author\":{\"name\":\"Rosario Heredia Tirado\",\"@id\":\"https:\\\/\\\/www.upo.es\\\/formacionpermanente\\\/#\\\/schema\\\/person\\\/b8a4172b1d7f0d6b60c9ad7e0cc39165\"},\"headline\":\"El rector de la UPO y la ministra de Inclusi\u00f3n inauguran el curso sobre Protocolo y Relaciones Institucionales\",\"datePublished\":\"2025-07-03T10:21:45+00:00\",\"dateModified\":\"2025-07-03T10:25:02+00:00\",\"mainEntityOfPage\":{\"@id\":\"https:\\\/\\\/www.upo.es\\\/formacionpermanente\\\/el-rector-de-la-upo-y-la-ministra-de-inclusion-inauguran-el-curso-sobre-protocolo-y-relaciones-institucionales\\\/\"},\"wordCount\":647,\"commentCount\":0,\"publisher\":{\"@id\":\"https:\\\/\\\/www.upo.es\\\/formacionpermanente\\\/#organization\"},\"image\":{\"@id\":\"https:\\\/\\\/www.upo.es\\\/formacionpermanente\\\/el-rector-de-la-upo-y-la-ministra-de-inclusion-inauguran-el-curso-sobre-protocolo-y-relaciones-institucionales\\\/#primaryimage\"},\"thumbnailUrl\":\"https:\\\/\\\/www.upo.es\\\/formacionpermanente\\\/wp-content\\\/imagenes\\\/uploads\\\/2025\\\/07\\\/c7b2bebe-9b99-4ac8-b1f2-db8e62cc04c4.jpg\",\"articleSection\":[\"2024-2025\",\"2025 - Semana 2\",\"23 edici\u00f3n\",\"Cursos de Verano\",\"Olavide en Carmona\"],\"inLanguage\":\"es\",\"potentialAction\":[{\"@type\":\"CommentAction\",\"name\":\"Comment\",\"target\":[\"https:\\\/\\\/www.upo.es\\\/formacionpermanente\\\/el-rector-de-la-upo-y-la-ministra-de-inclusion-inauguran-el-curso-sobre-protocolo-y-relaciones-institucionales\\\/#respond\"]}]},{\"@type\":\"WebPage\",\"@id\":\"https:\\\/\\\/www.upo.es\\\/formacionpermanente\\\/el-rector-de-la-upo-y-la-ministra-de-inclusion-inauguran-el-curso-sobre-protocolo-y-relaciones-institucionales\\\/\",\"url\":\"https:\\\/\\\/www.upo.es\\\/formacionpermanente\\\/el-rector-de-la-upo-y-la-ministra-de-inclusion-inauguran-el-curso-sobre-protocolo-y-relaciones-institucionales\\\/\",\"name\":\"El rector de la UPO y la ministra de Inclusi\u00f3n inauguran el curso sobre Protocolo y Relaciones Institucionales - Formaci\u00f3n Permanente UPO\",\"isPartOf\":{\"@id\":\"https:\\\/\\\/www.upo.es\\\/formacionpermanente\\\/#website\"},\"primaryImageOfPage\":{\"@id\":\"https:\\\/\\\/www.upo.es\\\/formacionpermanente\\\/el-rector-de-la-upo-y-la-ministra-de-inclusion-inauguran-el-curso-sobre-protocolo-y-relaciones-institucionales\\\/#primaryimage\"},\"image\":{\"@id\":\"https:\\\/\\\/www.upo.es\\\/formacionpermanente\\\/el-rector-de-la-upo-y-la-ministra-de-inclusion-inauguran-el-curso-sobre-protocolo-y-relaciones-institucionales\\\/#primaryimage\"},\"thumbnailUrl\":\"https:\\\/\\\/www.upo.es\\\/formacionpermanente\\\/wp-content\\\/imagenes\\\/uploads\\\/2025\\\/07\\\/c7b2bebe-9b99-4ac8-b1f2-db8e62cc04c4.jpg\",\"datePublished\":\"2025-07-03T10:21:45+00:00\",\"dateModified\":\"2025-07-03T10:25:02+00:00\",\"breadcrumb\":{\"@id\":\"https:\\\/\\\/www.upo.es\\\/formacionpermanente\\\/el-rector-de-la-upo-y-la-ministra-de-inclusion-inauguran-el-curso-sobre-protocolo-y-relaciones-institucionales\\\/#breadcrumb\"},\"inLanguage\":\"es\",\"potentialAction\":[{\"@type\":\"ReadAction\",\"target\":[\"https:\\\/\\\/www.upo.es\\\/formacionpermanente\\\/el-rector-de-la-upo-y-la-ministra-de-inclusion-inauguran-el-curso-sobre-protocolo-y-relaciones-institucionales\\\/\"]}]},{\"@type\":\"ImageObject\",\"inLanguage\":\"es\",\"@id\":\"https:\\\/\\\/www.upo.es\\\/formacionpermanente\\\/el-rector-de-la-upo-y-la-ministra-de-inclusion-inauguran-el-curso-sobre-protocolo-y-relaciones-institucionales\\\/#primaryimage\",\"url\":\"https:\\\/\\\/www.upo.es\\\/formacionpermanente\\\/wp-content\\\/imagenes\\\/uploads\\\/2025\\\/07\\\/c7b2bebe-9b99-4ac8-b1f2-db8e62cc04c4.jpg\",\"contentUrl\":\"https:\\\/\\\/www.upo.es\\\/formacionpermanente\\\/wp-content\\\/imagenes\\\/uploads\\\/2025\\\/07\\\/c7b2bebe-9b99-4ac8-b1f2-db8e62cc04c4.jpg\",\"width\":1600,\"height\":1066},{\"@type\":\"BreadcrumbList\",\"@id\":\"https:\\\/\\\/www.upo.es\\\/formacionpermanente\\\/el-rector-de-la-upo-y-la-ministra-de-inclusion-inauguran-el-curso-sobre-protocolo-y-relaciones-institucionales\\\/#breadcrumb\",\"itemListElement\":[{\"@type\":\"ListItem\",\"position\":1,\"name\":\"Portada\",\"item\":\"https:\\\/\\\/www.upo.es\\\/formacionpermanente\\\/\"},{\"@type\":\"ListItem\",\"position\":2,\"name\":\"El rector de la UPO y la ministra de Inclusi\u00f3n inauguran el curso sobre Protocolo y Relaciones Institucionales\"}]},{\"@type\":\"WebSite\",\"@id\":\"https:\\\/\\\/www.upo.es\\\/formacionpermanente\\\/#website\",\"url\":\"https:\\\/\\\/www.upo.es\\\/formacionpermanente\\\/\",\"name\":\"Formaci\u00f3n Permanente UPO\",\"description\":\"T\u00edtulos Propios, Microcredenciales, Cursos de Verano\",\"publisher\":{\"@id\":\"https:\\\/\\\/www.upo.es\\\/formacionpermanente\\\/#organization\"},\"potentialAction\":[{\"@type\":\"SearchAction\",\"target\":{\"@type\":\"EntryPoint\",\"urlTemplate\":\"https:\\\/\\\/www.upo.es\\\/formacionpermanente\\\/?s={search_term_string}\"},\"query-input\":{\"@type\":\"PropertyValueSpecification\",\"valueRequired\":true,\"valueName\":\"search_term_string\"}}],\"inLanguage\":\"es\"},{\"@type\":\"Organization\",\"@id\":\"https:\\\/\\\/www.upo.es\\\/formacionpermanente\\\/#organization\",\"name\":\"Formaci\u00f3n Permanente Universidad Pablo de Olavide\",\"alternateName\":\"Formaci\u00f3n Permanente UPO\",\"url\":\"https:\\\/\\\/www.upo.es\\\/formacionpermanente\\\/\",\"logo\":{\"@type\":\"ImageObject\",\"inLanguage\":\"es\",\"@id\":\"https:\\\/\\\/www.upo.es\\\/formacionpermanente\\\/#\\\/schema\\\/logo\\\/image\\\/\",\"url\":\"https:\\\/\\\/www.upo.es\\\/formacionpermanente\\\/wp-content\\\/imagenes\\\/uploads\\\/2023\\\/02\\\/Logo-UPO-azul-amarillo-horizontal.png\",\"contentUrl\":\"https:\\\/\\\/www.upo.es\\\/formacionpermanente\\\/wp-content\\\/imagenes\\\/uploads\\\/2023\\\/02\\\/Logo-UPO-azul-amarillo-horizontal.png\",\"width\":1000,\"height\":407,\"caption\":\"Formaci\u00f3n Permanente Universidad Pablo de Olavide\"},\"image\":{\"@id\":\"https:\\\/\\\/www.upo.es\\\/formacionpermanente\\\/#\\\/schema\\\/logo\\\/image\\\/\"}},{\"@type\":\"Person\",\"@id\":\"https:\\\/\\\/www.upo.es\\\/formacionpermanente\\\/#\\\/schema\\\/person\\\/b8a4172b1d7f0d6b60c9ad7e0cc39165\",\"name\":\"Rosario Heredia Tirado\",\"image\":{\"@type\":\"ImageObject\",\"inLanguage\":\"es\",\"@id\":\"https:\\\/\\\/secure.gravatar.com\\\/avatar\\\/e71ee4642062ca191746d52b80a5c79974abf65afbc75fb64d39cebd9ddd8ab4?s=96&d=mm&r=g\",\"url\":\"https:\\\/\\\/secure.gravatar.com\\\/avatar\\\/e71ee4642062ca191746d52b80a5c79974abf65afbc75fb64d39cebd9ddd8ab4?s=96&d=mm&r=g\",\"contentUrl\":\"https:\\\/\\\/secure.gravatar.com\\\/avatar\\\/e71ee4642062ca191746d52b80a5c79974abf65afbc75fb64d39cebd9ddd8ab4?s=96&d=mm&r=g\",\"caption\":\"Rosario Heredia Tirado\"},\"url\":\"https:\\\/\\\/www.upo.es\\\/formacionpermanente\\\/author\\\/rhertir\\\/\"}]}<\/script>\n<!-- \/ Yoast SEO plugin. -->","yoast_head_json":{"title":"El rector de la UPO y la ministra de Inclusi\u00f3n inauguran el curso sobre Protocolo y Relaciones Institucionales - Formaci\u00f3n Permanente UPO","robots":{"index":"index","follow":"follow","max-snippet":"max-snippet:-1","max-image-preview":"max-image-preview:large","max-video-preview":"max-video-preview:-1"},"canonical":"https:\/\/www.upo.es\/formacionpermanente\/el-rector-de-la-upo-y-la-ministra-de-inclusion-inauguran-el-curso-sobre-protocolo-y-relaciones-institucionales\/","og_locale":"es_ES","og_type":"article","og_title":"El rector de la UPO y la ministra de Inclusi\u00f3n inauguran el curso sobre Protocolo y Relaciones Institucionales - Formaci\u00f3n Permanente UPO","og_description":"La Sede Olavide en Carmona &#8211; Rectora Rosario Valpuesta, ha acogido esta ma\u00f1ana la inauguraci\u00f3n oficial del curso de verano \u2018Relaciones Institucionales y Protocolo. Taller \u2018Habilidades claves para la coordinaci\u00f3n del gabinete de direcci\u00f3n de una instituci\u00f3n. 2\u00aa edici\u00f3n\u2019, enmarcado en la vig\u00e9simo tercera edici\u00f3n de los Cursos de Verano de la Universidad Pablo de [&hellip;]","og_url":"https:\/\/www.upo.es\/formacionpermanente\/el-rector-de-la-upo-y-la-ministra-de-inclusion-inauguran-el-curso-sobre-protocolo-y-relaciones-institucionales\/","og_site_name":"Formaci\u00f3n Permanente UPO","article_published_time":"2025-07-03T10:21:45+00:00","article_modified_time":"2025-07-03T10:25:02+00:00","og_image":[{"width":1600,"height":1066,"url":"https:\/\/www.upo.es\/formacionpermanente\/wp-content\/imagenes\/uploads\/2025\/07\/c7b2bebe-9b99-4ac8-b1f2-db8e62cc04c4.jpg","type":"image\/jpeg"}],"author":"Rosario Heredia Tirado","twitter_card":"summary_large_image","twitter_misc":{"Escrito por":"Rosario Heredia Tirado","Tiempo de lectura":"3 minutos"},"schema":{"@context":"https:\/\/schema.org","@graph":[{"@type":"Article","@id":"https:\/\/www.upo.es\/formacionpermanente\/el-rector-de-la-upo-y-la-ministra-de-inclusion-inauguran-el-curso-sobre-protocolo-y-relaciones-institucionales\/#article","isPartOf":{"@id":"https:\/\/www.upo.es\/formacionpermanente\/el-rector-de-la-upo-y-la-ministra-de-inclusion-inauguran-el-curso-sobre-protocolo-y-relaciones-institucionales\/"},"author":{"name":"Rosario Heredia Tirado","@id":"https:\/\/www.upo.es\/formacionpermanente\/#\/schema\/person\/b8a4172b1d7f0d6b60c9ad7e0cc39165"},"headline":"El rector de la UPO y la ministra de Inclusi\u00f3n inauguran el curso sobre Protocolo y Relaciones Institucionales","datePublished":"2025-07-03T10:21:45+00:00","dateModified":"2025-07-03T10:25:02+00:00","mainEntityOfPage":{"@id":"https:\/\/www.upo.es\/formacionpermanente\/el-rector-de-la-upo-y-la-ministra-de-inclusion-inauguran-el-curso-sobre-protocolo-y-relaciones-institucionales\/"},"wordCount":647,"commentCount":0,"publisher":{"@id":"https:\/\/www.upo.es\/formacionpermanente\/#organization"},"image":{"@id":"https:\/\/www.upo.es\/formacionpermanente\/el-rector-de-la-upo-y-la-ministra-de-inclusion-inauguran-el-curso-sobre-protocolo-y-relaciones-institucionales\/#primaryimage"},"thumbnailUrl":"https:\/\/www.upo.es\/formacionpermanente\/wp-content\/imagenes\/uploads\/2025\/07\/c7b2bebe-9b99-4ac8-b1f2-db8e62cc04c4.jpg","articleSection":["2024-2025","2025 - Semana 2","23 edici\u00f3n","Cursos de Verano","Olavide en Carmona"],"inLanguage":"es","potentialAction":[{"@type":"CommentAction","name":"Comment","target":["https:\/\/www.upo.es\/formacionpermanente\/el-rector-de-la-upo-y-la-ministra-de-inclusion-inauguran-el-curso-sobre-protocolo-y-relaciones-institucionales\/#respond"]}]},{"@type":"WebPage","@id":"https:\/\/www.upo.es\/formacionpermanente\/el-rector-de-la-upo-y-la-ministra-de-inclusion-inauguran-el-curso-sobre-protocolo-y-relaciones-institucionales\/","url":"https:\/\/www.upo.es\/formacionpermanente\/el-rector-de-la-upo-y-la-ministra-de-inclusion-inauguran-el-curso-sobre-protocolo-y-relaciones-institucionales\/","name":"El rector de la UPO y la ministra de Inclusi\u00f3n inauguran el curso sobre Protocolo y Relaciones Institucionales - Formaci\u00f3n Permanente UPO","isPartOf":{"@id":"https:\/\/www.upo.es\/formacionpermanente\/#website"},"primaryImageOfPage":{"@id":"https:\/\/www.upo.es\/formacionpermanente\/el-rector-de-la-upo-y-la-ministra-de-inclusion-inauguran-el-curso-sobre-protocolo-y-relaciones-institucionales\/#primaryimage"},"image":{"@id":"https:\/\/www.upo.es\/formacionpermanente\/el-rector-de-la-upo-y-la-ministra-de-inclusion-inauguran-el-curso-sobre-protocolo-y-relaciones-institucionales\/#primaryimage"},"thumbnailUrl":"https:\/\/www.upo.es\/formacionpermanente\/wp-content\/imagenes\/uploads\/2025\/07\/c7b2bebe-9b99-4ac8-b1f2-db8e62cc04c4.jpg","datePublished":"2025-07-03T10:21:45+00:00","dateModified":"2025-07-03T10:25:02+00:00","breadcrumb":{"@id":"https:\/\/www.upo.es\/formacionpermanente\/el-rector-de-la-upo-y-la-ministra-de-inclusion-inauguran-el-curso-sobre-protocolo-y-relaciones-institucionales\/#breadcrumb"},"inLanguage":"es","potentialAction":[{"@type":"ReadAction","target":["https:\/\/www.upo.es\/formacionpermanente\/el-rector-de-la-upo-y-la-ministra-de-inclusion-inauguran-el-curso-sobre-protocolo-y-relaciones-institucionales\/"]}]},{"@type":"ImageObject","inLanguage":"es","@id":"https:\/\/www.upo.es\/formacionpermanente\/el-rector-de-la-upo-y-la-ministra-de-inclusion-inauguran-el-curso-sobre-protocolo-y-relaciones-institucionales\/#primaryimage","url":"https:\/\/www.upo.es\/formacionpermanente\/wp-content\/imagenes\/uploads\/2025\/07\/c7b2bebe-9b99-4ac8-b1f2-db8e62cc04c4.jpg","contentUrl":"https:\/\/www.upo.es\/formacionpermanente\/wp-content\/imagenes\/uploads\/2025\/07\/c7b2bebe-9b99-4ac8-b1f2-db8e62cc04c4.jpg","width":1600,"height":1066},{"@type":"BreadcrumbList","@id":"https:\/\/www.upo.es\/formacionpermanente\/el-rector-de-la-upo-y-la-ministra-de-inclusion-inauguran-el-curso-sobre-protocolo-y-relaciones-institucionales\/#breadcrumb","itemListElement":[{"@type":"ListItem","position":1,"name":"Portada","item":"https:\/\/www.upo.es\/formacionpermanente\/"},{"@type":"ListItem","position":2,"name":"El rector de la UPO y la ministra de Inclusi\u00f3n inauguran el curso sobre Protocolo y Relaciones Institucionales"}]},{"@type":"WebSite","@id":"https:\/\/www.upo.es\/formacionpermanente\/#website","url":"https:\/\/www.upo.es\/formacionpermanente\/","name":"Formaci\u00f3n Permanente UPO","description":"T\u00edtulos Propios, Microcredenciales, Cursos de Verano","publisher":{"@id":"https:\/\/www.upo.es\/formacionpermanente\/#organization"},"potentialAction":[{"@type":"SearchAction","target":{"@type":"EntryPoint","urlTemplate":"https:\/\/www.upo.es\/formacionpermanente\/?s={search_term_string}"},"query-input":{"@type":"PropertyValueSpecification","valueRequired":true,"valueName":"search_term_string"}}],"inLanguage":"es"},{"@type":"Organization","@id":"https:\/\/www.upo.es\/formacionpermanente\/#organization","name":"Formaci\u00f3n Permanente Universidad Pablo de Olavide","alternateName":"Formaci\u00f3n Permanente UPO","url":"https:\/\/www.upo.es\/formacionpermanente\/","logo":{"@type":"ImageObject","inLanguage":"es","@id":"https:\/\/www.upo.es\/formacionpermanente\/#\/schema\/logo\/image\/","url":"https:\/\/www.upo.es\/formacionpermanente\/wp-content\/imagenes\/uploads\/2023\/02\/Logo-UPO-azul-amarillo-horizontal.png","contentUrl":"https:\/\/www.upo.es\/formacionpermanente\/wp-content\/imagenes\/uploads\/2023\/02\/Logo-UPO-azul-amarillo-horizontal.png","width":1000,"height":407,"caption":"Formaci\u00f3n Permanente Universidad Pablo de Olavide"},"image":{"@id":"https:\/\/www.upo.es\/formacionpermanente\/#\/schema\/logo\/image\/"}},{"@type":"Person","@id":"https:\/\/www.upo.es\/formacionpermanente\/#\/schema\/person\/b8a4172b1d7f0d6b60c9ad7e0cc39165","name":"Rosario Heredia Tirado","image":{"@type":"ImageObject","inLanguage":"es","@id":"https:\/\/secure.gravatar.com\/avatar\/e71ee4642062ca191746d52b80a5c79974abf65afbc75fb64d39cebd9ddd8ab4?s=96&d=mm&r=g","url":"https:\/\/secure.gravatar.com\/avatar\/e71ee4642062ca191746d52b80a5c79974abf65afbc75fb64d39cebd9ddd8ab4?s=96&d=mm&r=g","contentUrl":"https:\/\/secure.gravatar.com\/avatar\/e71ee4642062ca191746d52b80a5c79974abf65afbc75fb64d39cebd9ddd8ab4?s=96&d=mm&r=g","caption":"Rosario Heredia Tirado"},"url":"https:\/\/www.upo.es\/formacionpermanente\/author\/rhertir\/"}]}},"_links":{"self":[{"href":"https:\/\/www.upo.es\/formacionpermanente\/wp-json\/wp\/v2\/posts\/47544","targetHints":{"allow":["GET"]}}],"collection":[{"href":"https:\/\/www.upo.es\/formacionpermanente\/wp-json\/wp\/v2\/posts"}],"about":[{"href":"https:\/\/www.upo.es\/formacionpermanente\/wp-json\/wp\/v2\/types\/post"}],"author":[{"embeddable":true,"href":"https:\/\/www.upo.es\/formacionpermanente\/wp-json\/wp\/v2\/users\/13"}],"replies":[{"embeddable":true,"href":"https:\/\/www.upo.es\/formacionpermanente\/wp-json\/wp\/v2\/comments?post=47544"}],"version-history":[{"count":2,"href":"https:\/\/www.upo.es\/formacionpermanente\/wp-json\/wp\/v2\/posts\/47544\/revisions"}],"predecessor-version":[{"id":47547,"href":"https:\/\/www.upo.es\/formacionpermanente\/wp-json\/wp\/v2\/posts\/47544\/revisions\/47547"}],"wp:featuredmedia":[{"embeddable":true,"href":"https:\/\/www.upo.es\/formacionpermanente\/wp-json\/wp\/v2\/media\/47545"}],"wp:attachment":[{"href":"https:\/\/www.upo.es\/formacionpermanente\/wp-json\/wp\/v2\/media?parent=47544"}],"wp:term":[{"taxonomy":"category","embeddable":true,"href":"https:\/\/www.upo.es\/formacionpermanente\/wp-json\/wp\/v2\/categories?post=47544"},{"taxonomy":"post_tag","embeddable":true,"href":"https:\/\/www.upo.es\/formacionpermanente\/wp-json\/wp\/v2\/tags?post=47544"}],"curies":[{"name":"wp","href":"https:\/\/api.w.org\/{rel}","templated":true}]}}