{"id":48153,"date":"2025-07-16T10:13:44","date_gmt":"2025-07-16T08:13:44","guid":{"rendered":"https:\/\/www.upo.es\/formacionpermanente\/?p=48153"},"modified":"2025-07-16T10:13:44","modified_gmt":"2025-07-16T08:13:44","slug":"la-voz-en-el-verso-un-dialogo-entre-la-tecnica-la-emocion-y-la-esencia-del-arte-escenico","status":"publish","type":"post","link":"https:\/\/www.upo.es\/formacionpermanente\/la-voz-en-el-verso-un-dialogo-entre-la-tecnica-la-emocion-y-la-esencia-del-arte-escenico\/","title":{"rendered":"La voz en el verso: Un di\u00e1logo entre la t\u00e9cnica, la emoci\u00f3n y la esencia del arte esc\u00e9nico"},"content":{"rendered":"<p>La sede Olavide en Carmona &#8211; Rectora Rosario Valpuesta, en el marco de la 23\u00aa edici\u00f3n de sus Cursos de Verano, ha puesto el foco en la riqueza y complejidad de la interpretaci\u00f3n vocal con la celebraci\u00f3n del curso \u201cLa interpretaci\u00f3n del verso esc\u00e9nico y po\u00e9tico. La voz hablada, la voz cantada. 3\u00aa edici\u00f3n\u201d. En una entrevista, Eugenio Jim\u00e9nez, graduado en el Instituto de Teatro de Sevilla y licenciado en Arte Dram\u00e1tico por la Escuela Superior de Sevilla, y Roberto Quintana, reconocido actor de teatro, cine, televisi\u00f3n y radio, catedr\u00e1tico em\u00e9rito de Interpretaci\u00f3n y creador del Centro Andaluz de Teatro, han desgranado las claves de este arte milenario.<\/p>\n<p>Para Eugenio Jim\u00e9nez, la interpretaci\u00f3n del verso trasciende el mero acto de hablar. Es un acto de comunicaci\u00f3n profundo, una habilidad para \u201ccontar, saber decir, proyectar una voz, manejar la m\u00fasica de la prosa y el verso, en tragedia o comedia\u201d. El objetivo \u00faltimo es conmover al p\u00fablico y alcanzar la catarsis, ese efecto purificador que los griegos ya reconoc\u00edan. Lograrlo exige una t\u00e9cnica vocal rigurosa, que permite al int\u00e9rprete maximizar su rendimiento con el m\u00ednimo esfuerzo, protegiendo al mismo tiempo sus cuerdas vocales. \u201cEl sonido debe expandirse por la sala, transformarse. Debe tocar los o\u00eddos de los espectadores, hacerse s\u00f3lido\u201d, explica Jim\u00e9nez, destacando la necesidad de un proceso consciente y disciplinado. La voz teatral se nutre de la impostaci\u00f3n y el conocimiento profundo del aparato fonador, permitiendo que la m\u00fasica, los acentos, la elocuencia y la frescura broten con facilidad.<\/p>\n<p>La relaci\u00f3n entre la voz hablada y la voz cantada es, para Jim\u00e9nez, simbi\u00f3tica y fundamental. Aunque el instrumento vocal sea el mismo para comer o respirar, su uso para hablar o cantar requiere la creaci\u00f3n de \u201cespacios en la boca que un &#8216;no profesional&#8217; dif\u00edcilmente imagina\u201d. La t\u00e9cnica del canto se convierte en una herramienta ejemplar para el int\u00e9rprete, ya que nutre la voz hablada, permiti\u00e9ndole elongar, ensanchar y apoyar el sonido. Este trasvase es crucial para \u201cuna adecuaci\u00f3n justa de nuestro timbre, ampli\u00e1ndolo y ajust\u00e1ndolo sin pervertir su belleza\u201d. La melod\u00eda y la armon\u00eda, elementos esenciales en la m\u00fasica, influyen directamente en la interpretaci\u00f3n del texto cantado, d\u00e1ndole contenido emocional y estructura. Jim\u00e9nez enfatiza que estas deben potenciar el significado de las palabras, clarific\u00e1ndolas y haci\u00e9ndolas inteligibles sin que la inserci\u00f3n de las palabras altere la articulaci\u00f3n o la dicci\u00f3n.<\/p>\n<p>El impacto de la interpretaci\u00f3n vocal en la percepci\u00f3n del p\u00fablico es innegable. Jim\u00e9nez subraya la importancia de la \u201carmon\u00eda corp\u00f3rea\u201d, donde el cuerpo asume la propuesta esc\u00e9nica, creando la ilusi\u00f3n de que todo ocurre por primera vez. La voz, en este contexto, es el \u201ccolof\u00f3n, el resultado palpable de un cuerpo coherente\u201d. La t\u00e9cnica vocal, entonces, no es solo un mecanismo, sino el sistema y el instrumento que permite al int\u00e9rprete hacerse sentir y, por ende, emocionar. En un teatro sin amplificaci\u00f3n, la preparaci\u00f3n y afinaci\u00f3n vocal son tan vitales como en una orquesta.<\/p>\n<p>Finalmente, el docente reflexiona sobre el poder perdurable de la voz interpretada en un mundo dominado por la imagen. Para \u00e9l, el teatro es una experiencia que \u201csatisface necesidades humanas profundas a nivel emocional, cultural, social e intelectual\u201d, fomentando el pensamiento cr\u00edtico y una conexi\u00f3n humana que otros medios no pueden replicar. El int\u00e9rprete, como \u201cservidor de un autor y un texto\u201d, tiene la misi\u00f3n de desvelar las palabras y, al hacerlo, permitir que la emoci\u00f3n brote en el espectador cuando el complejo c\u00f3digo del arte se transmite con maestr\u00eda.<\/p>\n<p>Por su parte, Roberto Quintana aporta una perspectiva contundente sobre la interpretaci\u00f3n del verso, situando al texto como el epicentro absoluto del trabajo actoral. Su enfoque desaf\u00eda la concepci\u00f3n tradicional de la emoci\u00f3n en la escena, afirmando que esta debe apartarse del tablero\u201d, ya que \u201ces una muy mala consejera y, por definici\u00f3n, enemiga ac\u00e9rrima de la palabra\u201d. Quintana argumenta que la emoci\u00f3n del actor es irrelevante para el espectador, cuyo inter\u00e9s radica en el personaje y no en la persona que lo encarna. \u201cViene a ver a Pedro Crespo no a su amigo\u201d, sentencia, ilustrando la distinci\u00f3n entre el int\u00e9rprete y el personaje. Todo el material necesario para construir el personaje se encuentra en la tipolog\u00eda, estructura, estilo y composici\u00f3n del texto, as\u00ed como en el bagaje de conocimientos del actor.<\/p>\n<p>El trabajo del int\u00e9rprete, seg\u00fan Quintana, es un an\u00e1lisis profundo del texto que lo libera de la memorizaci\u00f3n. \u201cNo hay peor actor que el que recita de memoria los textos de sus personajes\u201d, afirma. Este an\u00e1lisis debe extenderse a la totalidad del texto, incluyendo no solo las palabras propias, sino tambi\u00e9n las de los dem\u00e1s personajes y, crucialmente, los silencios, a los que denomina \u201cpalabras que no suenan\u201d. Roberto critica la tendencia de algunos int\u00e9rpretes a movimientos excesivos e innecesarios, que dispersan la atenci\u00f3n del espectador y alejan la \u201cpercepci\u00f3n textual\u201d. Para \u00e9l, el campo de acci\u00f3n del actor es \u201csiempre el texto y su contrapartida, el espectador\u201d, quien es el verdadero protagonista y \u201cel alba\u00f1il que construye ese alcalde\u201d. La verdad esc\u00e9nica nace en el espectador, mientras que el int\u00e9rprete se mueve en el terreno de lo \u201cveros\u00edmil\u201d.<\/p>\n<p>El mayor desaf\u00edo en la interpretaci\u00f3n del verso, seg\u00fan Quintana, radica en la ausencia de escuelas de interpretaci\u00f3n versal en Espa\u00f1a, lo que ha conducido a un empobrecimiento y a \u201caberraciones\u201d como la creencia de que el verso debe sonar a prosa. Aunque la rima es un elemento, advierte que su sobrevaloraci\u00f3n puede anular otros factores cruciales.<\/p>\n<p>Finalmente, Roberto Quintana aborda la persistencia del poder de la voz y la palabra interpretada en un mundo de inmediatez. En su opini\u00f3n, la predilecci\u00f3n por lo simple y \u201cr\u00e1pido\u201d en la sociedad actual pone en peligro la abstracci\u00f3n y la capacidad de la palabra para generar reflexiones complejas. Lamenta el deterioro colosal del idioma espa\u00f1ol-castellano, citando como ejemplo la tendencia a eliminar el modo imperativo o el uso caprichoso de los acentos. Este empobrecimiento ling\u00fc\u00edstico, advierte, \u201cest\u00e1 en grave peligro de quedar para guetos y minor\u00edas\u201d, amenazando as\u00ed el poder de transformaci\u00f3n y conmoci\u00f3n que la palabra interpretada ha tenido hist\u00f3ricamente.<\/p>\n<p>El curso \u2018La interpretaci\u00f3n del verso esc\u00e9nico y po\u00e9tico. La voz hablada, la voz cantada\u2019, impartido por Eugenio Jim\u00e9nez y Roberto Quintana, se consolida as\u00ed como un pilar fundamental en la formaci\u00f3n de nuevas generaciones de int\u00e9rpretes, ofreciendo herramientas t\u00e9cnicas y conceptuales esenciales para abordar la riqueza y la complejidad del verso con maestr\u00eda y verdad.<\/p>\n<p>&nbsp;<\/p>\n","protected":false},"excerpt":{"rendered":"<p>La sede Olavide en Carmona &#8211; Rectora Rosario Valpuesta, en el marco de la 23\u00aa edici\u00f3n de sus Cursos de Verano, ha puesto el foco en la riqueza y complejidad de la interpretaci\u00f3n vocal con la celebraci\u00f3n del curso \u201cLa interpretaci\u00f3n del verso esc\u00e9nico y po\u00e9tico. La voz hablada, la voz cantada. 3\u00aa edici\u00f3n\u201d. En [&hellip;]<\/p>\n","protected":false},"author":13,"featured_media":48154,"comment_status":"open","ping_status":"open","sticky":false,"template":"","format":"standard","meta":{"_acf_changed":false,"site-sidebar-layout":"default","site-content-layout":"","ast-site-content-layout":"default","site-content-style":"default","site-sidebar-style":"default","ast-global-header-display":"","ast-banner-title-visibility":"","ast-main-header-display":"","ast-hfb-above-header-display":"","ast-hfb-below-header-display":"","ast-hfb-mobile-header-display":"","site-post-title":"","ast-breadcrumbs-content":"","ast-featured-img":"","footer-sml-layout":"","ast-disable-related-posts":"","theme-transparent-header-meta":"default","adv-header-id-meta":"","stick-header-meta":"default","header-above-stick-meta":"","header-main-stick-meta":"","header-below-stick-meta":"","astra-migrate-meta-layouts":"set","ast-page-background-enabled":"default","ast-page-background-meta":{"desktop":{"background-color":"var(--ast-global-color-4)","background-image":"","background-repeat":"repeat","background-position":"center center","background-size":"auto","background-attachment":"scroll","background-type":"","background-media":"","overlay-type":"","overlay-color":"","overlay-opacity":"","overlay-gradient":""},"tablet":{"background-color":"","background-image":"","background-repeat":"repeat","background-position":"center center","background-size":"auto","background-attachment":"scroll","background-type":"","background-media":"","overlay-type":"","overlay-color":"","overlay-opacity":"","overlay-gradient":""},"mobile":{"background-color":"","background-image":"","background-repeat":"repeat","background-position":"center center","background-size":"auto","background-attachment":"scroll","background-type":"","background-media":"","overlay-type":"","overlay-color":"","overlay-opacity":"","overlay-gradient":""}},"ast-content-background-meta":{"desktop":{"background-color":"var(--ast-global-color-5)","background-image":"","background-repeat":"repeat","background-position":"center center","background-size":"auto","background-attachment":"scroll","background-type":"","background-media":"","overlay-type":"","overlay-color":"","overlay-opacity":"","overlay-gradient":""},"tablet":{"background-color":"var(--ast-global-color-5)","background-image":"","background-repeat":"repeat","background-position":"center center","background-size":"auto","background-attachment":"scroll","background-type":"","background-media":"","overlay-type":"","overlay-color":"","overlay-opacity":"","overlay-gradient":""},"mobile":{"background-color":"var(--ast-global-color-5)","background-image":"","background-repeat":"repeat","background-position":"center center","background-size":"auto","background-attachment":"scroll","background-type":"","background-media":"","overlay-type":"","overlay-color":"","overlay-opacity":"","overlay-gradient":""}},"footnotes":""},"categories":[307,710,706,16,698],"tags":[],"class_list":["post-48153","post","type-post","status-publish","format-standard","has-post-thumbnail","hentry","category-2024-2025","category-semana-4-23-edicion","category-23-edicion","category-cursos-de-verano","category-olavide-en-carmona"],"acf":[],"yoast_head":"<!-- This site is optimized with the Yoast SEO plugin v27.5 - https:\/\/yoast.com\/product\/yoast-seo-wordpress\/ -->\n<title>La voz en el verso: Un di\u00e1logo entre la t\u00e9cnica, la emoci\u00f3n y la esencia del arte esc\u00e9nico - Formaci\u00f3n Permanente UPO<\/title>\n<meta name=\"robots\" content=\"index, follow, max-snippet:-1, max-image-preview:large, max-video-preview:-1\" \/>\n<link rel=\"canonical\" href=\"https:\/\/www.upo.es\/formacionpermanente\/la-voz-en-el-verso-un-dialogo-entre-la-tecnica-la-emocion-y-la-esencia-del-arte-escenico\/\" \/>\n<meta property=\"og:locale\" content=\"es_ES\" \/>\n<meta property=\"og:type\" content=\"article\" \/>\n<meta property=\"og:title\" content=\"La voz en el verso: Un di\u00e1logo entre la t\u00e9cnica, la emoci\u00f3n y la esencia del arte esc\u00e9nico - Formaci\u00f3n Permanente UPO\" \/>\n<meta property=\"og:description\" content=\"La sede Olavide en Carmona &#8211; Rectora Rosario Valpuesta, en el marco de la 23\u00aa edici\u00f3n de sus Cursos de Verano, ha puesto el foco en la riqueza y complejidad de la interpretaci\u00f3n vocal con la celebraci\u00f3n del curso \u201cLa interpretaci\u00f3n del verso esc\u00e9nico y po\u00e9tico. La voz hablada, la voz cantada. 3\u00aa edici\u00f3n\u201d. En [&hellip;]\" \/>\n<meta property=\"og:url\" content=\"https:\/\/www.upo.es\/formacionpermanente\/la-voz-en-el-verso-un-dialogo-entre-la-tecnica-la-emocion-y-la-esencia-del-arte-escenico\/\" \/>\n<meta property=\"og:site_name\" content=\"Formaci\u00f3n Permanente UPO\" \/>\n<meta property=\"article:published_time\" content=\"2025-07-16T08:13:44+00:00\" \/>\n<meta property=\"og:image\" content=\"https:\/\/www.upo.es\/formacionpermanente\/wp-content\/imagenes\/uploads\/2025\/07\/Eugenio-y-Roberto.jpg\" \/>\n\t<meta property=\"og:image:width\" content=\"1600\" \/>\n\t<meta property=\"og:image:height\" content=\"1066\" \/>\n\t<meta property=\"og:image:type\" content=\"image\/jpeg\" \/>\n<meta name=\"author\" content=\"Rosario Heredia Tirado\" \/>\n<meta name=\"twitter:card\" content=\"summary_large_image\" \/>\n<meta name=\"twitter:label1\" content=\"Escrito por\" \/>\n\t<meta name=\"twitter:data1\" content=\"Rosario Heredia Tirado\" \/>\n\t<meta name=\"twitter:label2\" content=\"Tiempo de lectura\" \/>\n\t<meta name=\"twitter:data2\" content=\"6 minutos\" \/>\n<script type=\"application\/ld+json\" class=\"yoast-schema-graph\">{\"@context\":\"https:\\\/\\\/schema.org\",\"@graph\":[{\"@type\":\"Article\",\"@id\":\"https:\\\/\\\/www.upo.es\\\/formacionpermanente\\\/la-voz-en-el-verso-un-dialogo-entre-la-tecnica-la-emocion-y-la-esencia-del-arte-escenico\\\/#article\",\"isPartOf\":{\"@id\":\"https:\\\/\\\/www.upo.es\\\/formacionpermanente\\\/la-voz-en-el-verso-un-dialogo-entre-la-tecnica-la-emocion-y-la-esencia-del-arte-escenico\\\/\"},\"author\":{\"name\":\"Rosario Heredia Tirado\",\"@id\":\"https:\\\/\\\/www.upo.es\\\/formacionpermanente\\\/#\\\/schema\\\/person\\\/b8a4172b1d7f0d6b60c9ad7e0cc39165\"},\"headline\":\"La voz en el verso: Un di\u00e1logo entre la t\u00e9cnica, la emoci\u00f3n y la esencia del arte esc\u00e9nico\",\"datePublished\":\"2025-07-16T08:13:44+00:00\",\"mainEntityOfPage\":{\"@id\":\"https:\\\/\\\/www.upo.es\\\/formacionpermanente\\\/la-voz-en-el-verso-un-dialogo-entre-la-tecnica-la-emocion-y-la-esencia-del-arte-escenico\\\/\"},\"wordCount\":1204,\"commentCount\":0,\"publisher\":{\"@id\":\"https:\\\/\\\/www.upo.es\\\/formacionpermanente\\\/#organization\"},\"image\":{\"@id\":\"https:\\\/\\\/www.upo.es\\\/formacionpermanente\\\/la-voz-en-el-verso-un-dialogo-entre-la-tecnica-la-emocion-y-la-esencia-del-arte-escenico\\\/#primaryimage\"},\"thumbnailUrl\":\"https:\\\/\\\/www.upo.es\\\/formacionpermanente\\\/wp-content\\\/imagenes\\\/uploads\\\/2025\\\/07\\\/Eugenio-y-Roberto.jpg\",\"articleSection\":[\"2024-2025\",\"2025 - Semana 4\",\"23 edici\u00f3n\",\"Cursos de Verano\",\"Olavide en Carmona\"],\"inLanguage\":\"es\",\"potentialAction\":[{\"@type\":\"CommentAction\",\"name\":\"Comment\",\"target\":[\"https:\\\/\\\/www.upo.es\\\/formacionpermanente\\\/la-voz-en-el-verso-un-dialogo-entre-la-tecnica-la-emocion-y-la-esencia-del-arte-escenico\\\/#respond\"]}]},{\"@type\":\"WebPage\",\"@id\":\"https:\\\/\\\/www.upo.es\\\/formacionpermanente\\\/la-voz-en-el-verso-un-dialogo-entre-la-tecnica-la-emocion-y-la-esencia-del-arte-escenico\\\/\",\"url\":\"https:\\\/\\\/www.upo.es\\\/formacionpermanente\\\/la-voz-en-el-verso-un-dialogo-entre-la-tecnica-la-emocion-y-la-esencia-del-arte-escenico\\\/\",\"name\":\"La voz en el verso: Un di\u00e1logo entre la t\u00e9cnica, la emoci\u00f3n y la esencia del arte esc\u00e9nico - Formaci\u00f3n Permanente UPO\",\"isPartOf\":{\"@id\":\"https:\\\/\\\/www.upo.es\\\/formacionpermanente\\\/#website\"},\"primaryImageOfPage\":{\"@id\":\"https:\\\/\\\/www.upo.es\\\/formacionpermanente\\\/la-voz-en-el-verso-un-dialogo-entre-la-tecnica-la-emocion-y-la-esencia-del-arte-escenico\\\/#primaryimage\"},\"image\":{\"@id\":\"https:\\\/\\\/www.upo.es\\\/formacionpermanente\\\/la-voz-en-el-verso-un-dialogo-entre-la-tecnica-la-emocion-y-la-esencia-del-arte-escenico\\\/#primaryimage\"},\"thumbnailUrl\":\"https:\\\/\\\/www.upo.es\\\/formacionpermanente\\\/wp-content\\\/imagenes\\\/uploads\\\/2025\\\/07\\\/Eugenio-y-Roberto.jpg\",\"datePublished\":\"2025-07-16T08:13:44+00:00\",\"breadcrumb\":{\"@id\":\"https:\\\/\\\/www.upo.es\\\/formacionpermanente\\\/la-voz-en-el-verso-un-dialogo-entre-la-tecnica-la-emocion-y-la-esencia-del-arte-escenico\\\/#breadcrumb\"},\"inLanguage\":\"es\",\"potentialAction\":[{\"@type\":\"ReadAction\",\"target\":[\"https:\\\/\\\/www.upo.es\\\/formacionpermanente\\\/la-voz-en-el-verso-un-dialogo-entre-la-tecnica-la-emocion-y-la-esencia-del-arte-escenico\\\/\"]}]},{\"@type\":\"ImageObject\",\"inLanguage\":\"es\",\"@id\":\"https:\\\/\\\/www.upo.es\\\/formacionpermanente\\\/la-voz-en-el-verso-un-dialogo-entre-la-tecnica-la-emocion-y-la-esencia-del-arte-escenico\\\/#primaryimage\",\"url\":\"https:\\\/\\\/www.upo.es\\\/formacionpermanente\\\/wp-content\\\/imagenes\\\/uploads\\\/2025\\\/07\\\/Eugenio-y-Roberto.jpg\",\"contentUrl\":\"https:\\\/\\\/www.upo.es\\\/formacionpermanente\\\/wp-content\\\/imagenes\\\/uploads\\\/2025\\\/07\\\/Eugenio-y-Roberto.jpg\",\"width\":1600,\"height\":1066},{\"@type\":\"BreadcrumbList\",\"@id\":\"https:\\\/\\\/www.upo.es\\\/formacionpermanente\\\/la-voz-en-el-verso-un-dialogo-entre-la-tecnica-la-emocion-y-la-esencia-del-arte-escenico\\\/#breadcrumb\",\"itemListElement\":[{\"@type\":\"ListItem\",\"position\":1,\"name\":\"Portada\",\"item\":\"https:\\\/\\\/www.upo.es\\\/formacionpermanente\\\/\"},{\"@type\":\"ListItem\",\"position\":2,\"name\":\"La voz en el verso: Un di\u00e1logo entre la t\u00e9cnica, la emoci\u00f3n y la esencia del arte esc\u00e9nico\"}]},{\"@type\":\"WebSite\",\"@id\":\"https:\\\/\\\/www.upo.es\\\/formacionpermanente\\\/#website\",\"url\":\"https:\\\/\\\/www.upo.es\\\/formacionpermanente\\\/\",\"name\":\"Formaci\u00f3n Permanente UPO\",\"description\":\"T\u00edtulos Propios, Microcredenciales, Cursos de Verano\",\"publisher\":{\"@id\":\"https:\\\/\\\/www.upo.es\\\/formacionpermanente\\\/#organization\"},\"potentialAction\":[{\"@type\":\"SearchAction\",\"target\":{\"@type\":\"EntryPoint\",\"urlTemplate\":\"https:\\\/\\\/www.upo.es\\\/formacionpermanente\\\/?s={search_term_string}\"},\"query-input\":{\"@type\":\"PropertyValueSpecification\",\"valueRequired\":true,\"valueName\":\"search_term_string\"}}],\"inLanguage\":\"es\"},{\"@type\":\"Organization\",\"@id\":\"https:\\\/\\\/www.upo.es\\\/formacionpermanente\\\/#organization\",\"name\":\"Formaci\u00f3n Permanente Universidad Pablo de Olavide\",\"alternateName\":\"Formaci\u00f3n Permanente UPO\",\"url\":\"https:\\\/\\\/www.upo.es\\\/formacionpermanente\\\/\",\"logo\":{\"@type\":\"ImageObject\",\"inLanguage\":\"es\",\"@id\":\"https:\\\/\\\/www.upo.es\\\/formacionpermanente\\\/#\\\/schema\\\/logo\\\/image\\\/\",\"url\":\"https:\\\/\\\/www.upo.es\\\/formacionpermanente\\\/wp-content\\\/imagenes\\\/uploads\\\/2023\\\/02\\\/Logo-UPO-azul-amarillo-horizontal.png\",\"contentUrl\":\"https:\\\/\\\/www.upo.es\\\/formacionpermanente\\\/wp-content\\\/imagenes\\\/uploads\\\/2023\\\/02\\\/Logo-UPO-azul-amarillo-horizontal.png\",\"width\":1000,\"height\":407,\"caption\":\"Formaci\u00f3n Permanente Universidad Pablo de Olavide\"},\"image\":{\"@id\":\"https:\\\/\\\/www.upo.es\\\/formacionpermanente\\\/#\\\/schema\\\/logo\\\/image\\\/\"}},{\"@type\":\"Person\",\"@id\":\"https:\\\/\\\/www.upo.es\\\/formacionpermanente\\\/#\\\/schema\\\/person\\\/b8a4172b1d7f0d6b60c9ad7e0cc39165\",\"name\":\"Rosario Heredia Tirado\",\"image\":{\"@type\":\"ImageObject\",\"inLanguage\":\"es\",\"@id\":\"https:\\\/\\\/secure.gravatar.com\\\/avatar\\\/e71ee4642062ca191746d52b80a5c79974abf65afbc75fb64d39cebd9ddd8ab4?s=96&d=mm&r=g\",\"url\":\"https:\\\/\\\/secure.gravatar.com\\\/avatar\\\/e71ee4642062ca191746d52b80a5c79974abf65afbc75fb64d39cebd9ddd8ab4?s=96&d=mm&r=g\",\"contentUrl\":\"https:\\\/\\\/secure.gravatar.com\\\/avatar\\\/e71ee4642062ca191746d52b80a5c79974abf65afbc75fb64d39cebd9ddd8ab4?s=96&d=mm&r=g\",\"caption\":\"Rosario Heredia Tirado\"},\"url\":\"https:\\\/\\\/www.upo.es\\\/formacionpermanente\\\/author\\\/rhertir\\\/\"}]}<\/script>\n<!-- \/ Yoast SEO plugin. -->","yoast_head_json":{"title":"La voz en el verso: Un di\u00e1logo entre la t\u00e9cnica, la emoci\u00f3n y la esencia del arte esc\u00e9nico - Formaci\u00f3n Permanente UPO","robots":{"index":"index","follow":"follow","max-snippet":"max-snippet:-1","max-image-preview":"max-image-preview:large","max-video-preview":"max-video-preview:-1"},"canonical":"https:\/\/www.upo.es\/formacionpermanente\/la-voz-en-el-verso-un-dialogo-entre-la-tecnica-la-emocion-y-la-esencia-del-arte-escenico\/","og_locale":"es_ES","og_type":"article","og_title":"La voz en el verso: Un di\u00e1logo entre la t\u00e9cnica, la emoci\u00f3n y la esencia del arte esc\u00e9nico - Formaci\u00f3n Permanente UPO","og_description":"La sede Olavide en Carmona &#8211; Rectora Rosario Valpuesta, en el marco de la 23\u00aa edici\u00f3n de sus Cursos de Verano, ha puesto el foco en la riqueza y complejidad de la interpretaci\u00f3n vocal con la celebraci\u00f3n del curso \u201cLa interpretaci\u00f3n del verso esc\u00e9nico y po\u00e9tico. La voz hablada, la voz cantada. 3\u00aa edici\u00f3n\u201d. En [&hellip;]","og_url":"https:\/\/www.upo.es\/formacionpermanente\/la-voz-en-el-verso-un-dialogo-entre-la-tecnica-la-emocion-y-la-esencia-del-arte-escenico\/","og_site_name":"Formaci\u00f3n Permanente UPO","article_published_time":"2025-07-16T08:13:44+00:00","og_image":[{"width":1600,"height":1066,"url":"https:\/\/www.upo.es\/formacionpermanente\/wp-content\/imagenes\/uploads\/2025\/07\/Eugenio-y-Roberto.jpg","type":"image\/jpeg"}],"author":"Rosario Heredia Tirado","twitter_card":"summary_large_image","twitter_misc":{"Escrito por":"Rosario Heredia Tirado","Tiempo de lectura":"6 minutos"},"schema":{"@context":"https:\/\/schema.org","@graph":[{"@type":"Article","@id":"https:\/\/www.upo.es\/formacionpermanente\/la-voz-en-el-verso-un-dialogo-entre-la-tecnica-la-emocion-y-la-esencia-del-arte-escenico\/#article","isPartOf":{"@id":"https:\/\/www.upo.es\/formacionpermanente\/la-voz-en-el-verso-un-dialogo-entre-la-tecnica-la-emocion-y-la-esencia-del-arte-escenico\/"},"author":{"name":"Rosario Heredia Tirado","@id":"https:\/\/www.upo.es\/formacionpermanente\/#\/schema\/person\/b8a4172b1d7f0d6b60c9ad7e0cc39165"},"headline":"La voz en el verso: Un di\u00e1logo entre la t\u00e9cnica, la emoci\u00f3n y la esencia del arte esc\u00e9nico","datePublished":"2025-07-16T08:13:44+00:00","mainEntityOfPage":{"@id":"https:\/\/www.upo.es\/formacionpermanente\/la-voz-en-el-verso-un-dialogo-entre-la-tecnica-la-emocion-y-la-esencia-del-arte-escenico\/"},"wordCount":1204,"commentCount":0,"publisher":{"@id":"https:\/\/www.upo.es\/formacionpermanente\/#organization"},"image":{"@id":"https:\/\/www.upo.es\/formacionpermanente\/la-voz-en-el-verso-un-dialogo-entre-la-tecnica-la-emocion-y-la-esencia-del-arte-escenico\/#primaryimage"},"thumbnailUrl":"https:\/\/www.upo.es\/formacionpermanente\/wp-content\/imagenes\/uploads\/2025\/07\/Eugenio-y-Roberto.jpg","articleSection":["2024-2025","2025 - Semana 4","23 edici\u00f3n","Cursos de Verano","Olavide en Carmona"],"inLanguage":"es","potentialAction":[{"@type":"CommentAction","name":"Comment","target":["https:\/\/www.upo.es\/formacionpermanente\/la-voz-en-el-verso-un-dialogo-entre-la-tecnica-la-emocion-y-la-esencia-del-arte-escenico\/#respond"]}]},{"@type":"WebPage","@id":"https:\/\/www.upo.es\/formacionpermanente\/la-voz-en-el-verso-un-dialogo-entre-la-tecnica-la-emocion-y-la-esencia-del-arte-escenico\/","url":"https:\/\/www.upo.es\/formacionpermanente\/la-voz-en-el-verso-un-dialogo-entre-la-tecnica-la-emocion-y-la-esencia-del-arte-escenico\/","name":"La voz en el verso: Un di\u00e1logo entre la t\u00e9cnica, la emoci\u00f3n y la esencia del arte esc\u00e9nico - Formaci\u00f3n Permanente UPO","isPartOf":{"@id":"https:\/\/www.upo.es\/formacionpermanente\/#website"},"primaryImageOfPage":{"@id":"https:\/\/www.upo.es\/formacionpermanente\/la-voz-en-el-verso-un-dialogo-entre-la-tecnica-la-emocion-y-la-esencia-del-arte-escenico\/#primaryimage"},"image":{"@id":"https:\/\/www.upo.es\/formacionpermanente\/la-voz-en-el-verso-un-dialogo-entre-la-tecnica-la-emocion-y-la-esencia-del-arte-escenico\/#primaryimage"},"thumbnailUrl":"https:\/\/www.upo.es\/formacionpermanente\/wp-content\/imagenes\/uploads\/2025\/07\/Eugenio-y-Roberto.jpg","datePublished":"2025-07-16T08:13:44+00:00","breadcrumb":{"@id":"https:\/\/www.upo.es\/formacionpermanente\/la-voz-en-el-verso-un-dialogo-entre-la-tecnica-la-emocion-y-la-esencia-del-arte-escenico\/#breadcrumb"},"inLanguage":"es","potentialAction":[{"@type":"ReadAction","target":["https:\/\/www.upo.es\/formacionpermanente\/la-voz-en-el-verso-un-dialogo-entre-la-tecnica-la-emocion-y-la-esencia-del-arte-escenico\/"]}]},{"@type":"ImageObject","inLanguage":"es","@id":"https:\/\/www.upo.es\/formacionpermanente\/la-voz-en-el-verso-un-dialogo-entre-la-tecnica-la-emocion-y-la-esencia-del-arte-escenico\/#primaryimage","url":"https:\/\/www.upo.es\/formacionpermanente\/wp-content\/imagenes\/uploads\/2025\/07\/Eugenio-y-Roberto.jpg","contentUrl":"https:\/\/www.upo.es\/formacionpermanente\/wp-content\/imagenes\/uploads\/2025\/07\/Eugenio-y-Roberto.jpg","width":1600,"height":1066},{"@type":"BreadcrumbList","@id":"https:\/\/www.upo.es\/formacionpermanente\/la-voz-en-el-verso-un-dialogo-entre-la-tecnica-la-emocion-y-la-esencia-del-arte-escenico\/#breadcrumb","itemListElement":[{"@type":"ListItem","position":1,"name":"Portada","item":"https:\/\/www.upo.es\/formacionpermanente\/"},{"@type":"ListItem","position":2,"name":"La voz en el verso: Un di\u00e1logo entre la t\u00e9cnica, la emoci\u00f3n y la esencia del arte esc\u00e9nico"}]},{"@type":"WebSite","@id":"https:\/\/www.upo.es\/formacionpermanente\/#website","url":"https:\/\/www.upo.es\/formacionpermanente\/","name":"Formaci\u00f3n Permanente UPO","description":"T\u00edtulos Propios, Microcredenciales, Cursos de Verano","publisher":{"@id":"https:\/\/www.upo.es\/formacionpermanente\/#organization"},"potentialAction":[{"@type":"SearchAction","target":{"@type":"EntryPoint","urlTemplate":"https:\/\/www.upo.es\/formacionpermanente\/?s={search_term_string}"},"query-input":{"@type":"PropertyValueSpecification","valueRequired":true,"valueName":"search_term_string"}}],"inLanguage":"es"},{"@type":"Organization","@id":"https:\/\/www.upo.es\/formacionpermanente\/#organization","name":"Formaci\u00f3n Permanente Universidad Pablo de Olavide","alternateName":"Formaci\u00f3n Permanente UPO","url":"https:\/\/www.upo.es\/formacionpermanente\/","logo":{"@type":"ImageObject","inLanguage":"es","@id":"https:\/\/www.upo.es\/formacionpermanente\/#\/schema\/logo\/image\/","url":"https:\/\/www.upo.es\/formacionpermanente\/wp-content\/imagenes\/uploads\/2023\/02\/Logo-UPO-azul-amarillo-horizontal.png","contentUrl":"https:\/\/www.upo.es\/formacionpermanente\/wp-content\/imagenes\/uploads\/2023\/02\/Logo-UPO-azul-amarillo-horizontal.png","width":1000,"height":407,"caption":"Formaci\u00f3n Permanente Universidad Pablo de Olavide"},"image":{"@id":"https:\/\/www.upo.es\/formacionpermanente\/#\/schema\/logo\/image\/"}},{"@type":"Person","@id":"https:\/\/www.upo.es\/formacionpermanente\/#\/schema\/person\/b8a4172b1d7f0d6b60c9ad7e0cc39165","name":"Rosario Heredia Tirado","image":{"@type":"ImageObject","inLanguage":"es","@id":"https:\/\/secure.gravatar.com\/avatar\/e71ee4642062ca191746d52b80a5c79974abf65afbc75fb64d39cebd9ddd8ab4?s=96&d=mm&r=g","url":"https:\/\/secure.gravatar.com\/avatar\/e71ee4642062ca191746d52b80a5c79974abf65afbc75fb64d39cebd9ddd8ab4?s=96&d=mm&r=g","contentUrl":"https:\/\/secure.gravatar.com\/avatar\/e71ee4642062ca191746d52b80a5c79974abf65afbc75fb64d39cebd9ddd8ab4?s=96&d=mm&r=g","caption":"Rosario Heredia Tirado"},"url":"https:\/\/www.upo.es\/formacionpermanente\/author\/rhertir\/"}]}},"_links":{"self":[{"href":"https:\/\/www.upo.es\/formacionpermanente\/wp-json\/wp\/v2\/posts\/48153","targetHints":{"allow":["GET"]}}],"collection":[{"href":"https:\/\/www.upo.es\/formacionpermanente\/wp-json\/wp\/v2\/posts"}],"about":[{"href":"https:\/\/www.upo.es\/formacionpermanente\/wp-json\/wp\/v2\/types\/post"}],"author":[{"embeddable":true,"href":"https:\/\/www.upo.es\/formacionpermanente\/wp-json\/wp\/v2\/users\/13"}],"replies":[{"embeddable":true,"href":"https:\/\/www.upo.es\/formacionpermanente\/wp-json\/wp\/v2\/comments?post=48153"}],"version-history":[{"count":1,"href":"https:\/\/www.upo.es\/formacionpermanente\/wp-json\/wp\/v2\/posts\/48153\/revisions"}],"predecessor-version":[{"id":48155,"href":"https:\/\/www.upo.es\/formacionpermanente\/wp-json\/wp\/v2\/posts\/48153\/revisions\/48155"}],"wp:featuredmedia":[{"embeddable":true,"href":"https:\/\/www.upo.es\/formacionpermanente\/wp-json\/wp\/v2\/media\/48154"}],"wp:attachment":[{"href":"https:\/\/www.upo.es\/formacionpermanente\/wp-json\/wp\/v2\/media?parent=48153"}],"wp:term":[{"taxonomy":"category","embeddable":true,"href":"https:\/\/www.upo.es\/formacionpermanente\/wp-json\/wp\/v2\/categories?post=48153"},{"taxonomy":"post_tag","embeddable":true,"href":"https:\/\/www.upo.es\/formacionpermanente\/wp-json\/wp\/v2\/tags?post=48153"}],"curies":[{"name":"wp","href":"https:\/\/api.w.org\/{rel}","templated":true}]}}