{"id":48348,"date":"2025-07-16T10:11:45","date_gmt":"2025-07-16T08:11:45","guid":{"rendered":"https:\/\/www.upo.es\/formacionpermanente\/?p=48348"},"modified":"2025-07-22T10:55:59","modified_gmt":"2025-07-22T08:55:59","slug":"experto-apuesta-en-la-upo-por-una-formacion-cultural-critica-y-colaborativa-frente-al-reto-tecnologico-de-la-ia","status":"publish","type":"post","link":"https:\/\/www.upo.es\/formacionpermanente\/experto-apuesta-en-la-upo-por-una-formacion-cultural-critica-y-colaborativa-frente-al-reto-tecnologico-de-la-ia\/","title":{"rendered":"Experto apuesta en la UPO por una formaci\u00f3n cultural \u00abcr\u00edtica y colaborativa\u00bb frente al reto tecnol\u00f3gico de la IA"},"content":{"rendered":"<p><span style=\"font-weight: 400;\">El experto en Gesti\u00f3n de Proyectos Culturales y Transformaci\u00f3n Organizacional y t\u00e9cnico del \u00e1rea de Industrias culturales y creativas de la Agencia Andaluza de Instituciones Culturales Francisco Miguel L\u00f3pez, ha dirigido uno de los Cursos de Verano &#8211;&#8216;Innovaci\u00f3n Cultural: Design Thinking con Inteligencia Articial&#8217;&#8211; de la UPO donde ha apostado por \u00abformar habilidades cr\u00edticas y colaborativas\u00bb en un entorno de transformaci\u00f3n tecnol\u00f3gica. La tecnolog\u00eda ha transformado profundamente todos los sectores, incluida la cultura; y para responder a este cambio L\u00f3pez ha defendido un modelo de formaci\u00f3n donde \u00abno se limita al aprendizaje t\u00e9cnico\u00bb, sino que \u00abpromueve el pensamiento estrat\u00e9gico, creativo y adaptado a las realidades del sector\u00bb.<\/span><\/p>\n<p><span style=\"font-weight: 400;\">As\u00ed, en una entrevista condedida a Europa Press, el experto ha explicado que \u00abhace ya m\u00e1s de quince a\u00f1os que detectamos la necesidad de actualizar la formaci\u00f3n en el \u00e1mbito cultural. Nos inspiramos en metodolog\u00edas de otros sectores para aplicarlas a nuestras particularidades\u00bb. Por ello, ha surgido as\u00ed la idea de introducir el &#8216;Design Thinking&#8217; &#8211;una forma de pensar centrada en la innovaci\u00f3n colaborativa&#8211; y, m\u00e1s recientemente, la inteligencia articial, como \u00abherramientas clave para afrontar los retos del presente\u00bb. Para L\u00f3pez, uno de los problemas fundamentales del sector es la saturaci\u00f3n informativa, ya que \u00abhay mucha accesibilidad, pero poca calidad. El reto es aprender a ltrar, a discernir, a priorizar lo relevante. La formaci\u00f3n que proponemos no va de apretar botones, sino de entrenar habilidades que nos permitan manejar esa complejidad\u00bb.\u00a0<\/span><\/p>\n<p><span style=\"font-weight: 400;\">UNA FORMACI\u00d3N HORIZONTAL PARA UNA CULTURA \u00abM\u00c1S \u00c1GIL Y COLABORATIVA\u00bb\u00a0<\/span><\/p>\n<p><span style=\"font-weight: 400;\">Una de las claves del \u00e9xito del curso radica en su \u00abformato colaborativo y pr\u00e1ctico\u00bb, que permite \u00abadaptarse\u00bb a los distintos niveles del alumnado. \u00abTenemos desde profesionales con alta competencia digital hasta gestoras culturales que est\u00e1n dando sus primeros pasos en estas herramientas. Por eso optamos por una ense\u00f1anza horizontal, donde todos aprenden de todos\u00bb, ha sostenido. Este enfoque ha dado lugar a proyectos singulares como el &#8216;Proyecto Puchero&#8217;, inspirado en la cocina tradicional y la memoria familiar, logrando convertir un ritual cotidiano en una propuesta cultural innovadora, gracias a la aplicaci\u00f3n del &#8216;Design Thinking&#8217;. \u00abFue un ejemplo claro de c\u00f3mo una metodolog\u00eda puede detectar oportunidades donde antes solo ve\u00edamos rutina\u00bb, ha se\u00f1alado. En cuanto al papel de la IA en la cultura, L\u00f3pez distingue dos usos, el orientado a la productividad, \u00abque optimiza tiempos y recursos\u00bb; y el creativo, todav\u00eda \u00aben proceso de consolidaci\u00f3n\u00bb. <\/span><\/p>\n<p><span style=\"font-weight: 400;\">\u00abLa inteligencia articial puede ayudarte a hacer en una ma\u00f1ana lo que antes tardabas una semana, y eso te libera para crear. Pero en el \u00e1mbito art\u00edstico a\u00fan est\u00e1 verde. Solo quienes llevan muchos a\u00f1os trabajando con estas herramientas consiguen resultados relevantes\u00bb, ha aclarado. No obstante, ha advertido del riesgo de dependencia ya que \u00abla IA quiere que est\u00e9s m\u00e1s tiempo con ella. Si no sabes ponerle l\u00edmites, puedes perder el foco. Para un gestor cultural, eso es peligroso. Lo importante es saber cu\u00e1ndo y c\u00f3mo usarla\u00bb. <\/span><\/p>\n<p><span style=\"font-weight: 400;\">LA INTELIGENCIA ARTIFICIAL COMO OPORTUNIDAD, NO COMO AMENAZA\u00a0<\/span><\/p>\n<p><span style=\"font-weight: 400;\">De cara al futuro, L\u00f3pez ha defendido que \u00abla innovaci\u00f3n cultural no puede prescindir de las metodolog\u00edas \u00e1giles ni de las tecnolog\u00edas emergentes\u00bb, pero debe aplicarlas con \u00abinteligencia y sensibilidad\u00bb. \u00abNo todos tenemos que avanzar al mismo ritmo. Lo importante no es correr, sino resolver de la mejor manera posible lo que necesitas\u00bb, ha armado. <\/span><\/p>\n<p><span style=\"font-weight: 400;\">Herramientas como ChatGPT, Canva o Miro &#8211;presentes en el curso&#8211; se analizan desde esta perspectiva. \u00abLo que antes tard\u00e1bamos d\u00edas en producir, ahora se resuelve en horas. Eso nos devuelve tiempo y energ\u00eda para lo esencial: imaginar, dise\u00f1ar y construir cultura con impacto\u00bb, ha sostenido. Con una propuesta pedag\u00f3gica basada en \u00abla escucha activa, la adaptaci\u00f3n al entorno y la creaci\u00f3n colectiva\u00bb, el curso de la Universidad Pablo de Olavide se consolida como un espacio donde la cultura y la tecnolog\u00eda \u00abpueden dialogar sin miedo\u00bb. \u00abLa clave est\u00e1 en dominar la herramienta, no en dejarse dominar por ella\u00bb, ha concluido el experto.\u00a0<\/span><\/p>\n<p>Fuente: Europa Press<\/p>\n","protected":false},"excerpt":{"rendered":"<p>El experto en Gesti\u00f3n de Proyectos Culturales y Transformaci\u00f3n Organizacional y t\u00e9cnico del \u00e1rea de Industrias culturales y creativas de la Agencia Andaluza de Instituciones Culturales Francisco Miguel L\u00f3pez, ha dirigido uno de los Cursos de Verano &#8211;&#8216;Innovaci\u00f3n Cultural: Design Thinking con Inteligencia Articial&#8217;&#8211; de la UPO donde ha apostado por \u00abformar habilidades cr\u00edticas y [&hellip;]<\/p>\n","protected":false},"author":13,"featured_media":48359,"comment_status":"open","ping_status":"open","sticky":false,"template":"","format":"standard","meta":{"_acf_changed":false,"site-sidebar-layout":"default","site-content-layout":"","ast-site-content-layout":"default","site-content-style":"default","site-sidebar-style":"default","ast-global-header-display":"","ast-banner-title-visibility":"","ast-main-header-display":"","ast-hfb-above-header-display":"","ast-hfb-below-header-display":"","ast-hfb-mobile-header-display":"","site-post-title":"","ast-breadcrumbs-content":"","ast-featured-img":"","footer-sml-layout":"","ast-disable-related-posts":"","theme-transparent-header-meta":"default","adv-header-id-meta":"","stick-header-meta":"default","header-above-stick-meta":"","header-main-stick-meta":"","header-below-stick-meta":"","astra-migrate-meta-layouts":"set","ast-page-background-enabled":"default","ast-page-background-meta":{"desktop":{"background-color":"var(--ast-global-color-4)","background-image":"","background-repeat":"repeat","background-position":"center center","background-size":"auto","background-attachment":"scroll","background-type":"","background-media":"","overlay-type":"","overlay-color":"","overlay-opacity":"","overlay-gradient":""},"tablet":{"background-color":"","background-image":"","background-repeat":"repeat","background-position":"center center","background-size":"auto","background-attachment":"scroll","background-type":"","background-media":"","overlay-type":"","overlay-color":"","overlay-opacity":"","overlay-gradient":""},"mobile":{"background-color":"","background-image":"","background-repeat":"repeat","background-position":"center center","background-size":"auto","background-attachment":"scroll","background-type":"","background-media":"","overlay-type":"","overlay-color":"","overlay-opacity":"","overlay-gradient":""}},"ast-content-background-meta":{"desktop":{"background-color":"var(--ast-global-color-5)","background-image":"","background-repeat":"repeat","background-position":"center center","background-size":"auto","background-attachment":"scroll","background-type":"","background-media":"","overlay-type":"","overlay-color":"","overlay-opacity":"","overlay-gradient":""},"tablet":{"background-color":"var(--ast-global-color-5)","background-image":"","background-repeat":"repeat","background-position":"center center","background-size":"auto","background-attachment":"scroll","background-type":"","background-media":"","overlay-type":"","overlay-color":"","overlay-opacity":"","overlay-gradient":""},"mobile":{"background-color":"var(--ast-global-color-5)","background-image":"","background-repeat":"repeat","background-position":"center center","background-size":"auto","background-attachment":"scroll","background-type":"","background-media":"","overlay-type":"","overlay-color":"","overlay-opacity":"","overlay-gradient":""}},"footnotes":""},"categories":[710,631,706,16,698],"tags":[],"class_list":["post-48348","post","type-post","status-publish","format-standard","has-post-thumbnail","hentry","category-semana-4-23-edicion","category-2025-2026","category-23-edicion","category-cursos-de-verano","category-olavide-en-carmona"],"acf":[],"yoast_head":"<!-- This site is optimized with the Yoast SEO plugin v27.3 - https:\/\/yoast.com\/product\/yoast-seo-wordpress\/ -->\n<title>Experto apuesta en la UPO por una formaci\u00f3n cultural &quot;cr\u00edtica y colaborativa&quot; frente al reto tecnol\u00f3gico de la IA - Formaci\u00f3n Permanente UPO<\/title>\n<meta name=\"robots\" content=\"index, follow, max-snippet:-1, max-image-preview:large, max-video-preview:-1\" \/>\n<link rel=\"canonical\" href=\"https:\/\/www.upo.es\/formacionpermanente\/experto-apuesta-en-la-upo-por-una-formacion-cultural-critica-y-colaborativa-frente-al-reto-tecnologico-de-la-ia\/\" \/>\n<meta property=\"og:locale\" content=\"es_ES\" \/>\n<meta property=\"og:type\" content=\"article\" \/>\n<meta property=\"og:title\" content=\"Experto apuesta en la UPO por una formaci\u00f3n cultural &quot;cr\u00edtica y colaborativa&quot; frente al reto tecnol\u00f3gico de la IA - Formaci\u00f3n Permanente UPO\" \/>\n<meta property=\"og:description\" content=\"El experto en Gesti\u00f3n de Proyectos Culturales y Transformaci\u00f3n Organizacional y t\u00e9cnico del \u00e1rea de Industrias culturales y creativas de la Agencia Andaluza de Instituciones Culturales Francisco Miguel L\u00f3pez, ha dirigido uno de los Cursos de Verano &#8211;&#8216;Innovaci\u00f3n Cultural: Design Thinking con Inteligencia Articial&#8217;&#8211; de la UPO donde ha apostado por \u00abformar habilidades cr\u00edticas y [&hellip;]\" \/>\n<meta property=\"og:url\" content=\"https:\/\/www.upo.es\/formacionpermanente\/experto-apuesta-en-la-upo-por-una-formacion-cultural-critica-y-colaborativa-frente-al-reto-tecnologico-de-la-ia\/\" \/>\n<meta property=\"og:site_name\" content=\"Formaci\u00f3n Permanente UPO\" \/>\n<meta property=\"article:published_time\" content=\"2025-07-16T08:11:45+00:00\" \/>\n<meta property=\"article:modified_time\" content=\"2025-07-22T08:55:59+00:00\" \/>\n<meta property=\"og:image\" content=\"https:\/\/www.upo.es\/formacionpermanente\/wp-content\/imagenes\/uploads\/2025\/07\/44c4d00f-8bb0-4536-b960-3d8960842bd6.jpg\" \/>\n\t<meta property=\"og:image:width\" content=\"1600\" \/>\n\t<meta property=\"og:image:height\" content=\"1066\" \/>\n\t<meta property=\"og:image:type\" content=\"image\/jpeg\" \/>\n<meta name=\"author\" content=\"Rosario Heredia Tirado\" \/>\n<meta name=\"twitter:card\" content=\"summary_large_image\" \/>\n<meta name=\"twitter:label1\" content=\"Escrito por\" \/>\n\t<meta name=\"twitter:data1\" content=\"Rosario Heredia Tirado\" \/>\n\t<meta name=\"twitter:label2\" content=\"Tiempo de lectura\" \/>\n\t<meta name=\"twitter:data2\" content=\"4 minutos\" \/>\n<script type=\"application\/ld+json\" class=\"yoast-schema-graph\">{\"@context\":\"https:\\\/\\\/schema.org\",\"@graph\":[{\"@type\":\"Article\",\"@id\":\"https:\\\/\\\/www.upo.es\\\/formacionpermanente\\\/experto-apuesta-en-la-upo-por-una-formacion-cultural-critica-y-colaborativa-frente-al-reto-tecnologico-de-la-ia\\\/#article\",\"isPartOf\":{\"@id\":\"https:\\\/\\\/www.upo.es\\\/formacionpermanente\\\/experto-apuesta-en-la-upo-por-una-formacion-cultural-critica-y-colaborativa-frente-al-reto-tecnologico-de-la-ia\\\/\"},\"author\":{\"name\":\"Rosario Heredia Tirado\",\"@id\":\"https:\\\/\\\/www.upo.es\\\/formacionpermanente\\\/#\\\/schema\\\/person\\\/b8a4172b1d7f0d6b60c9ad7e0cc39165\"},\"headline\":\"Experto apuesta en la UPO por una formaci\u00f3n cultural \u00abcr\u00edtica y colaborativa\u00bb frente al reto tecnol\u00f3gico de la IA\",\"datePublished\":\"2025-07-16T08:11:45+00:00\",\"dateModified\":\"2025-07-22T08:55:59+00:00\",\"mainEntityOfPage\":{\"@id\":\"https:\\\/\\\/www.upo.es\\\/formacionpermanente\\\/experto-apuesta-en-la-upo-por-una-formacion-cultural-critica-y-colaborativa-frente-al-reto-tecnologico-de-la-ia\\\/\"},\"wordCount\":728,\"commentCount\":0,\"publisher\":{\"@id\":\"https:\\\/\\\/www.upo.es\\\/formacionpermanente\\\/#organization\"},\"image\":{\"@id\":\"https:\\\/\\\/www.upo.es\\\/formacionpermanente\\\/experto-apuesta-en-la-upo-por-una-formacion-cultural-critica-y-colaborativa-frente-al-reto-tecnologico-de-la-ia\\\/#primaryimage\"},\"thumbnailUrl\":\"https:\\\/\\\/www.upo.es\\\/formacionpermanente\\\/wp-content\\\/imagenes\\\/uploads\\\/2025\\\/07\\\/44c4d00f-8bb0-4536-b960-3d8960842bd6.jpg\",\"articleSection\":[\"2025 - Semana 4\",\"2025-2026\",\"23 edici\u00f3n\",\"Cursos de Verano\",\"Olavide en Carmona\"],\"inLanguage\":\"es\",\"potentialAction\":[{\"@type\":\"CommentAction\",\"name\":\"Comment\",\"target\":[\"https:\\\/\\\/www.upo.es\\\/formacionpermanente\\\/experto-apuesta-en-la-upo-por-una-formacion-cultural-critica-y-colaborativa-frente-al-reto-tecnologico-de-la-ia\\\/#respond\"]}]},{\"@type\":\"WebPage\",\"@id\":\"https:\\\/\\\/www.upo.es\\\/formacionpermanente\\\/experto-apuesta-en-la-upo-por-una-formacion-cultural-critica-y-colaborativa-frente-al-reto-tecnologico-de-la-ia\\\/\",\"url\":\"https:\\\/\\\/www.upo.es\\\/formacionpermanente\\\/experto-apuesta-en-la-upo-por-una-formacion-cultural-critica-y-colaborativa-frente-al-reto-tecnologico-de-la-ia\\\/\",\"name\":\"Experto apuesta en la UPO por una formaci\u00f3n cultural \\\"cr\u00edtica y colaborativa\\\" frente al reto tecnol\u00f3gico de la IA - Formaci\u00f3n Permanente UPO\",\"isPartOf\":{\"@id\":\"https:\\\/\\\/www.upo.es\\\/formacionpermanente\\\/#website\"},\"primaryImageOfPage\":{\"@id\":\"https:\\\/\\\/www.upo.es\\\/formacionpermanente\\\/experto-apuesta-en-la-upo-por-una-formacion-cultural-critica-y-colaborativa-frente-al-reto-tecnologico-de-la-ia\\\/#primaryimage\"},\"image\":{\"@id\":\"https:\\\/\\\/www.upo.es\\\/formacionpermanente\\\/experto-apuesta-en-la-upo-por-una-formacion-cultural-critica-y-colaborativa-frente-al-reto-tecnologico-de-la-ia\\\/#primaryimage\"},\"thumbnailUrl\":\"https:\\\/\\\/www.upo.es\\\/formacionpermanente\\\/wp-content\\\/imagenes\\\/uploads\\\/2025\\\/07\\\/44c4d00f-8bb0-4536-b960-3d8960842bd6.jpg\",\"datePublished\":\"2025-07-16T08:11:45+00:00\",\"dateModified\":\"2025-07-22T08:55:59+00:00\",\"breadcrumb\":{\"@id\":\"https:\\\/\\\/www.upo.es\\\/formacionpermanente\\\/experto-apuesta-en-la-upo-por-una-formacion-cultural-critica-y-colaborativa-frente-al-reto-tecnologico-de-la-ia\\\/#breadcrumb\"},\"inLanguage\":\"es\",\"potentialAction\":[{\"@type\":\"ReadAction\",\"target\":[\"https:\\\/\\\/www.upo.es\\\/formacionpermanente\\\/experto-apuesta-en-la-upo-por-una-formacion-cultural-critica-y-colaborativa-frente-al-reto-tecnologico-de-la-ia\\\/\"]}]},{\"@type\":\"ImageObject\",\"inLanguage\":\"es\",\"@id\":\"https:\\\/\\\/www.upo.es\\\/formacionpermanente\\\/experto-apuesta-en-la-upo-por-una-formacion-cultural-critica-y-colaborativa-frente-al-reto-tecnologico-de-la-ia\\\/#primaryimage\",\"url\":\"https:\\\/\\\/www.upo.es\\\/formacionpermanente\\\/wp-content\\\/imagenes\\\/uploads\\\/2025\\\/07\\\/44c4d00f-8bb0-4536-b960-3d8960842bd6.jpg\",\"contentUrl\":\"https:\\\/\\\/www.upo.es\\\/formacionpermanente\\\/wp-content\\\/imagenes\\\/uploads\\\/2025\\\/07\\\/44c4d00f-8bb0-4536-b960-3d8960842bd6.jpg\",\"width\":1600,\"height\":1066},{\"@type\":\"BreadcrumbList\",\"@id\":\"https:\\\/\\\/www.upo.es\\\/formacionpermanente\\\/experto-apuesta-en-la-upo-por-una-formacion-cultural-critica-y-colaborativa-frente-al-reto-tecnologico-de-la-ia\\\/#breadcrumb\",\"itemListElement\":[{\"@type\":\"ListItem\",\"position\":1,\"name\":\"Portada\",\"item\":\"https:\\\/\\\/www.upo.es\\\/formacionpermanente\\\/\"},{\"@type\":\"ListItem\",\"position\":2,\"name\":\"Experto apuesta en la UPO por una formaci\u00f3n cultural \u00abcr\u00edtica y colaborativa\u00bb frente al reto tecnol\u00f3gico de la IA\"}]},{\"@type\":\"WebSite\",\"@id\":\"https:\\\/\\\/www.upo.es\\\/formacionpermanente\\\/#website\",\"url\":\"https:\\\/\\\/www.upo.es\\\/formacionpermanente\\\/\",\"name\":\"Formaci\u00f3n Permanente UPO\",\"description\":\"T\u00edtulos Propios, Microcredenciales, Cursos de Verano\",\"publisher\":{\"@id\":\"https:\\\/\\\/www.upo.es\\\/formacionpermanente\\\/#organization\"},\"potentialAction\":[{\"@type\":\"SearchAction\",\"target\":{\"@type\":\"EntryPoint\",\"urlTemplate\":\"https:\\\/\\\/www.upo.es\\\/formacionpermanente\\\/?s={search_term_string}\"},\"query-input\":{\"@type\":\"PropertyValueSpecification\",\"valueRequired\":true,\"valueName\":\"search_term_string\"}}],\"inLanguage\":\"es\"},{\"@type\":\"Organization\",\"@id\":\"https:\\\/\\\/www.upo.es\\\/formacionpermanente\\\/#organization\",\"name\":\"Formaci\u00f3n Permanente Universidad Pablo de Olavide\",\"alternateName\":\"Formaci\u00f3n Permanente UPO\",\"url\":\"https:\\\/\\\/www.upo.es\\\/formacionpermanente\\\/\",\"logo\":{\"@type\":\"ImageObject\",\"inLanguage\":\"es\",\"@id\":\"https:\\\/\\\/www.upo.es\\\/formacionpermanente\\\/#\\\/schema\\\/logo\\\/image\\\/\",\"url\":\"https:\\\/\\\/www.upo.es\\\/formacionpermanente\\\/wp-content\\\/imagenes\\\/uploads\\\/2023\\\/02\\\/Logo-UPO-azul-amarillo-horizontal.png\",\"contentUrl\":\"https:\\\/\\\/www.upo.es\\\/formacionpermanente\\\/wp-content\\\/imagenes\\\/uploads\\\/2023\\\/02\\\/Logo-UPO-azul-amarillo-horizontal.png\",\"width\":1000,\"height\":407,\"caption\":\"Formaci\u00f3n Permanente Universidad Pablo de Olavide\"},\"image\":{\"@id\":\"https:\\\/\\\/www.upo.es\\\/formacionpermanente\\\/#\\\/schema\\\/logo\\\/image\\\/\"}},{\"@type\":\"Person\",\"@id\":\"https:\\\/\\\/www.upo.es\\\/formacionpermanente\\\/#\\\/schema\\\/person\\\/b8a4172b1d7f0d6b60c9ad7e0cc39165\",\"name\":\"Rosario Heredia Tirado\",\"image\":{\"@type\":\"ImageObject\",\"inLanguage\":\"es\",\"@id\":\"https:\\\/\\\/secure.gravatar.com\\\/avatar\\\/e71ee4642062ca191746d52b80a5c79974abf65afbc75fb64d39cebd9ddd8ab4?s=96&d=mm&r=g\",\"url\":\"https:\\\/\\\/secure.gravatar.com\\\/avatar\\\/e71ee4642062ca191746d52b80a5c79974abf65afbc75fb64d39cebd9ddd8ab4?s=96&d=mm&r=g\",\"contentUrl\":\"https:\\\/\\\/secure.gravatar.com\\\/avatar\\\/e71ee4642062ca191746d52b80a5c79974abf65afbc75fb64d39cebd9ddd8ab4?s=96&d=mm&r=g\",\"caption\":\"Rosario Heredia Tirado\"},\"url\":\"https:\\\/\\\/www.upo.es\\\/formacionpermanente\\\/author\\\/rhertir\\\/\"}]}<\/script>\n<!-- \/ Yoast SEO plugin. -->","yoast_head_json":{"title":"Experto apuesta en la UPO por una formaci\u00f3n cultural \"cr\u00edtica y colaborativa\" frente al reto tecnol\u00f3gico de la IA - Formaci\u00f3n Permanente UPO","robots":{"index":"index","follow":"follow","max-snippet":"max-snippet:-1","max-image-preview":"max-image-preview:large","max-video-preview":"max-video-preview:-1"},"canonical":"https:\/\/www.upo.es\/formacionpermanente\/experto-apuesta-en-la-upo-por-una-formacion-cultural-critica-y-colaborativa-frente-al-reto-tecnologico-de-la-ia\/","og_locale":"es_ES","og_type":"article","og_title":"Experto apuesta en la UPO por una formaci\u00f3n cultural \"cr\u00edtica y colaborativa\" frente al reto tecnol\u00f3gico de la IA - Formaci\u00f3n Permanente UPO","og_description":"El experto en Gesti\u00f3n de Proyectos Culturales y Transformaci\u00f3n Organizacional y t\u00e9cnico del \u00e1rea de Industrias culturales y creativas de la Agencia Andaluza de Instituciones Culturales Francisco Miguel L\u00f3pez, ha dirigido uno de los Cursos de Verano &#8211;&#8216;Innovaci\u00f3n Cultural: Design Thinking con Inteligencia Articial&#8217;&#8211; de la UPO donde ha apostado por \u00abformar habilidades cr\u00edticas y [&hellip;]","og_url":"https:\/\/www.upo.es\/formacionpermanente\/experto-apuesta-en-la-upo-por-una-formacion-cultural-critica-y-colaborativa-frente-al-reto-tecnologico-de-la-ia\/","og_site_name":"Formaci\u00f3n Permanente UPO","article_published_time":"2025-07-16T08:11:45+00:00","article_modified_time":"2025-07-22T08:55:59+00:00","og_image":[{"width":1600,"height":1066,"url":"https:\/\/www.upo.es\/formacionpermanente\/wp-content\/imagenes\/uploads\/2025\/07\/44c4d00f-8bb0-4536-b960-3d8960842bd6.jpg","type":"image\/jpeg"}],"author":"Rosario Heredia Tirado","twitter_card":"summary_large_image","twitter_misc":{"Escrito por":"Rosario Heredia Tirado","Tiempo de lectura":"4 minutos"},"schema":{"@context":"https:\/\/schema.org","@graph":[{"@type":"Article","@id":"https:\/\/www.upo.es\/formacionpermanente\/experto-apuesta-en-la-upo-por-una-formacion-cultural-critica-y-colaborativa-frente-al-reto-tecnologico-de-la-ia\/#article","isPartOf":{"@id":"https:\/\/www.upo.es\/formacionpermanente\/experto-apuesta-en-la-upo-por-una-formacion-cultural-critica-y-colaborativa-frente-al-reto-tecnologico-de-la-ia\/"},"author":{"name":"Rosario Heredia Tirado","@id":"https:\/\/www.upo.es\/formacionpermanente\/#\/schema\/person\/b8a4172b1d7f0d6b60c9ad7e0cc39165"},"headline":"Experto apuesta en la UPO por una formaci\u00f3n cultural \u00abcr\u00edtica y colaborativa\u00bb frente al reto tecnol\u00f3gico de la IA","datePublished":"2025-07-16T08:11:45+00:00","dateModified":"2025-07-22T08:55:59+00:00","mainEntityOfPage":{"@id":"https:\/\/www.upo.es\/formacionpermanente\/experto-apuesta-en-la-upo-por-una-formacion-cultural-critica-y-colaborativa-frente-al-reto-tecnologico-de-la-ia\/"},"wordCount":728,"commentCount":0,"publisher":{"@id":"https:\/\/www.upo.es\/formacionpermanente\/#organization"},"image":{"@id":"https:\/\/www.upo.es\/formacionpermanente\/experto-apuesta-en-la-upo-por-una-formacion-cultural-critica-y-colaborativa-frente-al-reto-tecnologico-de-la-ia\/#primaryimage"},"thumbnailUrl":"https:\/\/www.upo.es\/formacionpermanente\/wp-content\/imagenes\/uploads\/2025\/07\/44c4d00f-8bb0-4536-b960-3d8960842bd6.jpg","articleSection":["2025 - Semana 4","2025-2026","23 edici\u00f3n","Cursos de Verano","Olavide en Carmona"],"inLanguage":"es","potentialAction":[{"@type":"CommentAction","name":"Comment","target":["https:\/\/www.upo.es\/formacionpermanente\/experto-apuesta-en-la-upo-por-una-formacion-cultural-critica-y-colaborativa-frente-al-reto-tecnologico-de-la-ia\/#respond"]}]},{"@type":"WebPage","@id":"https:\/\/www.upo.es\/formacionpermanente\/experto-apuesta-en-la-upo-por-una-formacion-cultural-critica-y-colaborativa-frente-al-reto-tecnologico-de-la-ia\/","url":"https:\/\/www.upo.es\/formacionpermanente\/experto-apuesta-en-la-upo-por-una-formacion-cultural-critica-y-colaborativa-frente-al-reto-tecnologico-de-la-ia\/","name":"Experto apuesta en la UPO por una formaci\u00f3n cultural \"cr\u00edtica y colaborativa\" frente al reto tecnol\u00f3gico de la IA - Formaci\u00f3n Permanente UPO","isPartOf":{"@id":"https:\/\/www.upo.es\/formacionpermanente\/#website"},"primaryImageOfPage":{"@id":"https:\/\/www.upo.es\/formacionpermanente\/experto-apuesta-en-la-upo-por-una-formacion-cultural-critica-y-colaborativa-frente-al-reto-tecnologico-de-la-ia\/#primaryimage"},"image":{"@id":"https:\/\/www.upo.es\/formacionpermanente\/experto-apuesta-en-la-upo-por-una-formacion-cultural-critica-y-colaborativa-frente-al-reto-tecnologico-de-la-ia\/#primaryimage"},"thumbnailUrl":"https:\/\/www.upo.es\/formacionpermanente\/wp-content\/imagenes\/uploads\/2025\/07\/44c4d00f-8bb0-4536-b960-3d8960842bd6.jpg","datePublished":"2025-07-16T08:11:45+00:00","dateModified":"2025-07-22T08:55:59+00:00","breadcrumb":{"@id":"https:\/\/www.upo.es\/formacionpermanente\/experto-apuesta-en-la-upo-por-una-formacion-cultural-critica-y-colaborativa-frente-al-reto-tecnologico-de-la-ia\/#breadcrumb"},"inLanguage":"es","potentialAction":[{"@type":"ReadAction","target":["https:\/\/www.upo.es\/formacionpermanente\/experto-apuesta-en-la-upo-por-una-formacion-cultural-critica-y-colaborativa-frente-al-reto-tecnologico-de-la-ia\/"]}]},{"@type":"ImageObject","inLanguage":"es","@id":"https:\/\/www.upo.es\/formacionpermanente\/experto-apuesta-en-la-upo-por-una-formacion-cultural-critica-y-colaborativa-frente-al-reto-tecnologico-de-la-ia\/#primaryimage","url":"https:\/\/www.upo.es\/formacionpermanente\/wp-content\/imagenes\/uploads\/2025\/07\/44c4d00f-8bb0-4536-b960-3d8960842bd6.jpg","contentUrl":"https:\/\/www.upo.es\/formacionpermanente\/wp-content\/imagenes\/uploads\/2025\/07\/44c4d00f-8bb0-4536-b960-3d8960842bd6.jpg","width":1600,"height":1066},{"@type":"BreadcrumbList","@id":"https:\/\/www.upo.es\/formacionpermanente\/experto-apuesta-en-la-upo-por-una-formacion-cultural-critica-y-colaborativa-frente-al-reto-tecnologico-de-la-ia\/#breadcrumb","itemListElement":[{"@type":"ListItem","position":1,"name":"Portada","item":"https:\/\/www.upo.es\/formacionpermanente\/"},{"@type":"ListItem","position":2,"name":"Experto apuesta en la UPO por una formaci\u00f3n cultural \u00abcr\u00edtica y colaborativa\u00bb frente al reto tecnol\u00f3gico de la IA"}]},{"@type":"WebSite","@id":"https:\/\/www.upo.es\/formacionpermanente\/#website","url":"https:\/\/www.upo.es\/formacionpermanente\/","name":"Formaci\u00f3n Permanente UPO","description":"T\u00edtulos Propios, Microcredenciales, Cursos de Verano","publisher":{"@id":"https:\/\/www.upo.es\/formacionpermanente\/#organization"},"potentialAction":[{"@type":"SearchAction","target":{"@type":"EntryPoint","urlTemplate":"https:\/\/www.upo.es\/formacionpermanente\/?s={search_term_string}"},"query-input":{"@type":"PropertyValueSpecification","valueRequired":true,"valueName":"search_term_string"}}],"inLanguage":"es"},{"@type":"Organization","@id":"https:\/\/www.upo.es\/formacionpermanente\/#organization","name":"Formaci\u00f3n Permanente Universidad Pablo de Olavide","alternateName":"Formaci\u00f3n Permanente UPO","url":"https:\/\/www.upo.es\/formacionpermanente\/","logo":{"@type":"ImageObject","inLanguage":"es","@id":"https:\/\/www.upo.es\/formacionpermanente\/#\/schema\/logo\/image\/","url":"https:\/\/www.upo.es\/formacionpermanente\/wp-content\/imagenes\/uploads\/2023\/02\/Logo-UPO-azul-amarillo-horizontal.png","contentUrl":"https:\/\/www.upo.es\/formacionpermanente\/wp-content\/imagenes\/uploads\/2023\/02\/Logo-UPO-azul-amarillo-horizontal.png","width":1000,"height":407,"caption":"Formaci\u00f3n Permanente Universidad Pablo de Olavide"},"image":{"@id":"https:\/\/www.upo.es\/formacionpermanente\/#\/schema\/logo\/image\/"}},{"@type":"Person","@id":"https:\/\/www.upo.es\/formacionpermanente\/#\/schema\/person\/b8a4172b1d7f0d6b60c9ad7e0cc39165","name":"Rosario Heredia Tirado","image":{"@type":"ImageObject","inLanguage":"es","@id":"https:\/\/secure.gravatar.com\/avatar\/e71ee4642062ca191746d52b80a5c79974abf65afbc75fb64d39cebd9ddd8ab4?s=96&d=mm&r=g","url":"https:\/\/secure.gravatar.com\/avatar\/e71ee4642062ca191746d52b80a5c79974abf65afbc75fb64d39cebd9ddd8ab4?s=96&d=mm&r=g","contentUrl":"https:\/\/secure.gravatar.com\/avatar\/e71ee4642062ca191746d52b80a5c79974abf65afbc75fb64d39cebd9ddd8ab4?s=96&d=mm&r=g","caption":"Rosario Heredia Tirado"},"url":"https:\/\/www.upo.es\/formacionpermanente\/author\/rhertir\/"}]}},"_links":{"self":[{"href":"https:\/\/www.upo.es\/formacionpermanente\/wp-json\/wp\/v2\/posts\/48348","targetHints":{"allow":["GET"]}}],"collection":[{"href":"https:\/\/www.upo.es\/formacionpermanente\/wp-json\/wp\/v2\/posts"}],"about":[{"href":"https:\/\/www.upo.es\/formacionpermanente\/wp-json\/wp\/v2\/types\/post"}],"author":[{"embeddable":true,"href":"https:\/\/www.upo.es\/formacionpermanente\/wp-json\/wp\/v2\/users\/13"}],"replies":[{"embeddable":true,"href":"https:\/\/www.upo.es\/formacionpermanente\/wp-json\/wp\/v2\/comments?post=48348"}],"version-history":[{"count":4,"href":"https:\/\/www.upo.es\/formacionpermanente\/wp-json\/wp\/v2\/posts\/48348\/revisions"}],"predecessor-version":[{"id":48424,"href":"https:\/\/www.upo.es\/formacionpermanente\/wp-json\/wp\/v2\/posts\/48348\/revisions\/48424"}],"wp:featuredmedia":[{"embeddable":true,"href":"https:\/\/www.upo.es\/formacionpermanente\/wp-json\/wp\/v2\/media\/48359"}],"wp:attachment":[{"href":"https:\/\/www.upo.es\/formacionpermanente\/wp-json\/wp\/v2\/media?parent=48348"}],"wp:term":[{"taxonomy":"category","embeddable":true,"href":"https:\/\/www.upo.es\/formacionpermanente\/wp-json\/wp\/v2\/categories?post=48348"},{"taxonomy":"post_tag","embeddable":true,"href":"https:\/\/www.upo.es\/formacionpermanente\/wp-json\/wp\/v2\/tags?post=48348"}],"curies":[{"name":"wp","href":"https:\/\/api.w.org\/{rel}","templated":true}]}}