{"id":48513,"date":"2025-06-27T12:32:37","date_gmt":"2025-06-27T10:32:37","guid":{"rendered":"https:\/\/www.upo.es\/formacionpermanente\/?p=48513"},"modified":"2025-07-23T12:33:11","modified_gmt":"2025-07-23T10:33:11","slug":"el-magistrado-joaquim-bosch-reclama-reformas-profundas-para-blindar-la-justicia-frente-a-las-injerencias-partidistas","status":"publish","type":"post","link":"https:\/\/www.upo.es\/formacionpermanente\/el-magistrado-joaquim-bosch-reclama-reformas-profundas-para-blindar-la-justicia-frente-a-las-injerencias-partidistas\/","title":{"rendered":"El magistrado Joaquim Bosch reclama \u00abreformas profundas\u00bb para blindar la Justicia frente a las \u00abinjerencias partidistas\u00bb"},"content":{"rendered":"<p><span style=\"font-weight: 400;\">El magistrado y portavoz de Juezas y Jueces para la Democracia, Joaquim Bosch, ha advertido del riesgo que \u00abcorre la salud democr\u00e1tica\u00bb en Espa\u00f1a si no se abordan reformas profundas en el sistema judicial. As\u00ed, el portavoz ha participado en los Cursos de Verano de la Universidad Pablo de Olavide en Carmona, concretamente en el curso &#8216;La crisis democr\u00e1tica y el auge de las extremas derechas: alternativas desde el sindicalismo&#8217;, seguido por Europa Press. <\/span><\/p>\n<p><span style=\"font-weight: 400;\">De este modo, ha realizado una conferencia titulada &#8216;La justicia en crisis&#8217;, ofreciendo un an\u00e1lisis sobre la politizaci\u00f3n de la justicia, la p\u00e9rdida de credibilidad institucional y las amenazas que enfrenta el Estado de derecho ante el avance de discursos autoritarios. Bosch ha alertado sobre \u00abfuertes injerencias partidistas\u00bb en la c\u00fapula judicial espa\u00f1ola, especialmente en \u00f3rganos como el Tribunal Supremo y el Consejo General del Poder Judicial, una situaci\u00f3n que, seg\u00fan ha recordado, \u00abya ha sido denunciada por organismos del Consejo de Europa\u00bb. <\/span><\/p>\n<p><span style=\"font-weight: 400;\">Ha asegurado que \u00abcualquier instituci\u00f3n que pierda credibilidad lleva a perjuicios para la salud democr\u00e1tica\u00bb, remarcando que es \u00abimprescindible\u00bb dotar al Poder Judicial de \u00abla m\u00e1xima garant\u00eda de imparcialidad para que la sociedad no tenga dudas sobre su actuaci\u00f3n\u00bb. El magistrado ha denunciado la \u00abcreciente\u00bb instrumentalizaci\u00f3n partidista de la justicia, donde los partidos pol\u00edticos, en lugar de utilizar el debate parlamentario, recurren al poder judicial como \u00abestrategia de confrontaci\u00f3n\u00bb. <\/span><\/p>\n<p><span style=\"font-weight: 400;\">\u00abHoy en Espa\u00f1a se hace cada vez m\u00e1s pol\u00edtica en los tribunales y menos en los parlamentos\u00bb, ha armado. A su juicio, este fen\u00f3meno se ve \u00abagravado\u00bb por una \u00abescenificaci\u00f3n medi\u00e1tica\u00bb que privilegia el esc\u00e1ndalo y el conflicto, \u00abdesvirtuando\u00bb la funci\u00f3n del poder judicial como \u00abgarante de legalidad y no como arma arrojadiza\u00bb. Bosch tambi\u00e9n ha vinculado la crisis de la justicia con el auge de las desigualdades econ\u00f3micas, ya que \u00aba veces los intereses de los partidos pueden coincidir con los de los poderes econ\u00f3micos\u00bb, ha advertido, citando resoluciones judiciales en favor de entidades bancarias que posteriormente han sido corregidas por la justicia europea.<\/span><\/p>\n<p><span style=\"font-weight: 400;\">Ha asegurado que \u00abcualquier instituci\u00f3n que pierda credibilidad lleva a perjuicios para la salud democr\u00e1tica\u00bb, remarcando que es \u00abimprescindible\u00bb dotar al Poder Judicial de \u00abla m\u00e1xima garant\u00eda de imparcialidad para que la sociedad no tenga dudas sobre su actuaci\u00f3n\u00bb. El magistrado ha denunciado la \u00abcreciente\u00bb instrumentalizaci\u00f3n partidista de la justicia, donde los partidos pol\u00edticos, en lugar de utilizar el debate parlamentario, recurren al poder judicial como \u00abestrategia de confrontaci\u00f3n\u00bb. <\/span><\/p>\n<p><span style=\"font-weight: 400;\">\u00abHoy en Espa\u00f1a se hace cada vez m\u00e1s pol\u00edtica en los tribunales y menos en los parlamentos\u00bb, ha armado. A su juicio, este fen\u00f3meno se ve \u00abagravado\u00bb por una \u00abescenificaci\u00f3n medi\u00e1tica\u00bb que privilegia el esc\u00e1ndalo y el conflicto, \u00abdesvirtuando\u00bb la funci\u00f3n del poder judicial como \u00abgarante de legalidad y no como arma arrojadiza\u00bb. Bosch tambi\u00e9n ha vinculado la crisis de la justicia con el auge de las desigualdades econ\u00f3micas, ya que \u00aba veces los intereses de los partidos pueden coincidir con los de los poderes econ\u00f3micos\u00bb, ha advertido, citando resoluciones judiciales en favor de entidades bancarias que posteriormente han sido corregidas por la justicia europea. De igual forma, ha armado que esta situaci\u00f3n \u00abrefuerza la necesidad de garantizar una c\u00fapula judicial blindada frente a posibles injerencias partidistas o de cualquier otro poder econ\u00f3mico o social\u00bb. <\/span><\/p>\n<p><span style=\"font-weight: 400;\">EL FEN\u00d3MENO DE LA \u00abOLA DE PERFIL AUTORITARIO\u00bb <\/span><\/p>\n<p><span style=\"font-weight: 400;\">Respecto al avance de la extrema derecha, Bosch ha contextualizado el fen\u00f3meno dentro de una \u00abola de perl autoritario\u00bb global que intenta colonizar las instituciones democr\u00e1ticas y debilitar los contrapesos del poder. \u00abEn Espa\u00f1a estamos en este tipo de debate y hacen falta reformas democr\u00e1ticas para que el Poder Judicial pueda servir de trinchera contra los recortes de derechos y libertades\u00bb, ha se\u00f1alado. El magistrado ha apuntado ejemplos internacionales donde, seg\u00fan ha dicho, se est\u00e1 produciendo una captura institucional del sistema judicial, como en Hungr\u00eda, Estados Unidos o Italia. En todos estos casos, ha advertido que \u00ablos reg\u00edmenes autoritarios han controlado el Poder Judicial para evitar los mecanismos de vigilancia del poder y debilitar la democracia\u00bb.<\/span><\/p>\n<p><span style=\"font-weight: 400;\">Bosch ha concluido su discurso alertando sobre el papel de las redes sociales en la deslegitimaci\u00f3n de la justicia. Asegura que \u00abel patr\u00f3n de consumo informativo ha cambiado radicalmente, favoreciendo la viralizaci\u00f3n de contenidos emocionales por encima del an\u00e1lisis riguroso\u00bb. \u00abEn las redes hay falsedades que son vistas y cre\u00eddas por millones de personas todos los d\u00edas\u00bb, ha armado. Frente a esto, ha propuesto establecer controles sobre la identidad de los usuarios y la creaci\u00f3n de un \u00abprocedimiento judicial sencillo\u00bb -siempre bajo control judicial, nunca gubernamental &#8211; para sancionar a quienes publiquen de forma reiterada contenidos falsos con \u00abtemerario desprecio hacia la verdad\u00bb. <\/span><\/p>\n<p><span style=\"font-weight: 400;\">Para Bosch, el reto no es menor, porque \u00abse trata de proteger el derecho constitucional de recibir informaci\u00f3n veraz, ya que es uno de los pilares de una democracia robusta y plural\u00bb.<\/span><\/p>\n<p><span style=\"font-weight: 400;\">Fuente: Europa Press<\/span><\/p>\n","protected":false},"excerpt":{"rendered":"<p>El magistrado y portavoz de Juezas y Jueces para la Democracia, Joaquim Bosch, ha advertido del riesgo que \u00abcorre la salud democr\u00e1tica\u00bb en Espa\u00f1a si no se abordan reformas profundas en el sistema judicial. As\u00ed, el portavoz ha participado en los Cursos de Verano de la Universidad Pablo de Olavide en Carmona, concretamente en el [&hellip;]<\/p>\n","protected":false},"author":13,"featured_media":48517,"comment_status":"open","ping_status":"open","sticky":false,"template":"","format":"standard","meta":{"_acf_changed":false,"site-sidebar-layout":"default","site-content-layout":"","ast-site-content-layout":"default","site-content-style":"default","site-sidebar-style":"default","ast-global-header-display":"","ast-banner-title-visibility":"","ast-main-header-display":"","ast-hfb-above-header-display":"","ast-hfb-below-header-display":"","ast-hfb-mobile-header-display":"","site-post-title":"","ast-breadcrumbs-content":"","ast-featured-img":"","footer-sml-layout":"","ast-disable-related-posts":"","theme-transparent-header-meta":"default","adv-header-id-meta":"","stick-header-meta":"default","header-above-stick-meta":"","header-main-stick-meta":"","header-below-stick-meta":"","astra-migrate-meta-layouts":"set","ast-page-background-enabled":"default","ast-page-background-meta":{"desktop":{"background-color":"var(--ast-global-color-4)","background-image":"","background-repeat":"repeat","background-position":"center center","background-size":"auto","background-attachment":"scroll","background-type":"","background-media":"","overlay-type":"","overlay-color":"","overlay-opacity":"","overlay-gradient":""},"tablet":{"background-color":"","background-image":"","background-repeat":"repeat","background-position":"center center","background-size":"auto","background-attachment":"scroll","background-type":"","background-media":"","overlay-type":"","overlay-color":"","overlay-opacity":"","overlay-gradient":""},"mobile":{"background-color":"","background-image":"","background-repeat":"repeat","background-position":"center center","background-size":"auto","background-attachment":"scroll","background-type":"","background-media":"","overlay-type":"","overlay-color":"","overlay-opacity":"","overlay-gradient":""}},"ast-content-background-meta":{"desktop":{"background-color":"var(--ast-global-color-5)","background-image":"","background-repeat":"repeat","background-position":"center center","background-size":"auto","background-attachment":"scroll","background-type":"","background-media":"","overlay-type":"","overlay-color":"","overlay-opacity":"","overlay-gradient":""},"tablet":{"background-color":"var(--ast-global-color-5)","background-image":"","background-repeat":"repeat","background-position":"center center","background-size":"auto","background-attachment":"scroll","background-type":"","background-media":"","overlay-type":"","overlay-color":"","overlay-opacity":"","overlay-gradient":""},"mobile":{"background-color":"var(--ast-global-color-5)","background-image":"","background-repeat":"repeat","background-position":"center center","background-size":"auto","background-attachment":"scroll","background-type":"","background-media":"","overlay-type":"","overlay-color":"","overlay-opacity":"","overlay-gradient":""}},"footnotes":""},"categories":[708,631,706,16,52,698],"tags":[],"class_list":["post-48513","post","type-post","status-publish","format-standard","has-post-thumbnail","hentry","category-semana-2-23-edicion","category-2025-2026","category-23-edicion","category-cursos-de-verano","category-matricula-cerrada","category-olavide-en-carmona"],"acf":[],"yoast_head":"<!-- This site is optimized with the Yoast SEO plugin v27.3 - https:\/\/yoast.com\/product\/yoast-seo-wordpress\/ -->\n<title>El magistrado Joaquim Bosch reclama &quot;reformas profundas&quot; para blindar la Justicia frente a las &quot;injerencias partidistas&quot; - Formaci\u00f3n Permanente UPO<\/title>\n<meta name=\"robots\" content=\"index, follow, max-snippet:-1, max-image-preview:large, max-video-preview:-1\" \/>\n<link rel=\"canonical\" href=\"https:\/\/www.upo.es\/formacionpermanente\/el-magistrado-joaquim-bosch-reclama-reformas-profundas-para-blindar-la-justicia-frente-a-las-injerencias-partidistas\/\" \/>\n<meta property=\"og:locale\" content=\"es_ES\" \/>\n<meta property=\"og:type\" content=\"article\" \/>\n<meta property=\"og:title\" content=\"El magistrado Joaquim Bosch reclama &quot;reformas profundas&quot; para blindar la Justicia frente a las &quot;injerencias partidistas&quot; - Formaci\u00f3n Permanente UPO\" \/>\n<meta property=\"og:description\" content=\"El magistrado y portavoz de Juezas y Jueces para la Democracia, Joaquim Bosch, ha advertido del riesgo que \u00abcorre la salud democr\u00e1tica\u00bb en Espa\u00f1a si no se abordan reformas profundas en el sistema judicial. As\u00ed, el portavoz ha participado en los Cursos de Verano de la Universidad Pablo de Olavide en Carmona, concretamente en el [&hellip;]\" \/>\n<meta property=\"og:url\" content=\"https:\/\/www.upo.es\/formacionpermanente\/el-magistrado-joaquim-bosch-reclama-reformas-profundas-para-blindar-la-justicia-frente-a-las-injerencias-partidistas\/\" \/>\n<meta property=\"og:site_name\" content=\"Formaci\u00f3n Permanente UPO\" \/>\n<meta property=\"article:published_time\" content=\"2025-06-27T10:32:37+00:00\" \/>\n<meta property=\"article:modified_time\" content=\"2025-07-23T10:33:11+00:00\" \/>\n<meta property=\"og:image\" content=\"https:\/\/www.upo.es\/formacionpermanente\/wp-content\/imagenes\/uploads\/2025\/07\/c0b9b04a-f55d-4cb0-8b35-64cff5e1a037.jpg\" \/>\n\t<meta property=\"og:image:width\" content=\"1600\" \/>\n\t<meta property=\"og:image:height\" content=\"1066\" \/>\n\t<meta property=\"og:image:type\" content=\"image\/jpeg\" \/>\n<meta name=\"author\" content=\"Rosario Heredia Tirado\" \/>\n<meta name=\"twitter:card\" content=\"summary_large_image\" \/>\n<meta name=\"twitter:label1\" content=\"Escrito por\" \/>\n\t<meta name=\"twitter:data1\" content=\"Rosario Heredia Tirado\" \/>\n\t<meta name=\"twitter:label2\" content=\"Tiempo de lectura\" \/>\n\t<meta name=\"twitter:data2\" content=\"4 minutos\" \/>\n<script type=\"application\/ld+json\" class=\"yoast-schema-graph\">{\"@context\":\"https:\\\/\\\/schema.org\",\"@graph\":[{\"@type\":\"Article\",\"@id\":\"https:\\\/\\\/www.upo.es\\\/formacionpermanente\\\/el-magistrado-joaquim-bosch-reclama-reformas-profundas-para-blindar-la-justicia-frente-a-las-injerencias-partidistas\\\/#article\",\"isPartOf\":{\"@id\":\"https:\\\/\\\/www.upo.es\\\/formacionpermanente\\\/el-magistrado-joaquim-bosch-reclama-reformas-profundas-para-blindar-la-justicia-frente-a-las-injerencias-partidistas\\\/\"},\"author\":{\"name\":\"Rosario Heredia Tirado\",\"@id\":\"https:\\\/\\\/www.upo.es\\\/formacionpermanente\\\/#\\\/schema\\\/person\\\/b8a4172b1d7f0d6b60c9ad7e0cc39165\"},\"headline\":\"El magistrado Joaquim Bosch reclama \u00abreformas profundas\u00bb para blindar la Justicia frente a las \u00abinjerencias partidistas\u00bb\",\"datePublished\":\"2025-06-27T10:32:37+00:00\",\"dateModified\":\"2025-07-23T10:33:11+00:00\",\"mainEntityOfPage\":{\"@id\":\"https:\\\/\\\/www.upo.es\\\/formacionpermanente\\\/el-magistrado-joaquim-bosch-reclama-reformas-profundas-para-blindar-la-justicia-frente-a-las-injerencias-partidistas\\\/\"},\"wordCount\":881,\"commentCount\":0,\"publisher\":{\"@id\":\"https:\\\/\\\/www.upo.es\\\/formacionpermanente\\\/#organization\"},\"image\":{\"@id\":\"https:\\\/\\\/www.upo.es\\\/formacionpermanente\\\/el-magistrado-joaquim-bosch-reclama-reformas-profundas-para-blindar-la-justicia-frente-a-las-injerencias-partidistas\\\/#primaryimage\"},\"thumbnailUrl\":\"https:\\\/\\\/www.upo.es\\\/formacionpermanente\\\/wp-content\\\/imagenes\\\/uploads\\\/2025\\\/07\\\/c0b9b04a-f55d-4cb0-8b35-64cff5e1a037.jpg\",\"articleSection\":[\"2025 - Semana 2\",\"2025-2026\",\"23 edici\u00f3n\",\"Cursos de Verano\",\"Matr\u00edcula cerrada\",\"Olavide en Carmona\"],\"inLanguage\":\"es\",\"potentialAction\":[{\"@type\":\"CommentAction\",\"name\":\"Comment\",\"target\":[\"https:\\\/\\\/www.upo.es\\\/formacionpermanente\\\/el-magistrado-joaquim-bosch-reclama-reformas-profundas-para-blindar-la-justicia-frente-a-las-injerencias-partidistas\\\/#respond\"]}]},{\"@type\":\"WebPage\",\"@id\":\"https:\\\/\\\/www.upo.es\\\/formacionpermanente\\\/el-magistrado-joaquim-bosch-reclama-reformas-profundas-para-blindar-la-justicia-frente-a-las-injerencias-partidistas\\\/\",\"url\":\"https:\\\/\\\/www.upo.es\\\/formacionpermanente\\\/el-magistrado-joaquim-bosch-reclama-reformas-profundas-para-blindar-la-justicia-frente-a-las-injerencias-partidistas\\\/\",\"name\":\"El magistrado Joaquim Bosch reclama \\\"reformas profundas\\\" para blindar la Justicia frente a las \\\"injerencias partidistas\\\" - Formaci\u00f3n Permanente UPO\",\"isPartOf\":{\"@id\":\"https:\\\/\\\/www.upo.es\\\/formacionpermanente\\\/#website\"},\"primaryImageOfPage\":{\"@id\":\"https:\\\/\\\/www.upo.es\\\/formacionpermanente\\\/el-magistrado-joaquim-bosch-reclama-reformas-profundas-para-blindar-la-justicia-frente-a-las-injerencias-partidistas\\\/#primaryimage\"},\"image\":{\"@id\":\"https:\\\/\\\/www.upo.es\\\/formacionpermanente\\\/el-magistrado-joaquim-bosch-reclama-reformas-profundas-para-blindar-la-justicia-frente-a-las-injerencias-partidistas\\\/#primaryimage\"},\"thumbnailUrl\":\"https:\\\/\\\/www.upo.es\\\/formacionpermanente\\\/wp-content\\\/imagenes\\\/uploads\\\/2025\\\/07\\\/c0b9b04a-f55d-4cb0-8b35-64cff5e1a037.jpg\",\"datePublished\":\"2025-06-27T10:32:37+00:00\",\"dateModified\":\"2025-07-23T10:33:11+00:00\",\"breadcrumb\":{\"@id\":\"https:\\\/\\\/www.upo.es\\\/formacionpermanente\\\/el-magistrado-joaquim-bosch-reclama-reformas-profundas-para-blindar-la-justicia-frente-a-las-injerencias-partidistas\\\/#breadcrumb\"},\"inLanguage\":\"es\",\"potentialAction\":[{\"@type\":\"ReadAction\",\"target\":[\"https:\\\/\\\/www.upo.es\\\/formacionpermanente\\\/el-magistrado-joaquim-bosch-reclama-reformas-profundas-para-blindar-la-justicia-frente-a-las-injerencias-partidistas\\\/\"]}]},{\"@type\":\"ImageObject\",\"inLanguage\":\"es\",\"@id\":\"https:\\\/\\\/www.upo.es\\\/formacionpermanente\\\/el-magistrado-joaquim-bosch-reclama-reformas-profundas-para-blindar-la-justicia-frente-a-las-injerencias-partidistas\\\/#primaryimage\",\"url\":\"https:\\\/\\\/www.upo.es\\\/formacionpermanente\\\/wp-content\\\/imagenes\\\/uploads\\\/2025\\\/07\\\/c0b9b04a-f55d-4cb0-8b35-64cff5e1a037.jpg\",\"contentUrl\":\"https:\\\/\\\/www.upo.es\\\/formacionpermanente\\\/wp-content\\\/imagenes\\\/uploads\\\/2025\\\/07\\\/c0b9b04a-f55d-4cb0-8b35-64cff5e1a037.jpg\",\"width\":1600,\"height\":1066},{\"@type\":\"BreadcrumbList\",\"@id\":\"https:\\\/\\\/www.upo.es\\\/formacionpermanente\\\/el-magistrado-joaquim-bosch-reclama-reformas-profundas-para-blindar-la-justicia-frente-a-las-injerencias-partidistas\\\/#breadcrumb\",\"itemListElement\":[{\"@type\":\"ListItem\",\"position\":1,\"name\":\"Portada\",\"item\":\"https:\\\/\\\/www.upo.es\\\/formacionpermanente\\\/\"},{\"@type\":\"ListItem\",\"position\":2,\"name\":\"El magistrado Joaquim Bosch reclama \u00abreformas profundas\u00bb para blindar la Justicia frente a las \u00abinjerencias partidistas\u00bb\"}]},{\"@type\":\"WebSite\",\"@id\":\"https:\\\/\\\/www.upo.es\\\/formacionpermanente\\\/#website\",\"url\":\"https:\\\/\\\/www.upo.es\\\/formacionpermanente\\\/\",\"name\":\"Formaci\u00f3n Permanente UPO\",\"description\":\"T\u00edtulos Propios, Microcredenciales, Cursos de Verano\",\"publisher\":{\"@id\":\"https:\\\/\\\/www.upo.es\\\/formacionpermanente\\\/#organization\"},\"potentialAction\":[{\"@type\":\"SearchAction\",\"target\":{\"@type\":\"EntryPoint\",\"urlTemplate\":\"https:\\\/\\\/www.upo.es\\\/formacionpermanente\\\/?s={search_term_string}\"},\"query-input\":{\"@type\":\"PropertyValueSpecification\",\"valueRequired\":true,\"valueName\":\"search_term_string\"}}],\"inLanguage\":\"es\"},{\"@type\":\"Organization\",\"@id\":\"https:\\\/\\\/www.upo.es\\\/formacionpermanente\\\/#organization\",\"name\":\"Formaci\u00f3n Permanente Universidad Pablo de Olavide\",\"alternateName\":\"Formaci\u00f3n Permanente UPO\",\"url\":\"https:\\\/\\\/www.upo.es\\\/formacionpermanente\\\/\",\"logo\":{\"@type\":\"ImageObject\",\"inLanguage\":\"es\",\"@id\":\"https:\\\/\\\/www.upo.es\\\/formacionpermanente\\\/#\\\/schema\\\/logo\\\/image\\\/\",\"url\":\"https:\\\/\\\/www.upo.es\\\/formacionpermanente\\\/wp-content\\\/imagenes\\\/uploads\\\/2023\\\/02\\\/Logo-UPO-azul-amarillo-horizontal.png\",\"contentUrl\":\"https:\\\/\\\/www.upo.es\\\/formacionpermanente\\\/wp-content\\\/imagenes\\\/uploads\\\/2023\\\/02\\\/Logo-UPO-azul-amarillo-horizontal.png\",\"width\":1000,\"height\":407,\"caption\":\"Formaci\u00f3n Permanente Universidad Pablo de Olavide\"},\"image\":{\"@id\":\"https:\\\/\\\/www.upo.es\\\/formacionpermanente\\\/#\\\/schema\\\/logo\\\/image\\\/\"}},{\"@type\":\"Person\",\"@id\":\"https:\\\/\\\/www.upo.es\\\/formacionpermanente\\\/#\\\/schema\\\/person\\\/b8a4172b1d7f0d6b60c9ad7e0cc39165\",\"name\":\"Rosario Heredia Tirado\",\"image\":{\"@type\":\"ImageObject\",\"inLanguage\":\"es\",\"@id\":\"https:\\\/\\\/secure.gravatar.com\\\/avatar\\\/e71ee4642062ca191746d52b80a5c79974abf65afbc75fb64d39cebd9ddd8ab4?s=96&d=mm&r=g\",\"url\":\"https:\\\/\\\/secure.gravatar.com\\\/avatar\\\/e71ee4642062ca191746d52b80a5c79974abf65afbc75fb64d39cebd9ddd8ab4?s=96&d=mm&r=g\",\"contentUrl\":\"https:\\\/\\\/secure.gravatar.com\\\/avatar\\\/e71ee4642062ca191746d52b80a5c79974abf65afbc75fb64d39cebd9ddd8ab4?s=96&d=mm&r=g\",\"caption\":\"Rosario Heredia Tirado\"},\"url\":\"https:\\\/\\\/www.upo.es\\\/formacionpermanente\\\/author\\\/rhertir\\\/\"}]}<\/script>\n<!-- \/ Yoast SEO plugin. -->","yoast_head_json":{"title":"El magistrado Joaquim Bosch reclama \"reformas profundas\" para blindar la Justicia frente a las \"injerencias partidistas\" - Formaci\u00f3n Permanente UPO","robots":{"index":"index","follow":"follow","max-snippet":"max-snippet:-1","max-image-preview":"max-image-preview:large","max-video-preview":"max-video-preview:-1"},"canonical":"https:\/\/www.upo.es\/formacionpermanente\/el-magistrado-joaquim-bosch-reclama-reformas-profundas-para-blindar-la-justicia-frente-a-las-injerencias-partidistas\/","og_locale":"es_ES","og_type":"article","og_title":"El magistrado Joaquim Bosch reclama \"reformas profundas\" para blindar la Justicia frente a las \"injerencias partidistas\" - Formaci\u00f3n Permanente UPO","og_description":"El magistrado y portavoz de Juezas y Jueces para la Democracia, Joaquim Bosch, ha advertido del riesgo que \u00abcorre la salud democr\u00e1tica\u00bb en Espa\u00f1a si no se abordan reformas profundas en el sistema judicial. As\u00ed, el portavoz ha participado en los Cursos de Verano de la Universidad Pablo de Olavide en Carmona, concretamente en el [&hellip;]","og_url":"https:\/\/www.upo.es\/formacionpermanente\/el-magistrado-joaquim-bosch-reclama-reformas-profundas-para-blindar-la-justicia-frente-a-las-injerencias-partidistas\/","og_site_name":"Formaci\u00f3n Permanente UPO","article_published_time":"2025-06-27T10:32:37+00:00","article_modified_time":"2025-07-23T10:33:11+00:00","og_image":[{"width":1600,"height":1066,"url":"https:\/\/www.upo.es\/formacionpermanente\/wp-content\/imagenes\/uploads\/2025\/07\/c0b9b04a-f55d-4cb0-8b35-64cff5e1a037.jpg","type":"image\/jpeg"}],"author":"Rosario Heredia Tirado","twitter_card":"summary_large_image","twitter_misc":{"Escrito por":"Rosario Heredia Tirado","Tiempo de lectura":"4 minutos"},"schema":{"@context":"https:\/\/schema.org","@graph":[{"@type":"Article","@id":"https:\/\/www.upo.es\/formacionpermanente\/el-magistrado-joaquim-bosch-reclama-reformas-profundas-para-blindar-la-justicia-frente-a-las-injerencias-partidistas\/#article","isPartOf":{"@id":"https:\/\/www.upo.es\/formacionpermanente\/el-magistrado-joaquim-bosch-reclama-reformas-profundas-para-blindar-la-justicia-frente-a-las-injerencias-partidistas\/"},"author":{"name":"Rosario Heredia Tirado","@id":"https:\/\/www.upo.es\/formacionpermanente\/#\/schema\/person\/b8a4172b1d7f0d6b60c9ad7e0cc39165"},"headline":"El magistrado Joaquim Bosch reclama \u00abreformas profundas\u00bb para blindar la Justicia frente a las \u00abinjerencias partidistas\u00bb","datePublished":"2025-06-27T10:32:37+00:00","dateModified":"2025-07-23T10:33:11+00:00","mainEntityOfPage":{"@id":"https:\/\/www.upo.es\/formacionpermanente\/el-magistrado-joaquim-bosch-reclama-reformas-profundas-para-blindar-la-justicia-frente-a-las-injerencias-partidistas\/"},"wordCount":881,"commentCount":0,"publisher":{"@id":"https:\/\/www.upo.es\/formacionpermanente\/#organization"},"image":{"@id":"https:\/\/www.upo.es\/formacionpermanente\/el-magistrado-joaquim-bosch-reclama-reformas-profundas-para-blindar-la-justicia-frente-a-las-injerencias-partidistas\/#primaryimage"},"thumbnailUrl":"https:\/\/www.upo.es\/formacionpermanente\/wp-content\/imagenes\/uploads\/2025\/07\/c0b9b04a-f55d-4cb0-8b35-64cff5e1a037.jpg","articleSection":["2025 - Semana 2","2025-2026","23 edici\u00f3n","Cursos de Verano","Matr\u00edcula cerrada","Olavide en Carmona"],"inLanguage":"es","potentialAction":[{"@type":"CommentAction","name":"Comment","target":["https:\/\/www.upo.es\/formacionpermanente\/el-magistrado-joaquim-bosch-reclama-reformas-profundas-para-blindar-la-justicia-frente-a-las-injerencias-partidistas\/#respond"]}]},{"@type":"WebPage","@id":"https:\/\/www.upo.es\/formacionpermanente\/el-magistrado-joaquim-bosch-reclama-reformas-profundas-para-blindar-la-justicia-frente-a-las-injerencias-partidistas\/","url":"https:\/\/www.upo.es\/formacionpermanente\/el-magistrado-joaquim-bosch-reclama-reformas-profundas-para-blindar-la-justicia-frente-a-las-injerencias-partidistas\/","name":"El magistrado Joaquim Bosch reclama \"reformas profundas\" para blindar la Justicia frente a las \"injerencias partidistas\" - Formaci\u00f3n Permanente UPO","isPartOf":{"@id":"https:\/\/www.upo.es\/formacionpermanente\/#website"},"primaryImageOfPage":{"@id":"https:\/\/www.upo.es\/formacionpermanente\/el-magistrado-joaquim-bosch-reclama-reformas-profundas-para-blindar-la-justicia-frente-a-las-injerencias-partidistas\/#primaryimage"},"image":{"@id":"https:\/\/www.upo.es\/formacionpermanente\/el-magistrado-joaquim-bosch-reclama-reformas-profundas-para-blindar-la-justicia-frente-a-las-injerencias-partidistas\/#primaryimage"},"thumbnailUrl":"https:\/\/www.upo.es\/formacionpermanente\/wp-content\/imagenes\/uploads\/2025\/07\/c0b9b04a-f55d-4cb0-8b35-64cff5e1a037.jpg","datePublished":"2025-06-27T10:32:37+00:00","dateModified":"2025-07-23T10:33:11+00:00","breadcrumb":{"@id":"https:\/\/www.upo.es\/formacionpermanente\/el-magistrado-joaquim-bosch-reclama-reformas-profundas-para-blindar-la-justicia-frente-a-las-injerencias-partidistas\/#breadcrumb"},"inLanguage":"es","potentialAction":[{"@type":"ReadAction","target":["https:\/\/www.upo.es\/formacionpermanente\/el-magistrado-joaquim-bosch-reclama-reformas-profundas-para-blindar-la-justicia-frente-a-las-injerencias-partidistas\/"]}]},{"@type":"ImageObject","inLanguage":"es","@id":"https:\/\/www.upo.es\/formacionpermanente\/el-magistrado-joaquim-bosch-reclama-reformas-profundas-para-blindar-la-justicia-frente-a-las-injerencias-partidistas\/#primaryimage","url":"https:\/\/www.upo.es\/formacionpermanente\/wp-content\/imagenes\/uploads\/2025\/07\/c0b9b04a-f55d-4cb0-8b35-64cff5e1a037.jpg","contentUrl":"https:\/\/www.upo.es\/formacionpermanente\/wp-content\/imagenes\/uploads\/2025\/07\/c0b9b04a-f55d-4cb0-8b35-64cff5e1a037.jpg","width":1600,"height":1066},{"@type":"BreadcrumbList","@id":"https:\/\/www.upo.es\/formacionpermanente\/el-magistrado-joaquim-bosch-reclama-reformas-profundas-para-blindar-la-justicia-frente-a-las-injerencias-partidistas\/#breadcrumb","itemListElement":[{"@type":"ListItem","position":1,"name":"Portada","item":"https:\/\/www.upo.es\/formacionpermanente\/"},{"@type":"ListItem","position":2,"name":"El magistrado Joaquim Bosch reclama \u00abreformas profundas\u00bb para blindar la Justicia frente a las \u00abinjerencias partidistas\u00bb"}]},{"@type":"WebSite","@id":"https:\/\/www.upo.es\/formacionpermanente\/#website","url":"https:\/\/www.upo.es\/formacionpermanente\/","name":"Formaci\u00f3n Permanente UPO","description":"T\u00edtulos Propios, Microcredenciales, Cursos de Verano","publisher":{"@id":"https:\/\/www.upo.es\/formacionpermanente\/#organization"},"potentialAction":[{"@type":"SearchAction","target":{"@type":"EntryPoint","urlTemplate":"https:\/\/www.upo.es\/formacionpermanente\/?s={search_term_string}"},"query-input":{"@type":"PropertyValueSpecification","valueRequired":true,"valueName":"search_term_string"}}],"inLanguage":"es"},{"@type":"Organization","@id":"https:\/\/www.upo.es\/formacionpermanente\/#organization","name":"Formaci\u00f3n Permanente Universidad Pablo de Olavide","alternateName":"Formaci\u00f3n Permanente UPO","url":"https:\/\/www.upo.es\/formacionpermanente\/","logo":{"@type":"ImageObject","inLanguage":"es","@id":"https:\/\/www.upo.es\/formacionpermanente\/#\/schema\/logo\/image\/","url":"https:\/\/www.upo.es\/formacionpermanente\/wp-content\/imagenes\/uploads\/2023\/02\/Logo-UPO-azul-amarillo-horizontal.png","contentUrl":"https:\/\/www.upo.es\/formacionpermanente\/wp-content\/imagenes\/uploads\/2023\/02\/Logo-UPO-azul-amarillo-horizontal.png","width":1000,"height":407,"caption":"Formaci\u00f3n Permanente Universidad Pablo de Olavide"},"image":{"@id":"https:\/\/www.upo.es\/formacionpermanente\/#\/schema\/logo\/image\/"}},{"@type":"Person","@id":"https:\/\/www.upo.es\/formacionpermanente\/#\/schema\/person\/b8a4172b1d7f0d6b60c9ad7e0cc39165","name":"Rosario Heredia Tirado","image":{"@type":"ImageObject","inLanguage":"es","@id":"https:\/\/secure.gravatar.com\/avatar\/e71ee4642062ca191746d52b80a5c79974abf65afbc75fb64d39cebd9ddd8ab4?s=96&d=mm&r=g","url":"https:\/\/secure.gravatar.com\/avatar\/e71ee4642062ca191746d52b80a5c79974abf65afbc75fb64d39cebd9ddd8ab4?s=96&d=mm&r=g","contentUrl":"https:\/\/secure.gravatar.com\/avatar\/e71ee4642062ca191746d52b80a5c79974abf65afbc75fb64d39cebd9ddd8ab4?s=96&d=mm&r=g","caption":"Rosario Heredia Tirado"},"url":"https:\/\/www.upo.es\/formacionpermanente\/author\/rhertir\/"}]}},"_links":{"self":[{"href":"https:\/\/www.upo.es\/formacionpermanente\/wp-json\/wp\/v2\/posts\/48513","targetHints":{"allow":["GET"]}}],"collection":[{"href":"https:\/\/www.upo.es\/formacionpermanente\/wp-json\/wp\/v2\/posts"}],"about":[{"href":"https:\/\/www.upo.es\/formacionpermanente\/wp-json\/wp\/v2\/types\/post"}],"author":[{"embeddable":true,"href":"https:\/\/www.upo.es\/formacionpermanente\/wp-json\/wp\/v2\/users\/13"}],"replies":[{"embeddable":true,"href":"https:\/\/www.upo.es\/formacionpermanente\/wp-json\/wp\/v2\/comments?post=48513"}],"version-history":[{"count":2,"href":"https:\/\/www.upo.es\/formacionpermanente\/wp-json\/wp\/v2\/posts\/48513\/revisions"}],"predecessor-version":[{"id":48519,"href":"https:\/\/www.upo.es\/formacionpermanente\/wp-json\/wp\/v2\/posts\/48513\/revisions\/48519"}],"wp:featuredmedia":[{"embeddable":true,"href":"https:\/\/www.upo.es\/formacionpermanente\/wp-json\/wp\/v2\/media\/48517"}],"wp:attachment":[{"href":"https:\/\/www.upo.es\/formacionpermanente\/wp-json\/wp\/v2\/media?parent=48513"}],"wp:term":[{"taxonomy":"category","embeddable":true,"href":"https:\/\/www.upo.es\/formacionpermanente\/wp-json\/wp\/v2\/categories?post=48513"},{"taxonomy":"post_tag","embeddable":true,"href":"https:\/\/www.upo.es\/formacionpermanente\/wp-json\/wp\/v2\/tags?post=48513"}],"curies":[{"name":"wp","href":"https:\/\/api.w.org\/{rel}","templated":true}]}}