{"id":50310,"date":"2025-11-20T14:27:51","date_gmt":"2025-11-20T13:27:51","guid":{"rendered":"https:\/\/www.upo.es\/formacionpermanente\/?p=50310"},"modified":"2025-11-21T11:05:53","modified_gmt":"2025-11-21T10:05:53","slug":"la-sede-olavide-en-carmona-acoge-el-congreso-fuentes-y-documentos-para-la-historia","status":"publish","type":"post","link":"https:\/\/www.upo.es\/formacionpermanente\/la-sede-olavide-en-carmona-acoge-el-congreso-fuentes-y-documentos-para-la-historia\/","title":{"rendered":"La sede Olavide en Carmona acoge el congreso \u201cFuentes y documentos para la Historia\u201d"},"content":{"rendered":"<p>La Sede Olavide en Carmona &#8211; Rectora Rosario Valpuesta, ubicada en la hist\u00f3rica casa Palacio de los Briones de Carmona, acoge la celebraci\u00f3n del congreso \u201cFuentes y documentos para la Historia\u201d. Este encuentro acad\u00e9mico, que se extiende hasta el viernes 21 de noviembre, tiene como objetivo rendir homenaje al profesor de la Universidad Pablo de Olavide Antonio Jos\u00e9 L\u00f3pez Guti\u00e9rrez, recientemente jubilado.<\/p>\n<p>El programa aborda una rica variedad de temas centrados en el uso y la importancia de las fuentes documentales para la investigaci\u00f3n hist\u00f3rica, cubriendo periodos que van desde la Edad Media hasta la modernidad.<\/p>\n<p>La jornada inaugural se desarrolla en dos sesiones de tarde. En la primera, de 16:30 a 18:00 horas, se presentan ponencias sobre \u201cLa vida en Avil\u00e9s en el s. XVI: notarios y testigos en los testamentos\u201d, a cargo de Mar\u00eda Josefa Sanz Fuentes, de la Universidad de Oviedo; \u201cFuentes para la investigaci\u00f3n de la Historia de la Enfermer\u00eda\u201d, que imparte Antonio Mar\u00eda Claret Garc\u00eda Mart\u00ednez, de la Universidad de Huelva y \u201cFuentes para una historia local en los archivos de Tocina y Carmona, 1984-2022\u201d, que aborda Jos\u00e9 Mar\u00eda Carmona Dom\u00ednguez, del Archivo Municipal de Carmona.<\/p>\n<p>La segunda sesi\u00f3n, de 18:30 a 20:00 horas, se centra en la fiscalidad, con Jes\u00fas Garc\u00eda Ayoso, de la Universidad Pablo de Olavide, quien realiza una ponencia sobre \u201cFuentes para el estudio de la fiscalidad: las haciendas nobiliarias\u201d. El estudio de \u201cLa escriban\u00eda p\u00fablica de Dos Hermanas entre los siglos XV y XVI\u201d es otra de las tem\u00e1ticas a abordar, en esta ocasi\u00f3n por Jes\u00fas Barbero Rodr\u00edguez, de la UPO. Para finalizar la jornada del jueves se analizan \u201cLos archivos conventuales, provinciales y generales de las \u00f3rdenes religiosas en el Reino de Sevilla\u00bb, de la mano del profesor de la UPO Jos\u00e9 Mar\u00eda Miura Andrades.<\/p>\n<p>La jornada del 21 de noviembre comenzar\u00e1 a las 09:30 con un bloque que incluye a Luis Miguel de la Cruz Herranz, del Archivo Hist\u00f3rico Nacional, quien disertar\u00e1 sobre \u201cAlfonso X en el Archivo Hist\u00f3rico Nacional\u201d. A continuaci\u00f3n tomar\u00e1 el relevo Ram\u00f3n Ca\u00f1izares Jap\u00f3n, con una ponencia sobre \u201cLos testamentos de Domingo Mart\u00ednez. Un recorrido por el ciclo vital del pintor barroco\u201d. La profesora de la UPO Silvia Mar\u00eda P\u00e9rez Gonz\u00e1lez, por su parte, pondr\u00e1 sobre la mesa las \u201cFuentes para el estudio de las mujeres: el caso de Do\u00f1a Brianda de Villavicencio\u201d, mientras que, por su parte, Luis Cabeza Delgado, de la Universidad Pablo de Olavide, tratar\u00e1 sobre \u201cLas actas capitulares de la Catedral de Sevilla a fines de la Edad Media\u201d. Manuel Antonio Barea Rodr\u00edguez, tambi\u00e9n de la UPO, ser\u00e1 el encargado de poner fin a este bloque con la ponencia \u201cEl archivo de Jerez de la Frontera\u201d.<\/p>\n<p>La sesi\u00f3n de clausura, de 12:00 a 14:00 horas, profundizar\u00e1 en \u201cLa villa de Alcal\u00e1 de Guadaira en el tr\u00e1nsito a la modernidad: escribanos p\u00fablicos y documentos notariales\u201d, tem\u00e1tica que correr\u00e1 a cargo de Jes\u00fas Garc\u00eda D\u00edaz, de la Universidad Pablo de Olavide. A continuaci\u00f3n, ser\u00e1 el turno de Pilar Ostos Salcedo, de la Universidad de Sevilla, quien disertar\u00e1 sobre \u201cEl libro de las tablas de la catedral de C\u00f3rdoba y Alfonso X\u201d. Una vez finalizada la intervenci\u00f3n anterior, Mar\u00eda del Carmen del Camino Mart\u00ednez, de la Universidad de Sevilla, hablar\u00e1 sobre \u201cNotarios, mayordomos y oligarqu\u00eda urbana: una ventana a la vida privada de la familia Santill\u00e1n\u201d. El cierre del congreso correr\u00e1 a cargo del propio homenajeado, Antonio Jos\u00e9 L\u00f3pez Guti\u00e9rrez, quien expondr\u00e1 sobre \u00abLa Canciller\u00eda de Alfonso X\u00bb.<\/p>\n<p>Dicho congreso ha sido organizado con la coordinaci\u00f3n cient\u00edfica y acad\u00e9mica del Centro de Estudios e Investigaci\u00f3n de la Religiosidad Andaluza (CEIRA), bajo la direcci\u00f3n de Jos\u00e9 Mar\u00eda Miura Andrades, y cuenta con la colaboraci\u00f3n de la Facultad de Humanidades, el Departamento de Geograf\u00eda, Historia y Filosof\u00eda, y el Grupo de Investigaci\u00f3n CEIRA (HUM-686).<\/p>\n<p>Tambi\u00e9n cuenta con el apoyo de los proyectos de Investigaci\u00f3n Entangling Indigenous Knowledges in Universities (EDGES 101130077), Universidade Nova de Lisboa del Programa Marie Sk\u0142odowska-Curie actions y MOVICAST (Universidad de Castilla-La Mancha, PID2022- 136241NB-C21), financiado por MICIU\/AEI\/10.13039\/501100011033\/ y FEDER\/UE.<\/p>\n<p>M\u00e1s informaci\u00f3n: <a href=\"https:\/\/www.upo.es\/facultad-humanidades\/es\/de-interes\/Noticias-de-la-Facultad\/Congreso-Fuentes-y-Documentos-para-la-Historia-homenaje-al-profesor-Antonio-Jose-Lopez-Gutierrez\/\">https:\/\/www.upo.es\/facultad-humanidades\/es\/de-interes\/Noticias-de-la-Facultad\/Congreso-Fuentes-y-Documentos-para-la-Historia-homenaje-al-profesor-Antonio-Jose-Lopez-Gutierrez\/<\/a><\/p>\n","protected":false},"excerpt":{"rendered":"<p>La Sede Olavide en Carmona &#8211; Rectora Rosario Valpuesta, ubicada en la hist\u00f3rica casa Palacio de los Briones de Carmona, acoge la celebraci\u00f3n del congreso \u201cFuentes y documentos para la Historia\u201d. Este encuentro acad\u00e9mico, que se extiende hasta el viernes 21 de noviembre, tiene como objetivo rendir homenaje al profesor de la Universidad Pablo de [&hellip;]<\/p>\n","protected":false},"author":13,"featured_media":50323,"comment_status":"open","ping_status":"open","sticky":false,"template":"","format":"standard","meta":{"_acf_changed":false,"site-sidebar-layout":"default","site-content-layout":"","ast-site-content-layout":"default","site-content-style":"default","site-sidebar-style":"default","ast-global-header-display":"","ast-banner-title-visibility":"","ast-main-header-display":"","ast-hfb-above-header-display":"","ast-hfb-below-header-display":"","ast-hfb-mobile-header-display":"","site-post-title":"","ast-breadcrumbs-content":"","ast-featured-img":"","footer-sml-layout":"","ast-disable-related-posts":"","theme-transparent-header-meta":"default","adv-header-id-meta":"","stick-header-meta":"default","header-above-stick-meta":"","header-main-stick-meta":"","header-below-stick-meta":"","astra-migrate-meta-layouts":"set","ast-page-background-enabled":"default","ast-page-background-meta":{"desktop":{"background-color":"var(--ast-global-color-4)","background-image":"","background-repeat":"repeat","background-position":"center center","background-size":"auto","background-attachment":"scroll","background-type":"","background-media":"","overlay-type":"","overlay-color":"","overlay-opacity":"","overlay-gradient":""},"tablet":{"background-color":"","background-image":"","background-repeat":"repeat","background-position":"center center","background-size":"auto","background-attachment":"scroll","background-type":"","background-media":"","overlay-type":"","overlay-color":"","overlay-opacity":"","overlay-gradient":""},"mobile":{"background-color":"","background-image":"","background-repeat":"repeat","background-position":"center center","background-size":"auto","background-attachment":"scroll","background-type":"","background-media":"","overlay-type":"","overlay-color":"","overlay-opacity":"","overlay-gradient":""}},"ast-content-background-meta":{"desktop":{"background-color":"var(--ast-global-color-5)","background-image":"","background-repeat":"repeat","background-position":"center center","background-size":"auto","background-attachment":"scroll","background-type":"","background-media":"","overlay-type":"","overlay-color":"","overlay-opacity":"","overlay-gradient":""},"tablet":{"background-color":"var(--ast-global-color-5)","background-image":"","background-repeat":"repeat","background-position":"center center","background-size":"auto","background-attachment":"scroll","background-type":"","background-media":"","overlay-type":"","overlay-color":"","overlay-opacity":"","overlay-gradient":""},"mobile":{"background-color":"var(--ast-global-color-5)","background-image":"","background-repeat":"repeat","background-position":"center center","background-size":"auto","background-attachment":"scroll","background-type":"","background-media":"","overlay-type":"","overlay-color":"","overlay-opacity":"","overlay-gradient":""}},"footnotes":""},"categories":[698],"tags":[162,771,773,772,774,542],"class_list":["post-50310","post","type-post","status-publish","format-standard","has-post-thumbnail","hentry","category-olavide-en-carmona","tag-carmona","tag-congreso","tag-documentos","tag-fuentes","tag-historia","tag-olavide-en-carmona"],"acf":[],"yoast_head":"<!-- This site is optimized with the Yoast SEO plugin v27.5 - https:\/\/yoast.com\/product\/yoast-seo-wordpress\/ -->\n<title>La sede Olavide en Carmona acoge el congreso \u201cFuentes y documentos para la Historia\u201d - Formaci\u00f3n Permanente UPO<\/title>\n<meta name=\"robots\" content=\"index, follow, max-snippet:-1, max-image-preview:large, max-video-preview:-1\" \/>\n<link rel=\"canonical\" href=\"https:\/\/www.upo.es\/formacionpermanente\/la-sede-olavide-en-carmona-acoge-el-congreso-fuentes-y-documentos-para-la-historia\/\" \/>\n<meta property=\"og:locale\" content=\"es_ES\" \/>\n<meta property=\"og:type\" content=\"article\" \/>\n<meta property=\"og:title\" content=\"La sede Olavide en Carmona acoge el congreso \u201cFuentes y documentos para la Historia\u201d - Formaci\u00f3n Permanente UPO\" \/>\n<meta property=\"og:description\" content=\"La Sede Olavide en Carmona &#8211; Rectora Rosario Valpuesta, ubicada en la hist\u00f3rica casa Palacio de los Briones de Carmona, acoge la celebraci\u00f3n del congreso \u201cFuentes y documentos para la Historia\u201d. Este encuentro acad\u00e9mico, que se extiende hasta el viernes 21 de noviembre, tiene como objetivo rendir homenaje al profesor de la Universidad Pablo de [&hellip;]\" \/>\n<meta property=\"og:url\" content=\"https:\/\/www.upo.es\/formacionpermanente\/la-sede-olavide-en-carmona-acoge-el-congreso-fuentes-y-documentos-para-la-historia\/\" \/>\n<meta property=\"og:site_name\" content=\"Formaci\u00f3n Permanente UPO\" \/>\n<meta property=\"article:published_time\" content=\"2025-11-20T13:27:51+00:00\" \/>\n<meta property=\"article:modified_time\" content=\"2025-11-21T10:05:53+00:00\" \/>\n<meta property=\"og:image\" content=\"https:\/\/www.upo.es\/formacionpermanente\/wp-content\/imagenes\/uploads\/2025\/11\/IMG_0754-scaled.jpg\" \/>\n\t<meta property=\"og:image:width\" content=\"2560\" \/>\n\t<meta property=\"og:image:height\" content=\"1707\" \/>\n\t<meta property=\"og:image:type\" content=\"image\/jpeg\" \/>\n<meta name=\"author\" content=\"Rosario Heredia Tirado\" \/>\n<meta name=\"twitter:card\" content=\"summary_large_image\" \/>\n<meta name=\"twitter:label1\" content=\"Escrito por\" \/>\n\t<meta name=\"twitter:data1\" content=\"Rosario Heredia Tirado\" \/>\n\t<meta name=\"twitter:label2\" content=\"Tiempo de lectura\" \/>\n\t<meta name=\"twitter:data2\" content=\"4 minutos\" \/>\n<script type=\"application\/ld+json\" class=\"yoast-schema-graph\">{\"@context\":\"https:\\\/\\\/schema.org\",\"@graph\":[{\"@type\":\"Article\",\"@id\":\"https:\\\/\\\/www.upo.es\\\/formacionpermanente\\\/la-sede-olavide-en-carmona-acoge-el-congreso-fuentes-y-documentos-para-la-historia\\\/#article\",\"isPartOf\":{\"@id\":\"https:\\\/\\\/www.upo.es\\\/formacionpermanente\\\/la-sede-olavide-en-carmona-acoge-el-congreso-fuentes-y-documentos-para-la-historia\\\/\"},\"author\":{\"name\":\"Rosario Heredia Tirado\",\"@id\":\"https:\\\/\\\/www.upo.es\\\/formacionpermanente\\\/#\\\/schema\\\/person\\\/b8a4172b1d7f0d6b60c9ad7e0cc39165\"},\"headline\":\"La sede Olavide en Carmona acoge el congreso \u201cFuentes y documentos para la Historia\u201d\",\"datePublished\":\"2025-11-20T13:27:51+00:00\",\"dateModified\":\"2025-11-21T10:05:53+00:00\",\"mainEntityOfPage\":{\"@id\":\"https:\\\/\\\/www.upo.es\\\/formacionpermanente\\\/la-sede-olavide-en-carmona-acoge-el-congreso-fuentes-y-documentos-para-la-historia\\\/\"},\"wordCount\":757,\"commentCount\":0,\"publisher\":{\"@id\":\"https:\\\/\\\/www.upo.es\\\/formacionpermanente\\\/#organization\"},\"image\":{\"@id\":\"https:\\\/\\\/www.upo.es\\\/formacionpermanente\\\/la-sede-olavide-en-carmona-acoge-el-congreso-fuentes-y-documentos-para-la-historia\\\/#primaryimage\"},\"thumbnailUrl\":\"https:\\\/\\\/www.upo.es\\\/formacionpermanente\\\/wp-content\\\/imagenes\\\/uploads\\\/2025\\\/11\\\/IMG_0754-scaled.jpg\",\"keywords\":[\"carmona\",\"congreso\",\"documentos\",\"fuentes\",\"historia\",\"Olavide en Carmona\"],\"articleSection\":[\"Olavide en Carmona\"],\"inLanguage\":\"es\",\"potentialAction\":[{\"@type\":\"CommentAction\",\"name\":\"Comment\",\"target\":[\"https:\\\/\\\/www.upo.es\\\/formacionpermanente\\\/la-sede-olavide-en-carmona-acoge-el-congreso-fuentes-y-documentos-para-la-historia\\\/#respond\"]}]},{\"@type\":\"WebPage\",\"@id\":\"https:\\\/\\\/www.upo.es\\\/formacionpermanente\\\/la-sede-olavide-en-carmona-acoge-el-congreso-fuentes-y-documentos-para-la-historia\\\/\",\"url\":\"https:\\\/\\\/www.upo.es\\\/formacionpermanente\\\/la-sede-olavide-en-carmona-acoge-el-congreso-fuentes-y-documentos-para-la-historia\\\/\",\"name\":\"La sede Olavide en Carmona acoge el congreso \u201cFuentes y documentos para la Historia\u201d - Formaci\u00f3n Permanente UPO\",\"isPartOf\":{\"@id\":\"https:\\\/\\\/www.upo.es\\\/formacionpermanente\\\/#website\"},\"primaryImageOfPage\":{\"@id\":\"https:\\\/\\\/www.upo.es\\\/formacionpermanente\\\/la-sede-olavide-en-carmona-acoge-el-congreso-fuentes-y-documentos-para-la-historia\\\/#primaryimage\"},\"image\":{\"@id\":\"https:\\\/\\\/www.upo.es\\\/formacionpermanente\\\/la-sede-olavide-en-carmona-acoge-el-congreso-fuentes-y-documentos-para-la-historia\\\/#primaryimage\"},\"thumbnailUrl\":\"https:\\\/\\\/www.upo.es\\\/formacionpermanente\\\/wp-content\\\/imagenes\\\/uploads\\\/2025\\\/11\\\/IMG_0754-scaled.jpg\",\"datePublished\":\"2025-11-20T13:27:51+00:00\",\"dateModified\":\"2025-11-21T10:05:53+00:00\",\"breadcrumb\":{\"@id\":\"https:\\\/\\\/www.upo.es\\\/formacionpermanente\\\/la-sede-olavide-en-carmona-acoge-el-congreso-fuentes-y-documentos-para-la-historia\\\/#breadcrumb\"},\"inLanguage\":\"es\",\"potentialAction\":[{\"@type\":\"ReadAction\",\"target\":[\"https:\\\/\\\/www.upo.es\\\/formacionpermanente\\\/la-sede-olavide-en-carmona-acoge-el-congreso-fuentes-y-documentos-para-la-historia\\\/\"]}]},{\"@type\":\"ImageObject\",\"inLanguage\":\"es\",\"@id\":\"https:\\\/\\\/www.upo.es\\\/formacionpermanente\\\/la-sede-olavide-en-carmona-acoge-el-congreso-fuentes-y-documentos-para-la-historia\\\/#primaryimage\",\"url\":\"https:\\\/\\\/www.upo.es\\\/formacionpermanente\\\/wp-content\\\/imagenes\\\/uploads\\\/2025\\\/11\\\/IMG_0754-scaled.jpg\",\"contentUrl\":\"https:\\\/\\\/www.upo.es\\\/formacionpermanente\\\/wp-content\\\/imagenes\\\/uploads\\\/2025\\\/11\\\/IMG_0754-scaled.jpg\",\"width\":2560,\"height\":1707},{\"@type\":\"BreadcrumbList\",\"@id\":\"https:\\\/\\\/www.upo.es\\\/formacionpermanente\\\/la-sede-olavide-en-carmona-acoge-el-congreso-fuentes-y-documentos-para-la-historia\\\/#breadcrumb\",\"itemListElement\":[{\"@type\":\"ListItem\",\"position\":1,\"name\":\"Portada\",\"item\":\"https:\\\/\\\/www.upo.es\\\/formacionpermanente\\\/\"},{\"@type\":\"ListItem\",\"position\":2,\"name\":\"La sede Olavide en Carmona acoge el congreso \u201cFuentes y documentos para la Historia\u201d\"}]},{\"@type\":\"WebSite\",\"@id\":\"https:\\\/\\\/www.upo.es\\\/formacionpermanente\\\/#website\",\"url\":\"https:\\\/\\\/www.upo.es\\\/formacionpermanente\\\/\",\"name\":\"Formaci\u00f3n Permanente UPO\",\"description\":\"T\u00edtulos Propios, Microcredenciales, Cursos de Verano\",\"publisher\":{\"@id\":\"https:\\\/\\\/www.upo.es\\\/formacionpermanente\\\/#organization\"},\"potentialAction\":[{\"@type\":\"SearchAction\",\"target\":{\"@type\":\"EntryPoint\",\"urlTemplate\":\"https:\\\/\\\/www.upo.es\\\/formacionpermanente\\\/?s={search_term_string}\"},\"query-input\":{\"@type\":\"PropertyValueSpecification\",\"valueRequired\":true,\"valueName\":\"search_term_string\"}}],\"inLanguage\":\"es\"},{\"@type\":\"Organization\",\"@id\":\"https:\\\/\\\/www.upo.es\\\/formacionpermanente\\\/#organization\",\"name\":\"Formaci\u00f3n Permanente Universidad Pablo de Olavide\",\"alternateName\":\"Formaci\u00f3n Permanente UPO\",\"url\":\"https:\\\/\\\/www.upo.es\\\/formacionpermanente\\\/\",\"logo\":{\"@type\":\"ImageObject\",\"inLanguage\":\"es\",\"@id\":\"https:\\\/\\\/www.upo.es\\\/formacionpermanente\\\/#\\\/schema\\\/logo\\\/image\\\/\",\"url\":\"https:\\\/\\\/www.upo.es\\\/formacionpermanente\\\/wp-content\\\/imagenes\\\/uploads\\\/2023\\\/02\\\/Logo-UPO-azul-amarillo-horizontal.png\",\"contentUrl\":\"https:\\\/\\\/www.upo.es\\\/formacionpermanente\\\/wp-content\\\/imagenes\\\/uploads\\\/2023\\\/02\\\/Logo-UPO-azul-amarillo-horizontal.png\",\"width\":1000,\"height\":407,\"caption\":\"Formaci\u00f3n Permanente Universidad Pablo de Olavide\"},\"image\":{\"@id\":\"https:\\\/\\\/www.upo.es\\\/formacionpermanente\\\/#\\\/schema\\\/logo\\\/image\\\/\"}},{\"@type\":\"Person\",\"@id\":\"https:\\\/\\\/www.upo.es\\\/formacionpermanente\\\/#\\\/schema\\\/person\\\/b8a4172b1d7f0d6b60c9ad7e0cc39165\",\"name\":\"Rosario Heredia Tirado\",\"image\":{\"@type\":\"ImageObject\",\"inLanguage\":\"es\",\"@id\":\"https:\\\/\\\/secure.gravatar.com\\\/avatar\\\/e71ee4642062ca191746d52b80a5c79974abf65afbc75fb64d39cebd9ddd8ab4?s=96&d=mm&r=g\",\"url\":\"https:\\\/\\\/secure.gravatar.com\\\/avatar\\\/e71ee4642062ca191746d52b80a5c79974abf65afbc75fb64d39cebd9ddd8ab4?s=96&d=mm&r=g\",\"contentUrl\":\"https:\\\/\\\/secure.gravatar.com\\\/avatar\\\/e71ee4642062ca191746d52b80a5c79974abf65afbc75fb64d39cebd9ddd8ab4?s=96&d=mm&r=g\",\"caption\":\"Rosario Heredia Tirado\"},\"url\":\"https:\\\/\\\/www.upo.es\\\/formacionpermanente\\\/author\\\/rhertir\\\/\"}]}<\/script>\n<!-- \/ Yoast SEO plugin. -->","yoast_head_json":{"title":"La sede Olavide en Carmona acoge el congreso \u201cFuentes y documentos para la Historia\u201d - Formaci\u00f3n Permanente UPO","robots":{"index":"index","follow":"follow","max-snippet":"max-snippet:-1","max-image-preview":"max-image-preview:large","max-video-preview":"max-video-preview:-1"},"canonical":"https:\/\/www.upo.es\/formacionpermanente\/la-sede-olavide-en-carmona-acoge-el-congreso-fuentes-y-documentos-para-la-historia\/","og_locale":"es_ES","og_type":"article","og_title":"La sede Olavide en Carmona acoge el congreso \u201cFuentes y documentos para la Historia\u201d - Formaci\u00f3n Permanente UPO","og_description":"La Sede Olavide en Carmona &#8211; Rectora Rosario Valpuesta, ubicada en la hist\u00f3rica casa Palacio de los Briones de Carmona, acoge la celebraci\u00f3n del congreso \u201cFuentes y documentos para la Historia\u201d. Este encuentro acad\u00e9mico, que se extiende hasta el viernes 21 de noviembre, tiene como objetivo rendir homenaje al profesor de la Universidad Pablo de [&hellip;]","og_url":"https:\/\/www.upo.es\/formacionpermanente\/la-sede-olavide-en-carmona-acoge-el-congreso-fuentes-y-documentos-para-la-historia\/","og_site_name":"Formaci\u00f3n Permanente UPO","article_published_time":"2025-11-20T13:27:51+00:00","article_modified_time":"2025-11-21T10:05:53+00:00","og_image":[{"width":2560,"height":1707,"url":"https:\/\/www.upo.es\/formacionpermanente\/wp-content\/imagenes\/uploads\/2025\/11\/IMG_0754-scaled.jpg","type":"image\/jpeg"}],"author":"Rosario Heredia Tirado","twitter_card":"summary_large_image","twitter_misc":{"Escrito por":"Rosario Heredia Tirado","Tiempo de lectura":"4 minutos"},"schema":{"@context":"https:\/\/schema.org","@graph":[{"@type":"Article","@id":"https:\/\/www.upo.es\/formacionpermanente\/la-sede-olavide-en-carmona-acoge-el-congreso-fuentes-y-documentos-para-la-historia\/#article","isPartOf":{"@id":"https:\/\/www.upo.es\/formacionpermanente\/la-sede-olavide-en-carmona-acoge-el-congreso-fuentes-y-documentos-para-la-historia\/"},"author":{"name":"Rosario Heredia Tirado","@id":"https:\/\/www.upo.es\/formacionpermanente\/#\/schema\/person\/b8a4172b1d7f0d6b60c9ad7e0cc39165"},"headline":"La sede Olavide en Carmona acoge el congreso \u201cFuentes y documentos para la Historia\u201d","datePublished":"2025-11-20T13:27:51+00:00","dateModified":"2025-11-21T10:05:53+00:00","mainEntityOfPage":{"@id":"https:\/\/www.upo.es\/formacionpermanente\/la-sede-olavide-en-carmona-acoge-el-congreso-fuentes-y-documentos-para-la-historia\/"},"wordCount":757,"commentCount":0,"publisher":{"@id":"https:\/\/www.upo.es\/formacionpermanente\/#organization"},"image":{"@id":"https:\/\/www.upo.es\/formacionpermanente\/la-sede-olavide-en-carmona-acoge-el-congreso-fuentes-y-documentos-para-la-historia\/#primaryimage"},"thumbnailUrl":"https:\/\/www.upo.es\/formacionpermanente\/wp-content\/imagenes\/uploads\/2025\/11\/IMG_0754-scaled.jpg","keywords":["carmona","congreso","documentos","fuentes","historia","Olavide en Carmona"],"articleSection":["Olavide en Carmona"],"inLanguage":"es","potentialAction":[{"@type":"CommentAction","name":"Comment","target":["https:\/\/www.upo.es\/formacionpermanente\/la-sede-olavide-en-carmona-acoge-el-congreso-fuentes-y-documentos-para-la-historia\/#respond"]}]},{"@type":"WebPage","@id":"https:\/\/www.upo.es\/formacionpermanente\/la-sede-olavide-en-carmona-acoge-el-congreso-fuentes-y-documentos-para-la-historia\/","url":"https:\/\/www.upo.es\/formacionpermanente\/la-sede-olavide-en-carmona-acoge-el-congreso-fuentes-y-documentos-para-la-historia\/","name":"La sede Olavide en Carmona acoge el congreso \u201cFuentes y documentos para la Historia\u201d - Formaci\u00f3n Permanente UPO","isPartOf":{"@id":"https:\/\/www.upo.es\/formacionpermanente\/#website"},"primaryImageOfPage":{"@id":"https:\/\/www.upo.es\/formacionpermanente\/la-sede-olavide-en-carmona-acoge-el-congreso-fuentes-y-documentos-para-la-historia\/#primaryimage"},"image":{"@id":"https:\/\/www.upo.es\/formacionpermanente\/la-sede-olavide-en-carmona-acoge-el-congreso-fuentes-y-documentos-para-la-historia\/#primaryimage"},"thumbnailUrl":"https:\/\/www.upo.es\/formacionpermanente\/wp-content\/imagenes\/uploads\/2025\/11\/IMG_0754-scaled.jpg","datePublished":"2025-11-20T13:27:51+00:00","dateModified":"2025-11-21T10:05:53+00:00","breadcrumb":{"@id":"https:\/\/www.upo.es\/formacionpermanente\/la-sede-olavide-en-carmona-acoge-el-congreso-fuentes-y-documentos-para-la-historia\/#breadcrumb"},"inLanguage":"es","potentialAction":[{"@type":"ReadAction","target":["https:\/\/www.upo.es\/formacionpermanente\/la-sede-olavide-en-carmona-acoge-el-congreso-fuentes-y-documentos-para-la-historia\/"]}]},{"@type":"ImageObject","inLanguage":"es","@id":"https:\/\/www.upo.es\/formacionpermanente\/la-sede-olavide-en-carmona-acoge-el-congreso-fuentes-y-documentos-para-la-historia\/#primaryimage","url":"https:\/\/www.upo.es\/formacionpermanente\/wp-content\/imagenes\/uploads\/2025\/11\/IMG_0754-scaled.jpg","contentUrl":"https:\/\/www.upo.es\/formacionpermanente\/wp-content\/imagenes\/uploads\/2025\/11\/IMG_0754-scaled.jpg","width":2560,"height":1707},{"@type":"BreadcrumbList","@id":"https:\/\/www.upo.es\/formacionpermanente\/la-sede-olavide-en-carmona-acoge-el-congreso-fuentes-y-documentos-para-la-historia\/#breadcrumb","itemListElement":[{"@type":"ListItem","position":1,"name":"Portada","item":"https:\/\/www.upo.es\/formacionpermanente\/"},{"@type":"ListItem","position":2,"name":"La sede Olavide en Carmona acoge el congreso \u201cFuentes y documentos para la Historia\u201d"}]},{"@type":"WebSite","@id":"https:\/\/www.upo.es\/formacionpermanente\/#website","url":"https:\/\/www.upo.es\/formacionpermanente\/","name":"Formaci\u00f3n Permanente UPO","description":"T\u00edtulos Propios, Microcredenciales, Cursos de Verano","publisher":{"@id":"https:\/\/www.upo.es\/formacionpermanente\/#organization"},"potentialAction":[{"@type":"SearchAction","target":{"@type":"EntryPoint","urlTemplate":"https:\/\/www.upo.es\/formacionpermanente\/?s={search_term_string}"},"query-input":{"@type":"PropertyValueSpecification","valueRequired":true,"valueName":"search_term_string"}}],"inLanguage":"es"},{"@type":"Organization","@id":"https:\/\/www.upo.es\/formacionpermanente\/#organization","name":"Formaci\u00f3n Permanente Universidad Pablo de Olavide","alternateName":"Formaci\u00f3n Permanente UPO","url":"https:\/\/www.upo.es\/formacionpermanente\/","logo":{"@type":"ImageObject","inLanguage":"es","@id":"https:\/\/www.upo.es\/formacionpermanente\/#\/schema\/logo\/image\/","url":"https:\/\/www.upo.es\/formacionpermanente\/wp-content\/imagenes\/uploads\/2023\/02\/Logo-UPO-azul-amarillo-horizontal.png","contentUrl":"https:\/\/www.upo.es\/formacionpermanente\/wp-content\/imagenes\/uploads\/2023\/02\/Logo-UPO-azul-amarillo-horizontal.png","width":1000,"height":407,"caption":"Formaci\u00f3n Permanente Universidad Pablo de Olavide"},"image":{"@id":"https:\/\/www.upo.es\/formacionpermanente\/#\/schema\/logo\/image\/"}},{"@type":"Person","@id":"https:\/\/www.upo.es\/formacionpermanente\/#\/schema\/person\/b8a4172b1d7f0d6b60c9ad7e0cc39165","name":"Rosario Heredia Tirado","image":{"@type":"ImageObject","inLanguage":"es","@id":"https:\/\/secure.gravatar.com\/avatar\/e71ee4642062ca191746d52b80a5c79974abf65afbc75fb64d39cebd9ddd8ab4?s=96&d=mm&r=g","url":"https:\/\/secure.gravatar.com\/avatar\/e71ee4642062ca191746d52b80a5c79974abf65afbc75fb64d39cebd9ddd8ab4?s=96&d=mm&r=g","contentUrl":"https:\/\/secure.gravatar.com\/avatar\/e71ee4642062ca191746d52b80a5c79974abf65afbc75fb64d39cebd9ddd8ab4?s=96&d=mm&r=g","caption":"Rosario Heredia Tirado"},"url":"https:\/\/www.upo.es\/formacionpermanente\/author\/rhertir\/"}]}},"_links":{"self":[{"href":"https:\/\/www.upo.es\/formacionpermanente\/wp-json\/wp\/v2\/posts\/50310","targetHints":{"allow":["GET"]}}],"collection":[{"href":"https:\/\/www.upo.es\/formacionpermanente\/wp-json\/wp\/v2\/posts"}],"about":[{"href":"https:\/\/www.upo.es\/formacionpermanente\/wp-json\/wp\/v2\/types\/post"}],"author":[{"embeddable":true,"href":"https:\/\/www.upo.es\/formacionpermanente\/wp-json\/wp\/v2\/users\/13"}],"replies":[{"embeddable":true,"href":"https:\/\/www.upo.es\/formacionpermanente\/wp-json\/wp\/v2\/comments?post=50310"}],"version-history":[{"count":3,"href":"https:\/\/www.upo.es\/formacionpermanente\/wp-json\/wp\/v2\/posts\/50310\/revisions"}],"predecessor-version":[{"id":50322,"href":"https:\/\/www.upo.es\/formacionpermanente\/wp-json\/wp\/v2\/posts\/50310\/revisions\/50322"}],"wp:featuredmedia":[{"embeddable":true,"href":"https:\/\/www.upo.es\/formacionpermanente\/wp-json\/wp\/v2\/media\/50323"}],"wp:attachment":[{"href":"https:\/\/www.upo.es\/formacionpermanente\/wp-json\/wp\/v2\/media?parent=50310"}],"wp:term":[{"taxonomy":"category","embeddable":true,"href":"https:\/\/www.upo.es\/formacionpermanente\/wp-json\/wp\/v2\/categories?post=50310"},{"taxonomy":"post_tag","embeddable":true,"href":"https:\/\/www.upo.es\/formacionpermanente\/wp-json\/wp\/v2\/tags?post=50310"}],"curies":[{"name":"wp","href":"https:\/\/api.w.org\/{rel}","templated":true}]}}