{"id":50343,"date":"2025-11-25T11:03:49","date_gmt":"2025-11-25T10:03:49","guid":{"rendered":"https:\/\/www.upo.es\/formacionpermanente\/?p=50343"},"modified":"2025-11-25T11:03:49","modified_gmt":"2025-11-25T10:03:49","slug":"la-universidad-pablo-de-olavide-celebra-diez-anos-de-formacion-en-bim","status":"publish","type":"post","link":"https:\/\/www.upo.es\/formacionpermanente\/la-universidad-pablo-de-olavide-celebra-diez-anos-de-formacion-en-bim\/","title":{"rendered":"La Universidad Pablo de Olavide celebra diez a\u00f1os de formaci\u00f3n en BIM"},"content":{"rendered":"<p><strong>Una formaci\u00f3n que cuenta ya con m\u00e1s de 590 profesionales formados en la UPO y que actualmente oferta seis t\u00edtulos propios en diferentes modalidades (presencial y online)<\/strong><\/p>\n<p>La Universidad Pablo de Olavide celebra este curso acad\u00e9mico una d\u00e9cada de formaci\u00f3n en Building Information Modeling (BIM) a trav\u00e9s de sus programas de formaci\u00f3n permanente. Para conmemorar esta efem\u00e9ride, este lunes se ha celebrado en la Sala de Prensa del Rectorado UPO la jornada \u201910 a\u00f1os de formaci\u00f3n BIM en la Universidad Pablo de Olavide\u2019, un encuentro en el que se han dado cita profesionales del \u00e1mbito de la arquitectura y la ingenier\u00eda, estudiantes y egresados del m\u00e1ster y empresas colaboradoras.<\/p>\n<p>El encuentro ha estado presidido por el rector, Francisco Oliva Bl\u00e1zquez, y ha contado con la presencia de la vicerrectora de Relaciones Institucionales, Formaci\u00f3n Permanente y Fundaciones, Laura L\u00f3pez de la Cruz; de la directora acad\u00e9mica de estos programas, Macarena Hern\u00e1ndez Ram\u00edrez; del director ejecutivo, Carlos Lucena Gonz\u00e1lez; y de la directora de calidad de los mismos, Macarena Tejada Tejada. Una jornada que ha contado con al patrocinio de 360 BIM, GGT de Sevilla, LIDERA SPORT, T10 Team, y RF Aeco Competence Center.<\/p>\n<p>El modelo BIM se basa en la creaci\u00f3n y utilizaci\u00f3n de modelos digitales tridimensionales que contienen informaci\u00f3n detallada sobre cada aspecto de un edificio o infraestructura. Adem\u00e1s, facilita la colaboraci\u00f3n entre los diversos actores del proyecto al permitir el intercambio de datos en tiempo real, mejorando la eficiencia y reduciendo errores durante todo el ciclo de vida del proyecto. Este enfoque contribuye a una toma de decisiones m\u00e1s informada y a la optimizaci\u00f3n de los recursos en la industria de la construcci\u00f3n.<\/p>\n<p>Durante el acto, el rector ha puesto de manifiesto \u201cla importancia de una formaci\u00f3n tan espec\u00edfica y tan importante para la universidad como es la formaci\u00f3n en BIM, una f\u00f3rmula de \u00e9xito que va creciendo poco a poco\u201d. Adem\u00e1s, ha destacado que \u201cel BIM no es algo puramente t\u00e9cnico, sino que es algo que convierte a la arquitectura en m\u00e1s accesible, m\u00e1s humana y m\u00e1s ciudadana\u201d.<\/p>\n<p>Por su parte, la directora acad\u00e9mica ha se\u00f1alado a lo largo de estos diez a\u00f1os, la universidad ha formado a profesionales que buscan construir un futuro m\u00e1s sostenible a trav\u00e9s de una metodolog\u00eda transformadora y cuyo \u00edndice de empleabilidad roza el 99%. Adem\u00e1s, ha destacado que en la universidad el BIM \u201centra en di\u00e1logo con otras disciplinas, como la geograf\u00eda o la antropolog\u00eda, y se abre a nuevos potenciales y nuevos campos en los que poder seguir evolucionando\u201d.<\/p>\n<p>Tras la inauguraci\u00f3n se ha celebrado la mesa redonda \u2018BIM y la empleabilidad, el desarrollo profesional de nuestros universitarios y universitarias\u2019, que ha contado como ponentes con: Alejandro Folgar, experto y consultor BIM en 360 BIM; Pablo Olivares, de la Agencia de Obra P\u00fablica de la Junta de Andaluc\u00eda; Luis Montero, de GGTEC Gabinete de Gesti\u00f3n T\u00e9cnica; Ana Meseguer, head of BIM en GHENOVA; y Mar\u00eda Blanco, BIM Manager en T10 Team.<\/p>\n<p>Una mesa redonda durante la cual se ha abordado el recorrido del BIM a lo largo de los \u00faltimos diez a\u00f1os, la aplicaci\u00f3n de BIM a la obra y a las licitaciones p\u00fablicas, el concepto de gemelo digital, el impulso de la externalizaci\u00f3n de las empresas BIM y su proyecci\u00f3n en el mercado latinoamericano y europeo o la implementaci\u00f3n de la IA en los procesos BIM.<\/p>\n<p>El encuentro, que ha situado a la Olavide como referente en la formaci\u00f3n BIM universitaria con m\u00e1s de diez ediciones de este programa y 598 egresados y egresadas, ha finalizado con unas palabras de la vicerrectora de Relaciones Institucionales, Formaci\u00f3n Permanente y Fundaciones, quien ha reiterado la enhorabuena a la direcci\u00f3n de los t\u00edtulos por la puesta en marcha de estos programas y a las 26 empresas colaboradoras por apostar por esta formaci\u00f3n y facilitar la inserci\u00f3n profesional a trav\u00e9s de la realizaci\u00f3n de pr\u00e1cticas profesionales.<\/p>\n<p><img fetchpriority=\"high\" decoding=\"async\" class=\"wp-image-50346 size-large\" src=\"https:\/\/www.upo.es\/formacionpermanente\/wp-content\/imagenes\/uploads\/2025\/11\/IMG_3165-1024x683.jpg\" alt=\"Acto BIM 2\" width=\"1024\" height=\"683\" srcset=\"https:\/\/www.upo.es\/formacionpermanente\/wp-content\/imagenes\/uploads\/2025\/11\/IMG_3165-1024x683.jpg 1024w, https:\/\/www.upo.es\/formacionpermanente\/wp-content\/imagenes\/uploads\/2025\/11\/IMG_3165-300x200.jpg 300w, https:\/\/www.upo.es\/formacionpermanente\/wp-content\/imagenes\/uploads\/2025\/11\/IMG_3165-768x512.jpg 768w, https:\/\/www.upo.es\/formacionpermanente\/wp-content\/imagenes\/uploads\/2025\/11\/IMG_3165-1536x1024.jpg 1536w, https:\/\/www.upo.es\/formacionpermanente\/wp-content\/imagenes\/uploads\/2025\/11\/IMG_3165-2048x1365.jpg 2048w\" sizes=\"(max-width: 1024px) 100vw, 1024px\" \/><\/p>\n<p><strong>Formaci\u00f3n BIM en la Universidad Pablo de Olavide<\/strong><\/p>\n<p>Desde la puesta en marcha del Diploma de Experto BIM y Arquitectura Sostenible, en modalidad presencial, en el curso acad\u00e9mico 2015\/2016 hasta hoy en d\u00eda los estudiantes de la formaci\u00f3n BIM en la Universidad Pablo de Olavide se han especializado con un enfoque integral para la planificaci\u00f3n, dise\u00f1o, construcci\u00f3n y gesti\u00f3n de proyectos de construcci\u00f3n.<\/p>\n<p>Actualmente, en la Universidad Pablo de Olavide est\u00e1n activos seis programas de t\u00edtulos propios en BIM: M\u00e1ster de Formaci\u00f3n Permanente International BIM Manager for Project Management according to ISO 19650: Building Information Modelling (d\u00e9cima edici\u00f3n presencial y octava online); Diploma de Especializaci\u00f3n BIM &amp; VDC (virtual Design and Construction) (d\u00e9cima edici\u00f3n presencial y octava online); y Diploma de Experto BIM &amp; Arquitectura Sostenible (und\u00e9cima edici\u00f3n presencial y octava online). Adem\u00e1s, en este curso acad\u00e9mico se han incluido nuevas titulaciones a la oferta ya existente, son los t\u00edtulos: M\u00e1ster de Formaci\u00f3n Permanente en International BIM Manager for Railway Infraestructuras by Railway Innovation Hub (RIH); M\u00e1ster de Formaci\u00f3n Permanente High-Performance Stadium Architecture &amp; Design; y Diploma de Experto\/Certificado Universitario en Metodolog\u00eda BIM para Jefes de obra: Uso de BIM en Fase de Obra\/Construcci\u00f3n.<\/p>\n<p>Uno de los aspectos m\u00e1s importantes de los estudios de BIM ofertados en la Olavide es su alta tasa de empleabilidad, a lo largo de estos diez a\u00f1os se han ofertado 115 pr\u00e1cticas extracurriculares para sus estudiantes, siendo m\u00e1s de 40 las empresas que han solicitado incorporar al alumnado a sus entidades. Entre estas empresas se encuentran: AtBIM, RF Aeco Competence Center, Ayesa, 360 BIM, MV-BIM, GRULOP, Agencia Doctrina Qualitas (DQ), GGTEC, CYPE Ingenieros, T10 Team, MR Arquitectos, SAPRO, Cruz y Ortiz Arquitectos, My Nomad Lawyer, LEICA Geosystemas, PLEXOS Project, APLITOP, BUHODRA Ingenier\u00eda, Topcon Positioning Systems, Raiway Innovation Hub (RIH), Asociaci\u00f3n Latinoamericana de Metros y Subterr\u00e1neos (ALAMYS), Grupo EBONE, LIDERA SPORT, Figueras, Honeywell y RIASPORT.<\/p>\n<p>Los t\u00edtulos BIM impartidos en la Universidad Pablo de Olavide son T\u00edtulos Propios, ense\u00f1anzas de Formaci\u00f3n Permanente conducentes a la obtenci\u00f3n de t\u00edtulos dise\u00f1ados y organizados por la universidad en colaboraci\u00f3n con profesionales y expertos de diferentes organizaciones y con validez en todo el territorio nacional. Son programas que tienen como objetivo la capacitaci\u00f3n de su estudiantado para el desarrollo de su profesi\u00f3n, actualizando y ampliando sus conocimientos, sus capacidades y sus habilidades facilitando as\u00ed el acceso al mercado laboral.<\/p>\n<p>Los t\u00edtulos propios de la Universidad Pablo de Olavide est\u00e1n gestionados por el \u00c1rea de T\u00edtulos Propios de la Fundaci\u00f3n UPO bajo las directrices del Vicerrectorado de Relaciones Institucionales, Formaci\u00f3n Permanente y Fundaciones de la UPO.<\/p>\n<p>M\u00e1s informaci\u00f3n: <a href=\"https:\/\/www.upo.es\/formacionpermanente\/titulos-propios\/cursos-en-bim-y-vdc\/\">https:\/\/www.upo.es\/formacionpermanente\/titulos-propios\/cursos-en-bim-y-vdc\/<\/a><\/p>\n<p>&nbsp;<\/p>\n<p>&nbsp;<\/p>\n<p>&nbsp;<\/p>\n","protected":false},"excerpt":{"rendered":"<p>Una formaci\u00f3n que cuenta ya con m\u00e1s de 590 profesionales formados en la UPO y que actualmente oferta seis t\u00edtulos propios en diferentes modalidades (presencial y online) La Universidad Pablo de Olavide celebra este curso acad\u00e9mico una d\u00e9cada de formaci\u00f3n en Building Information Modeling (BIM) a trav\u00e9s de sus programas de formaci\u00f3n permanente. Para conmemorar [&hellip;]<\/p>\n","protected":false},"author":7,"featured_media":50344,"comment_status":"open","ping_status":"open","sticky":false,"template":"","format":"standard","meta":{"_acf_changed":false,"site-sidebar-layout":"default","site-content-layout":"","ast-site-content-layout":"default","site-content-style":"default","site-sidebar-style":"default","ast-global-header-display":"","ast-banner-title-visibility":"","ast-main-header-display":"","ast-hfb-above-header-display":"","ast-hfb-below-header-display":"","ast-hfb-mobile-header-display":"","site-post-title":"","ast-breadcrumbs-content":"","ast-featured-img":"","footer-sml-layout":"","ast-disable-related-posts":"","theme-transparent-header-meta":"default","adv-header-id-meta":"","stick-header-meta":"default","header-above-stick-meta":"","header-main-stick-meta":"","header-below-stick-meta":"","astra-migrate-meta-layouts":"set","ast-page-background-enabled":"default","ast-page-background-meta":{"desktop":{"background-color":"var(--ast-global-color-4)","background-image":"","background-repeat":"repeat","background-position":"center center","background-size":"auto","background-attachment":"scroll","background-type":"","background-media":"","overlay-type":"","overlay-color":"","overlay-opacity":"","overlay-gradient":""},"tablet":{"background-color":"","background-image":"","background-repeat":"repeat","background-position":"center center","background-size":"auto","background-attachment":"scroll","background-type":"","background-media":"","overlay-type":"","overlay-color":"","overlay-opacity":"","overlay-gradient":""},"mobile":{"background-color":"","background-image":"","background-repeat":"repeat","background-position":"center center","background-size":"auto","background-attachment":"scroll","background-type":"","background-media":"","overlay-type":"","overlay-color":"","overlay-opacity":"","overlay-gradient":""}},"ast-content-background-meta":{"desktop":{"background-color":"var(--ast-global-color-5)","background-image":"","background-repeat":"repeat","background-position":"center center","background-size":"auto","background-attachment":"scroll","background-type":"","background-media":"","overlay-type":"","overlay-color":"","overlay-opacity":"","overlay-gradient":""},"tablet":{"background-color":"var(--ast-global-color-5)","background-image":"","background-repeat":"repeat","background-position":"center center","background-size":"auto","background-attachment":"scroll","background-type":"","background-media":"","overlay-type":"","overlay-color":"","overlay-opacity":"","overlay-gradient":""},"mobile":{"background-color":"var(--ast-global-color-5)","background-image":"","background-repeat":"repeat","background-position":"center center","background-size":"auto","background-attachment":"scroll","background-type":"","background-media":"","overlay-type":"","overlay-color":"","overlay-opacity":"","overlay-gradient":""}},"footnotes":""},"categories":[217],"tags":[412,505,42,775,457,291],"class_list":["post-50343","post","type-post","status-publish","format-standard","has-post-thumbnail","hentry","category-titulos-propios","tag-arquitectura","tag-bim","tag-formacion-permanente","tag-ingenieria","tag-titulos-propios","tag-universidad-pablo-de-olavide"],"acf":[],"yoast_head":"<!-- This site is optimized with the Yoast SEO plugin v27.4 - https:\/\/yoast.com\/product\/yoast-seo-wordpress\/ -->\n<title>La Universidad Pablo de Olavide celebra diez a\u00f1os de formaci\u00f3n en BIM - Formaci\u00f3n Permanente UPO<\/title>\n<meta name=\"robots\" content=\"index, follow, max-snippet:-1, max-image-preview:large, max-video-preview:-1\" \/>\n<link rel=\"canonical\" href=\"https:\/\/www.upo.es\/formacionpermanente\/la-universidad-pablo-de-olavide-celebra-diez-anos-de-formacion-en-bim\/\" \/>\n<meta property=\"og:locale\" content=\"es_ES\" \/>\n<meta property=\"og:type\" content=\"article\" \/>\n<meta property=\"og:title\" content=\"La Universidad Pablo de Olavide celebra diez a\u00f1os de formaci\u00f3n en BIM - Formaci\u00f3n Permanente UPO\" \/>\n<meta property=\"og:description\" content=\"Una formaci\u00f3n que cuenta ya con m\u00e1s de 590 profesionales formados en la UPO y que actualmente oferta seis t\u00edtulos propios en diferentes modalidades (presencial y online) La Universidad Pablo de Olavide celebra este curso acad\u00e9mico una d\u00e9cada de formaci\u00f3n en Building Information Modeling (BIM) a trav\u00e9s de sus programas de formaci\u00f3n permanente. Para conmemorar [&hellip;]\" \/>\n<meta property=\"og:url\" content=\"https:\/\/www.upo.es\/formacionpermanente\/la-universidad-pablo-de-olavide-celebra-diez-anos-de-formacion-en-bim\/\" \/>\n<meta property=\"og:site_name\" content=\"Formaci\u00f3n Permanente UPO\" \/>\n<meta property=\"article:published_time\" content=\"2025-11-25T10:03:49+00:00\" \/>\n<meta property=\"og:image\" content=\"https:\/\/www.upo.es\/formacionpermanente\/wp-content\/imagenes\/uploads\/2025\/11\/IMG_3117-scaled.jpg\" \/>\n\t<meta property=\"og:image:width\" content=\"2560\" \/>\n\t<meta property=\"og:image:height\" content=\"1707\" \/>\n\t<meta property=\"og:image:type\" content=\"image\/jpeg\" \/>\n<meta name=\"author\" content=\"Nuria Mu\u00f1oz Fern\u00e1ndez\" \/>\n<meta name=\"twitter:card\" content=\"summary_large_image\" \/>\n<meta name=\"twitter:label1\" content=\"Escrito por\" \/>\n\t<meta name=\"twitter:data1\" content=\"Nuria Mu\u00f1oz Fern\u00e1ndez\" \/>\n\t<meta name=\"twitter:label2\" content=\"Tiempo de lectura\" \/>\n\t<meta name=\"twitter:data2\" content=\"6 minutos\" \/>\n<script type=\"application\/ld+json\" class=\"yoast-schema-graph\">{\"@context\":\"https:\\\/\\\/schema.org\",\"@graph\":[{\"@type\":\"Article\",\"@id\":\"https:\\\/\\\/www.upo.es\\\/formacionpermanente\\\/la-universidad-pablo-de-olavide-celebra-diez-anos-de-formacion-en-bim\\\/#article\",\"isPartOf\":{\"@id\":\"https:\\\/\\\/www.upo.es\\\/formacionpermanente\\\/la-universidad-pablo-de-olavide-celebra-diez-anos-de-formacion-en-bim\\\/\"},\"author\":{\"name\":\"Nuria Mu\u00f1oz Fern\u00e1ndez\",\"@id\":\"https:\\\/\\\/www.upo.es\\\/formacionpermanente\\\/#\\\/schema\\\/person\\\/51978fdabf0a5e2117cc6647819ed739\"},\"headline\":\"La Universidad Pablo de Olavide celebra diez a\u00f1os de formaci\u00f3n en BIM\",\"datePublished\":\"2025-11-25T10:03:49+00:00\",\"mainEntityOfPage\":{\"@id\":\"https:\\\/\\\/www.upo.es\\\/formacionpermanente\\\/la-universidad-pablo-de-olavide-celebra-diez-anos-de-formacion-en-bim\\\/\"},\"wordCount\":1205,\"commentCount\":0,\"publisher\":{\"@id\":\"https:\\\/\\\/www.upo.es\\\/formacionpermanente\\\/#organization\"},\"image\":{\"@id\":\"https:\\\/\\\/www.upo.es\\\/formacionpermanente\\\/la-universidad-pablo-de-olavide-celebra-diez-anos-de-formacion-en-bim\\\/#primaryimage\"},\"thumbnailUrl\":\"https:\\\/\\\/www.upo.es\\\/formacionpermanente\\\/wp-content\\\/imagenes\\\/uploads\\\/2025\\\/11\\\/IMG_3117-scaled.jpg\",\"keywords\":[\"arquitectura\",\"BIM\",\"Formaci\u00f3n Permanente\",\"ingenier\u00eda\",\"Titulos propios\",\"Universidad Pablo de Olavide\"],\"articleSection\":[\"T\u00edtulos Propios\"],\"inLanguage\":\"es\",\"potentialAction\":[{\"@type\":\"CommentAction\",\"name\":\"Comment\",\"target\":[\"https:\\\/\\\/www.upo.es\\\/formacionpermanente\\\/la-universidad-pablo-de-olavide-celebra-diez-anos-de-formacion-en-bim\\\/#respond\"]}]},{\"@type\":\"WebPage\",\"@id\":\"https:\\\/\\\/www.upo.es\\\/formacionpermanente\\\/la-universidad-pablo-de-olavide-celebra-diez-anos-de-formacion-en-bim\\\/\",\"url\":\"https:\\\/\\\/www.upo.es\\\/formacionpermanente\\\/la-universidad-pablo-de-olavide-celebra-diez-anos-de-formacion-en-bim\\\/\",\"name\":\"La Universidad Pablo de Olavide celebra diez a\u00f1os de formaci\u00f3n en BIM - Formaci\u00f3n Permanente UPO\",\"isPartOf\":{\"@id\":\"https:\\\/\\\/www.upo.es\\\/formacionpermanente\\\/#website\"},\"primaryImageOfPage\":{\"@id\":\"https:\\\/\\\/www.upo.es\\\/formacionpermanente\\\/la-universidad-pablo-de-olavide-celebra-diez-anos-de-formacion-en-bim\\\/#primaryimage\"},\"image\":{\"@id\":\"https:\\\/\\\/www.upo.es\\\/formacionpermanente\\\/la-universidad-pablo-de-olavide-celebra-diez-anos-de-formacion-en-bim\\\/#primaryimage\"},\"thumbnailUrl\":\"https:\\\/\\\/www.upo.es\\\/formacionpermanente\\\/wp-content\\\/imagenes\\\/uploads\\\/2025\\\/11\\\/IMG_3117-scaled.jpg\",\"datePublished\":\"2025-11-25T10:03:49+00:00\",\"breadcrumb\":{\"@id\":\"https:\\\/\\\/www.upo.es\\\/formacionpermanente\\\/la-universidad-pablo-de-olavide-celebra-diez-anos-de-formacion-en-bim\\\/#breadcrumb\"},\"inLanguage\":\"es\",\"potentialAction\":[{\"@type\":\"ReadAction\",\"target\":[\"https:\\\/\\\/www.upo.es\\\/formacionpermanente\\\/la-universidad-pablo-de-olavide-celebra-diez-anos-de-formacion-en-bim\\\/\"]}]},{\"@type\":\"ImageObject\",\"inLanguage\":\"es\",\"@id\":\"https:\\\/\\\/www.upo.es\\\/formacionpermanente\\\/la-universidad-pablo-de-olavide-celebra-diez-anos-de-formacion-en-bim\\\/#primaryimage\",\"url\":\"https:\\\/\\\/www.upo.es\\\/formacionpermanente\\\/wp-content\\\/imagenes\\\/uploads\\\/2025\\\/11\\\/IMG_3117-scaled.jpg\",\"contentUrl\":\"https:\\\/\\\/www.upo.es\\\/formacionpermanente\\\/wp-content\\\/imagenes\\\/uploads\\\/2025\\\/11\\\/IMG_3117-scaled.jpg\",\"width\":2560,\"height\":1707,\"caption\":\"Acto BIM\"},{\"@type\":\"BreadcrumbList\",\"@id\":\"https:\\\/\\\/www.upo.es\\\/formacionpermanente\\\/la-universidad-pablo-de-olavide-celebra-diez-anos-de-formacion-en-bim\\\/#breadcrumb\",\"itemListElement\":[{\"@type\":\"ListItem\",\"position\":1,\"name\":\"Portada\",\"item\":\"https:\\\/\\\/www.upo.es\\\/formacionpermanente\\\/\"},{\"@type\":\"ListItem\",\"position\":2,\"name\":\"La Universidad Pablo de Olavide celebra diez a\u00f1os de formaci\u00f3n en BIM\"}]},{\"@type\":\"WebSite\",\"@id\":\"https:\\\/\\\/www.upo.es\\\/formacionpermanente\\\/#website\",\"url\":\"https:\\\/\\\/www.upo.es\\\/formacionpermanente\\\/\",\"name\":\"Formaci\u00f3n Permanente UPO\",\"description\":\"T\u00edtulos Propios, Microcredenciales, Cursos de Verano\",\"publisher\":{\"@id\":\"https:\\\/\\\/www.upo.es\\\/formacionpermanente\\\/#organization\"},\"potentialAction\":[{\"@type\":\"SearchAction\",\"target\":{\"@type\":\"EntryPoint\",\"urlTemplate\":\"https:\\\/\\\/www.upo.es\\\/formacionpermanente\\\/?s={search_term_string}\"},\"query-input\":{\"@type\":\"PropertyValueSpecification\",\"valueRequired\":true,\"valueName\":\"search_term_string\"}}],\"inLanguage\":\"es\"},{\"@type\":\"Organization\",\"@id\":\"https:\\\/\\\/www.upo.es\\\/formacionpermanente\\\/#organization\",\"name\":\"Formaci\u00f3n Permanente Universidad Pablo de Olavide\",\"alternateName\":\"Formaci\u00f3n Permanente UPO\",\"url\":\"https:\\\/\\\/www.upo.es\\\/formacionpermanente\\\/\",\"logo\":{\"@type\":\"ImageObject\",\"inLanguage\":\"es\",\"@id\":\"https:\\\/\\\/www.upo.es\\\/formacionpermanente\\\/#\\\/schema\\\/logo\\\/image\\\/\",\"url\":\"https:\\\/\\\/www.upo.es\\\/formacionpermanente\\\/wp-content\\\/imagenes\\\/uploads\\\/2023\\\/02\\\/Logo-UPO-azul-amarillo-horizontal.png\",\"contentUrl\":\"https:\\\/\\\/www.upo.es\\\/formacionpermanente\\\/wp-content\\\/imagenes\\\/uploads\\\/2023\\\/02\\\/Logo-UPO-azul-amarillo-horizontal.png\",\"width\":1000,\"height\":407,\"caption\":\"Formaci\u00f3n Permanente Universidad Pablo de Olavide\"},\"image\":{\"@id\":\"https:\\\/\\\/www.upo.es\\\/formacionpermanente\\\/#\\\/schema\\\/logo\\\/image\\\/\"}},{\"@type\":\"Person\",\"@id\":\"https:\\\/\\\/www.upo.es\\\/formacionpermanente\\\/#\\\/schema\\\/person\\\/51978fdabf0a5e2117cc6647819ed739\",\"name\":\"Nuria Mu\u00f1oz Fern\u00e1ndez\",\"image\":{\"@type\":\"ImageObject\",\"inLanguage\":\"es\",\"@id\":\"https:\\\/\\\/secure.gravatar.com\\\/avatar\\\/f97ebae4c1147a6f2dc5c3ae08f90951b959092ae63a8adc8336f66bd7f7e9a7?s=96&d=mm&r=g\",\"url\":\"https:\\\/\\\/secure.gravatar.com\\\/avatar\\\/f97ebae4c1147a6f2dc5c3ae08f90951b959092ae63a8adc8336f66bd7f7e9a7?s=96&d=mm&r=g\",\"contentUrl\":\"https:\\\/\\\/secure.gravatar.com\\\/avatar\\\/f97ebae4c1147a6f2dc5c3ae08f90951b959092ae63a8adc8336f66bd7f7e9a7?s=96&d=mm&r=g\",\"caption\":\"Nuria Mu\u00f1oz Fern\u00e1ndez\"},\"url\":\"https:\\\/\\\/www.upo.es\\\/formacionpermanente\\\/author\\\/nmunfer1\\\/\"}]}<\/script>\n<!-- \/ Yoast SEO plugin. -->","yoast_head_json":{"title":"La Universidad Pablo de Olavide celebra diez a\u00f1os de formaci\u00f3n en BIM - Formaci\u00f3n Permanente UPO","robots":{"index":"index","follow":"follow","max-snippet":"max-snippet:-1","max-image-preview":"max-image-preview:large","max-video-preview":"max-video-preview:-1"},"canonical":"https:\/\/www.upo.es\/formacionpermanente\/la-universidad-pablo-de-olavide-celebra-diez-anos-de-formacion-en-bim\/","og_locale":"es_ES","og_type":"article","og_title":"La Universidad Pablo de Olavide celebra diez a\u00f1os de formaci\u00f3n en BIM - Formaci\u00f3n Permanente UPO","og_description":"Una formaci\u00f3n que cuenta ya con m\u00e1s de 590 profesionales formados en la UPO y que actualmente oferta seis t\u00edtulos propios en diferentes modalidades (presencial y online) La Universidad Pablo de Olavide celebra este curso acad\u00e9mico una d\u00e9cada de formaci\u00f3n en Building Information Modeling (BIM) a trav\u00e9s de sus programas de formaci\u00f3n permanente. Para conmemorar [&hellip;]","og_url":"https:\/\/www.upo.es\/formacionpermanente\/la-universidad-pablo-de-olavide-celebra-diez-anos-de-formacion-en-bim\/","og_site_name":"Formaci\u00f3n Permanente UPO","article_published_time":"2025-11-25T10:03:49+00:00","og_image":[{"width":2560,"height":1707,"url":"https:\/\/www.upo.es\/formacionpermanente\/wp-content\/imagenes\/uploads\/2025\/11\/IMG_3117-scaled.jpg","type":"image\/jpeg"}],"author":"Nuria Mu\u00f1oz Fern\u00e1ndez","twitter_card":"summary_large_image","twitter_misc":{"Escrito por":"Nuria Mu\u00f1oz Fern\u00e1ndez","Tiempo de lectura":"6 minutos"},"schema":{"@context":"https:\/\/schema.org","@graph":[{"@type":"Article","@id":"https:\/\/www.upo.es\/formacionpermanente\/la-universidad-pablo-de-olavide-celebra-diez-anos-de-formacion-en-bim\/#article","isPartOf":{"@id":"https:\/\/www.upo.es\/formacionpermanente\/la-universidad-pablo-de-olavide-celebra-diez-anos-de-formacion-en-bim\/"},"author":{"name":"Nuria Mu\u00f1oz Fern\u00e1ndez","@id":"https:\/\/www.upo.es\/formacionpermanente\/#\/schema\/person\/51978fdabf0a5e2117cc6647819ed739"},"headline":"La Universidad Pablo de Olavide celebra diez a\u00f1os de formaci\u00f3n en BIM","datePublished":"2025-11-25T10:03:49+00:00","mainEntityOfPage":{"@id":"https:\/\/www.upo.es\/formacionpermanente\/la-universidad-pablo-de-olavide-celebra-diez-anos-de-formacion-en-bim\/"},"wordCount":1205,"commentCount":0,"publisher":{"@id":"https:\/\/www.upo.es\/formacionpermanente\/#organization"},"image":{"@id":"https:\/\/www.upo.es\/formacionpermanente\/la-universidad-pablo-de-olavide-celebra-diez-anos-de-formacion-en-bim\/#primaryimage"},"thumbnailUrl":"https:\/\/www.upo.es\/formacionpermanente\/wp-content\/imagenes\/uploads\/2025\/11\/IMG_3117-scaled.jpg","keywords":["arquitectura","BIM","Formaci\u00f3n Permanente","ingenier\u00eda","Titulos propios","Universidad Pablo de Olavide"],"articleSection":["T\u00edtulos Propios"],"inLanguage":"es","potentialAction":[{"@type":"CommentAction","name":"Comment","target":["https:\/\/www.upo.es\/formacionpermanente\/la-universidad-pablo-de-olavide-celebra-diez-anos-de-formacion-en-bim\/#respond"]}]},{"@type":"WebPage","@id":"https:\/\/www.upo.es\/formacionpermanente\/la-universidad-pablo-de-olavide-celebra-diez-anos-de-formacion-en-bim\/","url":"https:\/\/www.upo.es\/formacionpermanente\/la-universidad-pablo-de-olavide-celebra-diez-anos-de-formacion-en-bim\/","name":"La Universidad Pablo de Olavide celebra diez a\u00f1os de formaci\u00f3n en BIM - Formaci\u00f3n Permanente UPO","isPartOf":{"@id":"https:\/\/www.upo.es\/formacionpermanente\/#website"},"primaryImageOfPage":{"@id":"https:\/\/www.upo.es\/formacionpermanente\/la-universidad-pablo-de-olavide-celebra-diez-anos-de-formacion-en-bim\/#primaryimage"},"image":{"@id":"https:\/\/www.upo.es\/formacionpermanente\/la-universidad-pablo-de-olavide-celebra-diez-anos-de-formacion-en-bim\/#primaryimage"},"thumbnailUrl":"https:\/\/www.upo.es\/formacionpermanente\/wp-content\/imagenes\/uploads\/2025\/11\/IMG_3117-scaled.jpg","datePublished":"2025-11-25T10:03:49+00:00","breadcrumb":{"@id":"https:\/\/www.upo.es\/formacionpermanente\/la-universidad-pablo-de-olavide-celebra-diez-anos-de-formacion-en-bim\/#breadcrumb"},"inLanguage":"es","potentialAction":[{"@type":"ReadAction","target":["https:\/\/www.upo.es\/formacionpermanente\/la-universidad-pablo-de-olavide-celebra-diez-anos-de-formacion-en-bim\/"]}]},{"@type":"ImageObject","inLanguage":"es","@id":"https:\/\/www.upo.es\/formacionpermanente\/la-universidad-pablo-de-olavide-celebra-diez-anos-de-formacion-en-bim\/#primaryimage","url":"https:\/\/www.upo.es\/formacionpermanente\/wp-content\/imagenes\/uploads\/2025\/11\/IMG_3117-scaled.jpg","contentUrl":"https:\/\/www.upo.es\/formacionpermanente\/wp-content\/imagenes\/uploads\/2025\/11\/IMG_3117-scaled.jpg","width":2560,"height":1707,"caption":"Acto BIM"},{"@type":"BreadcrumbList","@id":"https:\/\/www.upo.es\/formacionpermanente\/la-universidad-pablo-de-olavide-celebra-diez-anos-de-formacion-en-bim\/#breadcrumb","itemListElement":[{"@type":"ListItem","position":1,"name":"Portada","item":"https:\/\/www.upo.es\/formacionpermanente\/"},{"@type":"ListItem","position":2,"name":"La Universidad Pablo de Olavide celebra diez a\u00f1os de formaci\u00f3n en BIM"}]},{"@type":"WebSite","@id":"https:\/\/www.upo.es\/formacionpermanente\/#website","url":"https:\/\/www.upo.es\/formacionpermanente\/","name":"Formaci\u00f3n Permanente UPO","description":"T\u00edtulos Propios, Microcredenciales, Cursos de Verano","publisher":{"@id":"https:\/\/www.upo.es\/formacionpermanente\/#organization"},"potentialAction":[{"@type":"SearchAction","target":{"@type":"EntryPoint","urlTemplate":"https:\/\/www.upo.es\/formacionpermanente\/?s={search_term_string}"},"query-input":{"@type":"PropertyValueSpecification","valueRequired":true,"valueName":"search_term_string"}}],"inLanguage":"es"},{"@type":"Organization","@id":"https:\/\/www.upo.es\/formacionpermanente\/#organization","name":"Formaci\u00f3n Permanente Universidad Pablo de Olavide","alternateName":"Formaci\u00f3n Permanente UPO","url":"https:\/\/www.upo.es\/formacionpermanente\/","logo":{"@type":"ImageObject","inLanguage":"es","@id":"https:\/\/www.upo.es\/formacionpermanente\/#\/schema\/logo\/image\/","url":"https:\/\/www.upo.es\/formacionpermanente\/wp-content\/imagenes\/uploads\/2023\/02\/Logo-UPO-azul-amarillo-horizontal.png","contentUrl":"https:\/\/www.upo.es\/formacionpermanente\/wp-content\/imagenes\/uploads\/2023\/02\/Logo-UPO-azul-amarillo-horizontal.png","width":1000,"height":407,"caption":"Formaci\u00f3n Permanente Universidad Pablo de Olavide"},"image":{"@id":"https:\/\/www.upo.es\/formacionpermanente\/#\/schema\/logo\/image\/"}},{"@type":"Person","@id":"https:\/\/www.upo.es\/formacionpermanente\/#\/schema\/person\/51978fdabf0a5e2117cc6647819ed739","name":"Nuria Mu\u00f1oz Fern\u00e1ndez","image":{"@type":"ImageObject","inLanguage":"es","@id":"https:\/\/secure.gravatar.com\/avatar\/f97ebae4c1147a6f2dc5c3ae08f90951b959092ae63a8adc8336f66bd7f7e9a7?s=96&d=mm&r=g","url":"https:\/\/secure.gravatar.com\/avatar\/f97ebae4c1147a6f2dc5c3ae08f90951b959092ae63a8adc8336f66bd7f7e9a7?s=96&d=mm&r=g","contentUrl":"https:\/\/secure.gravatar.com\/avatar\/f97ebae4c1147a6f2dc5c3ae08f90951b959092ae63a8adc8336f66bd7f7e9a7?s=96&d=mm&r=g","caption":"Nuria Mu\u00f1oz Fern\u00e1ndez"},"url":"https:\/\/www.upo.es\/formacionpermanente\/author\/nmunfer1\/"}]}},"_links":{"self":[{"href":"https:\/\/www.upo.es\/formacionpermanente\/wp-json\/wp\/v2\/posts\/50343","targetHints":{"allow":["GET"]}}],"collection":[{"href":"https:\/\/www.upo.es\/formacionpermanente\/wp-json\/wp\/v2\/posts"}],"about":[{"href":"https:\/\/www.upo.es\/formacionpermanente\/wp-json\/wp\/v2\/types\/post"}],"author":[{"embeddable":true,"href":"https:\/\/www.upo.es\/formacionpermanente\/wp-json\/wp\/v2\/users\/7"}],"replies":[{"embeddable":true,"href":"https:\/\/www.upo.es\/formacionpermanente\/wp-json\/wp\/v2\/comments?post=50343"}],"version-history":[{"count":3,"href":"https:\/\/www.upo.es\/formacionpermanente\/wp-json\/wp\/v2\/posts\/50343\/revisions"}],"predecessor-version":[{"id":50348,"href":"https:\/\/www.upo.es\/formacionpermanente\/wp-json\/wp\/v2\/posts\/50343\/revisions\/50348"}],"wp:featuredmedia":[{"embeddable":true,"href":"https:\/\/www.upo.es\/formacionpermanente\/wp-json\/wp\/v2\/media\/50344"}],"wp:attachment":[{"href":"https:\/\/www.upo.es\/formacionpermanente\/wp-json\/wp\/v2\/media?parent=50343"}],"wp:term":[{"taxonomy":"category","embeddable":true,"href":"https:\/\/www.upo.es\/formacionpermanente\/wp-json\/wp\/v2\/categories?post=50343"},{"taxonomy":"post_tag","embeddable":true,"href":"https:\/\/www.upo.es\/formacionpermanente\/wp-json\/wp\/v2\/tags?post=50343"}],"curies":[{"name":"wp","href":"https:\/\/api.w.org\/{rel}","templated":true}]}}