{"id":53541,"date":"2026-03-12T09:26:19","date_gmt":"2026-03-12T08:26:19","guid":{"rendered":"https:\/\/www.upo.es\/formacionpermanente\/?p=53541"},"modified":"2026-03-12T09:26:19","modified_gmt":"2026-03-12T08:26:19","slug":"la-universidad-pablo-de-olavide-y-la-agencia-andaluza-de-instituciones-culturales-inician-la-septima-edicion-del-titulo-gestion-de-proyectos-culturales","status":"publish","type":"post","link":"https:\/\/www.upo.es\/formacionpermanente\/la-universidad-pablo-de-olavide-y-la-agencia-andaluza-de-instituciones-culturales-inician-la-septima-edicion-del-titulo-gestion-de-proyectos-culturales\/","title":{"rendered":"La Universidad Pablo de Olavide y la Agencia Andaluza de Instituciones Culturales inician la s\u00e9ptima edici\u00f3n del t\u00edtulo \u2018Gesti\u00f3n de proyectos culturales\u2019"},"content":{"rendered":"<p><strong>Este Diploma de Experto formar\u00e1 a 16 estudiantes en la profesionalizaci\u00f3n y la innovaci\u00f3n del sector cultural andaluz<\/strong><\/p>\n<p>La sede el Instituto Andaluz de Patrimonio Hist\u00f3rico ha acogido este martes la inauguraci\u00f3n de la s\u00e9ptima edici\u00f3n del Diploma de Experto \u2018Gesti\u00f3n de proyectos culturales\u2019, un t\u00edtulo propio de la Universidad Pablo de Olavide que cuenta con la colaboraci\u00f3n de la Agencia Andaluza de Instituciones Culturales, dependiente de la Consejer\u00eda de Cultura y Deportes de la Junta de Andaluc\u00eda; y de la Asociaci\u00f3n Andaluza de Profesionales de la Gesti\u00f3n Cultural (GECA).<\/p>\n<p>El acto de inauguraci\u00f3n de esta formaci\u00f3n ha contado con la presencia de la vicerrectora de Cultura y Pol\u00edticas Sociales, Laura G\u00f3mez Ruiz; del director del Instituto Andaluz de Patrimonio Hist\u00f3rico, Juan Jos\u00e9 Primo Jurado; y del director de la unidad de Industrias Culturales de la Agencia Andaluza de Instituciones Culturales, Salvador Garc\u00eda. Tambi\u00e9n ha estado presente profesorado del t\u00edtulo y alumnado del mismo.<\/p>\n<p>Durante el acto, la vicerrectora de Cultura y Pol\u00edticas Sociales ha destacado que el curso \u201cresponde a una necesidad del sector, un sector que sigue necesitando profesionales con este perfil\u201d. Para G\u00f3mez, es necesario que haya este tipo de cursos en el \u00e1mbito de la cultura porque aportan una serie de t\u00e9cnicas para mejorar la gesti\u00f3n. Por \u00faltimo, ha dado las gracias por \u201ccreer en la cultura como una herramienta que tiene la sociedad para cambiar las cosas\u201d.<\/p>\n<p>Por su parte, Juan Jos\u00e9 Primo ha dado la bienvenida al nuevo alumnado a la sede del curso y ha se\u00f1alado que \u201ces un t\u00edtulo que viene a fortalecer la profesionalidad de los gestores culturales, a dar m\u00e1s innovaci\u00f3n y m\u00e1s posibilidades de acceso al mercado laboral\u201d. Para finalizar, Salvador Garc\u00eda ha resaltado la labor de la Agencia Andaluza de Instituciones Culturales de \u201cdotar de herramientas a los gestores culturales para que puedan desarrollar mejor su trabajo y de una manera m\u00e1s productiva\u201d.<\/p>\n<p>Este t\u00edtulo ofrece a su alumnado la oportunidad de formarse en el \u00e1mbito de la gesti\u00f3n cultural de la mano de m\u00e1s de una veintena de profesionales de reconocido prestigio, tanto del sector p\u00fablico como del privado, que ejercen como docentes en esta formaci\u00f3n. Es una acci\u00f3n formativa eminentemente pr\u00e1ctica que dota al alumnado de las herramientas necesarias para desarrollar de manera aut\u00f3noma proyectos culturales que respondan a las necesidades del mercado actual.<\/p>\n<p>Entre las materias impartidas se encuentran: la formulaci\u00f3n de proyectos, el marketing cultural, la financiaci\u00f3n, la legislaci\u00f3n o comunicaci\u00f3n de los proyectos culturales. El t\u00edtulo cuenta con una carga lectiva de 20 ECTS y 150 horas de formaci\u00f3n, se imparte en modalidad presencial y ya ha formado a 116 profesionales en sus seis ediciones anteriores.<\/p>\n<p>En la \u00faltima edici\u00f3n de este Diploma de Experto han surgido proyectos como: Jornadas Apocal\u00edpticas (una reflexi\u00f3n a trav\u00e9s de la Cultura del contexto mundial actual), Experiencia Puchero (la recuperaci\u00f3n de la memoria de las mujeres en el territorio a trav\u00e9s de las recetas y el patrimonio inmaterial) y la Hora Azul (un espacio cultural para la convivencia intergeneracional y de las familias a trav\u00e9s de las artes). Las propuestas surgidas del curso han fomentado el encuentro cultural a trav\u00e9s de la gastronom\u00eda o han posicionado el arte en entornos rurales, entre otras acciones.<\/p>\n<p>El Diploma de Experto \u2018Gesti\u00f3n de Proyectos Culturales\u2019 est\u00e1 gestionado por la Fundaci\u00f3n Universidad Pablo de Olavide a trav\u00e9s del \u00c1rea de T\u00edtulos Propios, y bajo las directrices del Vicerrectorado de Relaciones Institucionales, Formaci\u00f3n Permanente y Fundaciones.<\/p>\n<p>M\u00e1s informaci\u00f3n: \u00a0<a href=\"https:\/\/www.upo.es\/formacionpermanente\/diploma-experto\/gestion-de-proyectos-culturales\/\">Diploma de Experto en Gesti\u00f3n de Proyectos Culturales, VII edici\u00f3n.<\/a><\/p>\n<p>&nbsp;<\/p>\n<p>&nbsp;<\/p>\n<p>&nbsp;<\/p>\n<p>&nbsp;<\/p>\n<p>&nbsp;<\/p>\n<p>&nbsp;<\/p>\n","protected":false},"excerpt":{"rendered":"<p>Este Diploma de Experto formar\u00e1 a 16 estudiantes en la profesionalizaci\u00f3n y la innovaci\u00f3n del sector cultural andaluz La sede el Instituto Andaluz de Patrimonio Hist\u00f3rico ha acogido este martes la inauguraci\u00f3n de la s\u00e9ptima edici\u00f3n del Diploma de Experto \u2018Gesti\u00f3n de proyectos culturales\u2019, un t\u00edtulo propio de la Universidad Pablo de Olavide que cuenta [&hellip;]<\/p>\n","protected":false},"author":7,"featured_media":53542,"comment_status":"open","ping_status":"open","sticky":false,"template":"","format":"standard","meta":{"_acf_changed":false,"site-sidebar-layout":"default","site-content-layout":"","ast-site-content-layout":"default","site-content-style":"default","site-sidebar-style":"default","ast-global-header-display":"","ast-banner-title-visibility":"","ast-main-header-display":"","ast-hfb-above-header-display":"","ast-hfb-below-header-display":"","ast-hfb-mobile-header-display":"","site-post-title":"","ast-breadcrumbs-content":"","ast-featured-img":"","footer-sml-layout":"","ast-disable-related-posts":"","theme-transparent-header-meta":"default","adv-header-id-meta":"","stick-header-meta":"","header-above-stick-meta":"","header-main-stick-meta":"","header-below-stick-meta":"","astra-migrate-meta-layouts":"set","ast-page-background-enabled":"default","ast-page-background-meta":{"desktop":{"background-color":"var(--ast-global-color-4)","background-image":"","background-repeat":"repeat","background-position":"center center","background-size":"auto","background-attachment":"scroll","background-type":"","background-media":"","overlay-type":"","overlay-color":"","overlay-opacity":"","overlay-gradient":""},"tablet":{"background-color":"","background-image":"","background-repeat":"repeat","background-position":"center center","background-size":"auto","background-attachment":"scroll","background-type":"","background-media":"","overlay-type":"","overlay-color":"","overlay-opacity":"","overlay-gradient":""},"mobile":{"background-color":"","background-image":"","background-repeat":"repeat","background-position":"center center","background-size":"auto","background-attachment":"scroll","background-type":"","background-media":"","overlay-type":"","overlay-color":"","overlay-opacity":"","overlay-gradient":""}},"ast-content-background-meta":{"desktop":{"background-color":"var(--ast-global-color-5)","background-image":"","background-repeat":"repeat","background-position":"center center","background-size":"auto","background-attachment":"scroll","background-type":"","background-media":"","overlay-type":"","overlay-color":"","overlay-opacity":"","overlay-gradient":""},"tablet":{"background-color":"var(--ast-global-color-5)","background-image":"","background-repeat":"repeat","background-position":"center center","background-size":"auto","background-attachment":"scroll","background-type":"","background-media":"","overlay-type":"","overlay-color":"","overlay-opacity":"","overlay-gradient":""},"mobile":{"background-color":"var(--ast-global-color-5)","background-image":"","background-repeat":"repeat","background-position":"center center","background-size":"auto","background-attachment":"scroll","background-type":"","background-media":"","overlay-type":"","overlay-color":"","overlay-opacity":"","overlay-gradient":""}},"footnotes":""},"categories":[217],"tags":[658,459,696,457,291],"class_list":["post-53541","post","type-post","status-publish","format-standard","has-post-thumbnail","hentry","category-titulos-propios","tag-agencia-andaluza-de-instituciones-culturales","tag-diploma-de-experto","tag-gestion-de-proyectos-culturales","tag-titulos-propios","tag-universidad-pablo-de-olavide"],"acf":[],"yoast_head":"<!-- This site is optimized with the Yoast SEO plugin v27.3 - https:\/\/yoast.com\/product\/yoast-seo-wordpress\/ -->\n<title>La Universidad Pablo de Olavide y la Agencia Andaluza de Instituciones Culturales inician la s\u00e9ptima edici\u00f3n del t\u00edtulo \u2018Gesti\u00f3n de proyectos culturales\u2019 - Formaci\u00f3n Permanente UPO<\/title>\n<meta name=\"robots\" content=\"index, follow, max-snippet:-1, max-image-preview:large, max-video-preview:-1\" \/>\n<link rel=\"canonical\" href=\"https:\/\/www.upo.es\/formacionpermanente\/la-universidad-pablo-de-olavide-y-la-agencia-andaluza-de-instituciones-culturales-inician-la-septima-edicion-del-titulo-gestion-de-proyectos-culturales\/\" \/>\n<meta property=\"og:locale\" content=\"es_ES\" \/>\n<meta property=\"og:type\" content=\"article\" \/>\n<meta property=\"og:title\" content=\"La Universidad Pablo de Olavide y la Agencia Andaluza de Instituciones Culturales inician la s\u00e9ptima edici\u00f3n del t\u00edtulo \u2018Gesti\u00f3n de proyectos culturales\u2019 - Formaci\u00f3n Permanente UPO\" \/>\n<meta property=\"og:description\" content=\"Este Diploma de Experto formar\u00e1 a 16 estudiantes en la profesionalizaci\u00f3n y la innovaci\u00f3n del sector cultural andaluz La sede el Instituto Andaluz de Patrimonio Hist\u00f3rico ha acogido este martes la inauguraci\u00f3n de la s\u00e9ptima edici\u00f3n del Diploma de Experto \u2018Gesti\u00f3n de proyectos culturales\u2019, un t\u00edtulo propio de la Universidad Pablo de Olavide que cuenta [&hellip;]\" \/>\n<meta property=\"og:url\" content=\"https:\/\/www.upo.es\/formacionpermanente\/la-universidad-pablo-de-olavide-y-la-agencia-andaluza-de-instituciones-culturales-inician-la-septima-edicion-del-titulo-gestion-de-proyectos-culturales\/\" \/>\n<meta property=\"og:site_name\" content=\"Formaci\u00f3n Permanente UPO\" \/>\n<meta property=\"article:published_time\" content=\"2026-03-12T08:26:19+00:00\" \/>\n<meta property=\"og:image\" content=\"https:\/\/www.upo.es\/formacionpermanente\/wp-content\/imagenes\/uploads\/2026\/03\/IMG_4633.jpg\" \/>\n\t<meta property=\"og:image:width\" content=\"2000\" \/>\n\t<meta property=\"og:image:height\" content=\"1333\" \/>\n\t<meta property=\"og:image:type\" content=\"image\/jpeg\" \/>\n<meta name=\"author\" content=\"Nuria Mu\u00f1oz Fern\u00e1ndez\" \/>\n<meta name=\"twitter:card\" content=\"summary_large_image\" \/>\n<meta name=\"twitter:label1\" content=\"Escrito por\" \/>\n\t<meta name=\"twitter:data1\" content=\"Nuria Mu\u00f1oz Fern\u00e1ndez\" \/>\n\t<meta name=\"twitter:label2\" content=\"Tiempo de lectura\" \/>\n\t<meta name=\"twitter:data2\" content=\"3 minutos\" \/>\n<script type=\"application\/ld+json\" class=\"yoast-schema-graph\">{\"@context\":\"https:\\\/\\\/schema.org\",\"@graph\":[{\"@type\":\"Article\",\"@id\":\"https:\\\/\\\/www.upo.es\\\/formacionpermanente\\\/la-universidad-pablo-de-olavide-y-la-agencia-andaluza-de-instituciones-culturales-inician-la-septima-edicion-del-titulo-gestion-de-proyectos-culturales\\\/#article\",\"isPartOf\":{\"@id\":\"https:\\\/\\\/www.upo.es\\\/formacionpermanente\\\/la-universidad-pablo-de-olavide-y-la-agencia-andaluza-de-instituciones-culturales-inician-la-septima-edicion-del-titulo-gestion-de-proyectos-culturales\\\/\"},\"author\":{\"name\":\"Nuria Mu\u00f1oz Fern\u00e1ndez\",\"@id\":\"https:\\\/\\\/www.upo.es\\\/formacionpermanente\\\/#\\\/schema\\\/person\\\/51978fdabf0a5e2117cc6647819ed739\"},\"headline\":\"La Universidad Pablo de Olavide y la Agencia Andaluza de Instituciones Culturales inician la s\u00e9ptima edici\u00f3n del t\u00edtulo \u2018Gesti\u00f3n de proyectos culturales\u2019\",\"datePublished\":\"2026-03-12T08:26:19+00:00\",\"mainEntityOfPage\":{\"@id\":\"https:\\\/\\\/www.upo.es\\\/formacionpermanente\\\/la-universidad-pablo-de-olavide-y-la-agencia-andaluza-de-instituciones-culturales-inician-la-septima-edicion-del-titulo-gestion-de-proyectos-culturales\\\/\"},\"wordCount\":678,\"commentCount\":0,\"publisher\":{\"@id\":\"https:\\\/\\\/www.upo.es\\\/formacionpermanente\\\/#organization\"},\"image\":{\"@id\":\"https:\\\/\\\/www.upo.es\\\/formacionpermanente\\\/la-universidad-pablo-de-olavide-y-la-agencia-andaluza-de-instituciones-culturales-inician-la-septima-edicion-del-titulo-gestion-de-proyectos-culturales\\\/#primaryimage\"},\"thumbnailUrl\":\"https:\\\/\\\/www.upo.es\\\/formacionpermanente\\\/wp-content\\\/imagenes\\\/uploads\\\/2026\\\/03\\\/IMG_4633.jpg\",\"keywords\":[\"Agencia Andaluza de Instituciones Culturales\",\"Diploma de Experto\",\"Gesti\u00f3n de proyectos culturales\",\"Titulos propios\",\"Universidad Pablo de Olavide\"],\"articleSection\":[\"T\u00edtulos Propios\"],\"inLanguage\":\"es\",\"potentialAction\":[{\"@type\":\"CommentAction\",\"name\":\"Comment\",\"target\":[\"https:\\\/\\\/www.upo.es\\\/formacionpermanente\\\/la-universidad-pablo-de-olavide-y-la-agencia-andaluza-de-instituciones-culturales-inician-la-septima-edicion-del-titulo-gestion-de-proyectos-culturales\\\/#respond\"]}]},{\"@type\":\"WebPage\",\"@id\":\"https:\\\/\\\/www.upo.es\\\/formacionpermanente\\\/la-universidad-pablo-de-olavide-y-la-agencia-andaluza-de-instituciones-culturales-inician-la-septima-edicion-del-titulo-gestion-de-proyectos-culturales\\\/\",\"url\":\"https:\\\/\\\/www.upo.es\\\/formacionpermanente\\\/la-universidad-pablo-de-olavide-y-la-agencia-andaluza-de-instituciones-culturales-inician-la-septima-edicion-del-titulo-gestion-de-proyectos-culturales\\\/\",\"name\":\"La Universidad Pablo de Olavide y la Agencia Andaluza de Instituciones Culturales inician la s\u00e9ptima edici\u00f3n del t\u00edtulo \u2018Gesti\u00f3n de proyectos culturales\u2019 - Formaci\u00f3n Permanente UPO\",\"isPartOf\":{\"@id\":\"https:\\\/\\\/www.upo.es\\\/formacionpermanente\\\/#website\"},\"primaryImageOfPage\":{\"@id\":\"https:\\\/\\\/www.upo.es\\\/formacionpermanente\\\/la-universidad-pablo-de-olavide-y-la-agencia-andaluza-de-instituciones-culturales-inician-la-septima-edicion-del-titulo-gestion-de-proyectos-culturales\\\/#primaryimage\"},\"image\":{\"@id\":\"https:\\\/\\\/www.upo.es\\\/formacionpermanente\\\/la-universidad-pablo-de-olavide-y-la-agencia-andaluza-de-instituciones-culturales-inician-la-septima-edicion-del-titulo-gestion-de-proyectos-culturales\\\/#primaryimage\"},\"thumbnailUrl\":\"https:\\\/\\\/www.upo.es\\\/formacionpermanente\\\/wp-content\\\/imagenes\\\/uploads\\\/2026\\\/03\\\/IMG_4633.jpg\",\"datePublished\":\"2026-03-12T08:26:19+00:00\",\"breadcrumb\":{\"@id\":\"https:\\\/\\\/www.upo.es\\\/formacionpermanente\\\/la-universidad-pablo-de-olavide-y-la-agencia-andaluza-de-instituciones-culturales-inician-la-septima-edicion-del-titulo-gestion-de-proyectos-culturales\\\/#breadcrumb\"},\"inLanguage\":\"es\",\"potentialAction\":[{\"@type\":\"ReadAction\",\"target\":[\"https:\\\/\\\/www.upo.es\\\/formacionpermanente\\\/la-universidad-pablo-de-olavide-y-la-agencia-andaluza-de-instituciones-culturales-inician-la-septima-edicion-del-titulo-gestion-de-proyectos-culturales\\\/\"]}]},{\"@type\":\"ImageObject\",\"inLanguage\":\"es\",\"@id\":\"https:\\\/\\\/www.upo.es\\\/formacionpermanente\\\/la-universidad-pablo-de-olavide-y-la-agencia-andaluza-de-instituciones-culturales-inician-la-septima-edicion-del-titulo-gestion-de-proyectos-culturales\\\/#primaryimage\",\"url\":\"https:\\\/\\\/www.upo.es\\\/formacionpermanente\\\/wp-content\\\/imagenes\\\/uploads\\\/2026\\\/03\\\/IMG_4633.jpg\",\"contentUrl\":\"https:\\\/\\\/www.upo.es\\\/formacionpermanente\\\/wp-content\\\/imagenes\\\/uploads\\\/2026\\\/03\\\/IMG_4633.jpg\",\"width\":2000,\"height\":1333,\"caption\":\"DEX Gesti\u00f3n de Proyectos Culturales\"},{\"@type\":\"BreadcrumbList\",\"@id\":\"https:\\\/\\\/www.upo.es\\\/formacionpermanente\\\/la-universidad-pablo-de-olavide-y-la-agencia-andaluza-de-instituciones-culturales-inician-la-septima-edicion-del-titulo-gestion-de-proyectos-culturales\\\/#breadcrumb\",\"itemListElement\":[{\"@type\":\"ListItem\",\"position\":1,\"name\":\"Portada\",\"item\":\"https:\\\/\\\/www.upo.es\\\/formacionpermanente\\\/\"},{\"@type\":\"ListItem\",\"position\":2,\"name\":\"La Universidad Pablo de Olavide y la Agencia Andaluza de Instituciones Culturales inician la s\u00e9ptima edici\u00f3n del t\u00edtulo \u2018Gesti\u00f3n de proyectos culturales\u2019\"}]},{\"@type\":\"WebSite\",\"@id\":\"https:\\\/\\\/www.upo.es\\\/formacionpermanente\\\/#website\",\"url\":\"https:\\\/\\\/www.upo.es\\\/formacionpermanente\\\/\",\"name\":\"Formaci\u00f3n Permanente UPO\",\"description\":\"T\u00edtulos Propios, Microcredenciales, Cursos de Verano\",\"publisher\":{\"@id\":\"https:\\\/\\\/www.upo.es\\\/formacionpermanente\\\/#organization\"},\"potentialAction\":[{\"@type\":\"SearchAction\",\"target\":{\"@type\":\"EntryPoint\",\"urlTemplate\":\"https:\\\/\\\/www.upo.es\\\/formacionpermanente\\\/?s={search_term_string}\"},\"query-input\":{\"@type\":\"PropertyValueSpecification\",\"valueRequired\":true,\"valueName\":\"search_term_string\"}}],\"inLanguage\":\"es\"},{\"@type\":\"Organization\",\"@id\":\"https:\\\/\\\/www.upo.es\\\/formacionpermanente\\\/#organization\",\"name\":\"Formaci\u00f3n Permanente Universidad Pablo de Olavide\",\"alternateName\":\"Formaci\u00f3n Permanente UPO\",\"url\":\"https:\\\/\\\/www.upo.es\\\/formacionpermanente\\\/\",\"logo\":{\"@type\":\"ImageObject\",\"inLanguage\":\"es\",\"@id\":\"https:\\\/\\\/www.upo.es\\\/formacionpermanente\\\/#\\\/schema\\\/logo\\\/image\\\/\",\"url\":\"https:\\\/\\\/www.upo.es\\\/formacionpermanente\\\/wp-content\\\/imagenes\\\/uploads\\\/2023\\\/02\\\/Logo-UPO-azul-amarillo-horizontal.png\",\"contentUrl\":\"https:\\\/\\\/www.upo.es\\\/formacionpermanente\\\/wp-content\\\/imagenes\\\/uploads\\\/2023\\\/02\\\/Logo-UPO-azul-amarillo-horizontal.png\",\"width\":1000,\"height\":407,\"caption\":\"Formaci\u00f3n Permanente Universidad Pablo de Olavide\"},\"image\":{\"@id\":\"https:\\\/\\\/www.upo.es\\\/formacionpermanente\\\/#\\\/schema\\\/logo\\\/image\\\/\"}},{\"@type\":\"Person\",\"@id\":\"https:\\\/\\\/www.upo.es\\\/formacionpermanente\\\/#\\\/schema\\\/person\\\/51978fdabf0a5e2117cc6647819ed739\",\"name\":\"Nuria Mu\u00f1oz Fern\u00e1ndez\",\"image\":{\"@type\":\"ImageObject\",\"inLanguage\":\"es\",\"@id\":\"https:\\\/\\\/secure.gravatar.com\\\/avatar\\\/f97ebae4c1147a6f2dc5c3ae08f90951b959092ae63a8adc8336f66bd7f7e9a7?s=96&d=mm&r=g\",\"url\":\"https:\\\/\\\/secure.gravatar.com\\\/avatar\\\/f97ebae4c1147a6f2dc5c3ae08f90951b959092ae63a8adc8336f66bd7f7e9a7?s=96&d=mm&r=g\",\"contentUrl\":\"https:\\\/\\\/secure.gravatar.com\\\/avatar\\\/f97ebae4c1147a6f2dc5c3ae08f90951b959092ae63a8adc8336f66bd7f7e9a7?s=96&d=mm&r=g\",\"caption\":\"Nuria Mu\u00f1oz Fern\u00e1ndez\"},\"url\":\"https:\\\/\\\/www.upo.es\\\/formacionpermanente\\\/author\\\/nmunfer1\\\/\"}]}<\/script>\n<!-- \/ Yoast SEO plugin. -->","yoast_head_json":{"title":"La Universidad Pablo de Olavide y la Agencia Andaluza de Instituciones Culturales inician la s\u00e9ptima edici\u00f3n del t\u00edtulo \u2018Gesti\u00f3n de proyectos culturales\u2019 - Formaci\u00f3n Permanente UPO","robots":{"index":"index","follow":"follow","max-snippet":"max-snippet:-1","max-image-preview":"max-image-preview:large","max-video-preview":"max-video-preview:-1"},"canonical":"https:\/\/www.upo.es\/formacionpermanente\/la-universidad-pablo-de-olavide-y-la-agencia-andaluza-de-instituciones-culturales-inician-la-septima-edicion-del-titulo-gestion-de-proyectos-culturales\/","og_locale":"es_ES","og_type":"article","og_title":"La Universidad Pablo de Olavide y la Agencia Andaluza de Instituciones Culturales inician la s\u00e9ptima edici\u00f3n del t\u00edtulo \u2018Gesti\u00f3n de proyectos culturales\u2019 - Formaci\u00f3n Permanente UPO","og_description":"Este Diploma de Experto formar\u00e1 a 16 estudiantes en la profesionalizaci\u00f3n y la innovaci\u00f3n del sector cultural andaluz La sede el Instituto Andaluz de Patrimonio Hist\u00f3rico ha acogido este martes la inauguraci\u00f3n de la s\u00e9ptima edici\u00f3n del Diploma de Experto \u2018Gesti\u00f3n de proyectos culturales\u2019, un t\u00edtulo propio de la Universidad Pablo de Olavide que cuenta [&hellip;]","og_url":"https:\/\/www.upo.es\/formacionpermanente\/la-universidad-pablo-de-olavide-y-la-agencia-andaluza-de-instituciones-culturales-inician-la-septima-edicion-del-titulo-gestion-de-proyectos-culturales\/","og_site_name":"Formaci\u00f3n Permanente UPO","article_published_time":"2026-03-12T08:26:19+00:00","og_image":[{"width":2000,"height":1333,"url":"https:\/\/www.upo.es\/formacionpermanente\/wp-content\/imagenes\/uploads\/2026\/03\/IMG_4633.jpg","type":"image\/jpeg"}],"author":"Nuria Mu\u00f1oz Fern\u00e1ndez","twitter_card":"summary_large_image","twitter_misc":{"Escrito por":"Nuria Mu\u00f1oz Fern\u00e1ndez","Tiempo de lectura":"3 minutos"},"schema":{"@context":"https:\/\/schema.org","@graph":[{"@type":"Article","@id":"https:\/\/www.upo.es\/formacionpermanente\/la-universidad-pablo-de-olavide-y-la-agencia-andaluza-de-instituciones-culturales-inician-la-septima-edicion-del-titulo-gestion-de-proyectos-culturales\/#article","isPartOf":{"@id":"https:\/\/www.upo.es\/formacionpermanente\/la-universidad-pablo-de-olavide-y-la-agencia-andaluza-de-instituciones-culturales-inician-la-septima-edicion-del-titulo-gestion-de-proyectos-culturales\/"},"author":{"name":"Nuria Mu\u00f1oz Fern\u00e1ndez","@id":"https:\/\/www.upo.es\/formacionpermanente\/#\/schema\/person\/51978fdabf0a5e2117cc6647819ed739"},"headline":"La Universidad Pablo de Olavide y la Agencia Andaluza de Instituciones Culturales inician la s\u00e9ptima edici\u00f3n del t\u00edtulo \u2018Gesti\u00f3n de proyectos culturales\u2019","datePublished":"2026-03-12T08:26:19+00:00","mainEntityOfPage":{"@id":"https:\/\/www.upo.es\/formacionpermanente\/la-universidad-pablo-de-olavide-y-la-agencia-andaluza-de-instituciones-culturales-inician-la-septima-edicion-del-titulo-gestion-de-proyectos-culturales\/"},"wordCount":678,"commentCount":0,"publisher":{"@id":"https:\/\/www.upo.es\/formacionpermanente\/#organization"},"image":{"@id":"https:\/\/www.upo.es\/formacionpermanente\/la-universidad-pablo-de-olavide-y-la-agencia-andaluza-de-instituciones-culturales-inician-la-septima-edicion-del-titulo-gestion-de-proyectos-culturales\/#primaryimage"},"thumbnailUrl":"https:\/\/www.upo.es\/formacionpermanente\/wp-content\/imagenes\/uploads\/2026\/03\/IMG_4633.jpg","keywords":["Agencia Andaluza de Instituciones Culturales","Diploma de Experto","Gesti\u00f3n de proyectos culturales","Titulos propios","Universidad Pablo de Olavide"],"articleSection":["T\u00edtulos Propios"],"inLanguage":"es","potentialAction":[{"@type":"CommentAction","name":"Comment","target":["https:\/\/www.upo.es\/formacionpermanente\/la-universidad-pablo-de-olavide-y-la-agencia-andaluza-de-instituciones-culturales-inician-la-septima-edicion-del-titulo-gestion-de-proyectos-culturales\/#respond"]}]},{"@type":"WebPage","@id":"https:\/\/www.upo.es\/formacionpermanente\/la-universidad-pablo-de-olavide-y-la-agencia-andaluza-de-instituciones-culturales-inician-la-septima-edicion-del-titulo-gestion-de-proyectos-culturales\/","url":"https:\/\/www.upo.es\/formacionpermanente\/la-universidad-pablo-de-olavide-y-la-agencia-andaluza-de-instituciones-culturales-inician-la-septima-edicion-del-titulo-gestion-de-proyectos-culturales\/","name":"La Universidad Pablo de Olavide y la Agencia Andaluza de Instituciones Culturales inician la s\u00e9ptima edici\u00f3n del t\u00edtulo \u2018Gesti\u00f3n de proyectos culturales\u2019 - Formaci\u00f3n Permanente UPO","isPartOf":{"@id":"https:\/\/www.upo.es\/formacionpermanente\/#website"},"primaryImageOfPage":{"@id":"https:\/\/www.upo.es\/formacionpermanente\/la-universidad-pablo-de-olavide-y-la-agencia-andaluza-de-instituciones-culturales-inician-la-septima-edicion-del-titulo-gestion-de-proyectos-culturales\/#primaryimage"},"image":{"@id":"https:\/\/www.upo.es\/formacionpermanente\/la-universidad-pablo-de-olavide-y-la-agencia-andaluza-de-instituciones-culturales-inician-la-septima-edicion-del-titulo-gestion-de-proyectos-culturales\/#primaryimage"},"thumbnailUrl":"https:\/\/www.upo.es\/formacionpermanente\/wp-content\/imagenes\/uploads\/2026\/03\/IMG_4633.jpg","datePublished":"2026-03-12T08:26:19+00:00","breadcrumb":{"@id":"https:\/\/www.upo.es\/formacionpermanente\/la-universidad-pablo-de-olavide-y-la-agencia-andaluza-de-instituciones-culturales-inician-la-septima-edicion-del-titulo-gestion-de-proyectos-culturales\/#breadcrumb"},"inLanguage":"es","potentialAction":[{"@type":"ReadAction","target":["https:\/\/www.upo.es\/formacionpermanente\/la-universidad-pablo-de-olavide-y-la-agencia-andaluza-de-instituciones-culturales-inician-la-septima-edicion-del-titulo-gestion-de-proyectos-culturales\/"]}]},{"@type":"ImageObject","inLanguage":"es","@id":"https:\/\/www.upo.es\/formacionpermanente\/la-universidad-pablo-de-olavide-y-la-agencia-andaluza-de-instituciones-culturales-inician-la-septima-edicion-del-titulo-gestion-de-proyectos-culturales\/#primaryimage","url":"https:\/\/www.upo.es\/formacionpermanente\/wp-content\/imagenes\/uploads\/2026\/03\/IMG_4633.jpg","contentUrl":"https:\/\/www.upo.es\/formacionpermanente\/wp-content\/imagenes\/uploads\/2026\/03\/IMG_4633.jpg","width":2000,"height":1333,"caption":"DEX Gesti\u00f3n de Proyectos Culturales"},{"@type":"BreadcrumbList","@id":"https:\/\/www.upo.es\/formacionpermanente\/la-universidad-pablo-de-olavide-y-la-agencia-andaluza-de-instituciones-culturales-inician-la-septima-edicion-del-titulo-gestion-de-proyectos-culturales\/#breadcrumb","itemListElement":[{"@type":"ListItem","position":1,"name":"Portada","item":"https:\/\/www.upo.es\/formacionpermanente\/"},{"@type":"ListItem","position":2,"name":"La Universidad Pablo de Olavide y la Agencia Andaluza de Instituciones Culturales inician la s\u00e9ptima edici\u00f3n del t\u00edtulo \u2018Gesti\u00f3n de proyectos culturales\u2019"}]},{"@type":"WebSite","@id":"https:\/\/www.upo.es\/formacionpermanente\/#website","url":"https:\/\/www.upo.es\/formacionpermanente\/","name":"Formaci\u00f3n Permanente UPO","description":"T\u00edtulos Propios, Microcredenciales, Cursos de Verano","publisher":{"@id":"https:\/\/www.upo.es\/formacionpermanente\/#organization"},"potentialAction":[{"@type":"SearchAction","target":{"@type":"EntryPoint","urlTemplate":"https:\/\/www.upo.es\/formacionpermanente\/?s={search_term_string}"},"query-input":{"@type":"PropertyValueSpecification","valueRequired":true,"valueName":"search_term_string"}}],"inLanguage":"es"},{"@type":"Organization","@id":"https:\/\/www.upo.es\/formacionpermanente\/#organization","name":"Formaci\u00f3n Permanente Universidad Pablo de Olavide","alternateName":"Formaci\u00f3n Permanente UPO","url":"https:\/\/www.upo.es\/formacionpermanente\/","logo":{"@type":"ImageObject","inLanguage":"es","@id":"https:\/\/www.upo.es\/formacionpermanente\/#\/schema\/logo\/image\/","url":"https:\/\/www.upo.es\/formacionpermanente\/wp-content\/imagenes\/uploads\/2023\/02\/Logo-UPO-azul-amarillo-horizontal.png","contentUrl":"https:\/\/www.upo.es\/formacionpermanente\/wp-content\/imagenes\/uploads\/2023\/02\/Logo-UPO-azul-amarillo-horizontal.png","width":1000,"height":407,"caption":"Formaci\u00f3n Permanente Universidad Pablo de Olavide"},"image":{"@id":"https:\/\/www.upo.es\/formacionpermanente\/#\/schema\/logo\/image\/"}},{"@type":"Person","@id":"https:\/\/www.upo.es\/formacionpermanente\/#\/schema\/person\/51978fdabf0a5e2117cc6647819ed739","name":"Nuria Mu\u00f1oz Fern\u00e1ndez","image":{"@type":"ImageObject","inLanguage":"es","@id":"https:\/\/secure.gravatar.com\/avatar\/f97ebae4c1147a6f2dc5c3ae08f90951b959092ae63a8adc8336f66bd7f7e9a7?s=96&d=mm&r=g","url":"https:\/\/secure.gravatar.com\/avatar\/f97ebae4c1147a6f2dc5c3ae08f90951b959092ae63a8adc8336f66bd7f7e9a7?s=96&d=mm&r=g","contentUrl":"https:\/\/secure.gravatar.com\/avatar\/f97ebae4c1147a6f2dc5c3ae08f90951b959092ae63a8adc8336f66bd7f7e9a7?s=96&d=mm&r=g","caption":"Nuria Mu\u00f1oz Fern\u00e1ndez"},"url":"https:\/\/www.upo.es\/formacionpermanente\/author\/nmunfer1\/"}]}},"_links":{"self":[{"href":"https:\/\/www.upo.es\/formacionpermanente\/wp-json\/wp\/v2\/posts\/53541","targetHints":{"allow":["GET"]}}],"collection":[{"href":"https:\/\/www.upo.es\/formacionpermanente\/wp-json\/wp\/v2\/posts"}],"about":[{"href":"https:\/\/www.upo.es\/formacionpermanente\/wp-json\/wp\/v2\/types\/post"}],"author":[{"embeddable":true,"href":"https:\/\/www.upo.es\/formacionpermanente\/wp-json\/wp\/v2\/users\/7"}],"replies":[{"embeddable":true,"href":"https:\/\/www.upo.es\/formacionpermanente\/wp-json\/wp\/v2\/comments?post=53541"}],"version-history":[{"count":1,"href":"https:\/\/www.upo.es\/formacionpermanente\/wp-json\/wp\/v2\/posts\/53541\/revisions"}],"predecessor-version":[{"id":53543,"href":"https:\/\/www.upo.es\/formacionpermanente\/wp-json\/wp\/v2\/posts\/53541\/revisions\/53543"}],"wp:featuredmedia":[{"embeddable":true,"href":"https:\/\/www.upo.es\/formacionpermanente\/wp-json\/wp\/v2\/media\/53542"}],"wp:attachment":[{"href":"https:\/\/www.upo.es\/formacionpermanente\/wp-json\/wp\/v2\/media?parent=53541"}],"wp:term":[{"taxonomy":"category","embeddable":true,"href":"https:\/\/www.upo.es\/formacionpermanente\/wp-json\/wp\/v2\/categories?post=53541"},{"taxonomy":"post_tag","embeddable":true,"href":"https:\/\/www.upo.es\/formacionpermanente\/wp-json\/wp\/v2\/tags?post=53541"}],"curies":[{"name":"wp","href":"https:\/\/api.w.org\/{rel}","templated":true}]}}