{"id":55418,"date":"2026-04-30T13:49:29","date_gmt":"2026-04-30T11:49:29","guid":{"rendered":"https:\/\/www.upo.es\/formacionpermanente\/?p=55418"},"modified":"2026-04-30T13:49:29","modified_gmt":"2026-04-30T11:49:29","slug":"la-universidad-pablo-de-olavide-y-el-colegio-de-enfermeria-de-sevilla-imparten-su-primera-microcredencial-conjunta","status":"publish","type":"post","link":"https:\/\/www.upo.es\/formacionpermanente\/la-universidad-pablo-de-olavide-y-el-colegio-de-enfermeria-de-sevilla-imparten-su-primera-microcredencial-conjunta\/","title":{"rendered":"La Universidad Pablo de Olavide y el Colegio de Enfermer\u00eda de Sevilla imparten su primera microcredencial conjunta"},"content":{"rendered":"<p><strong>El t\u00edtulo, impartido en formato h\u00edbrido, ha formado a 12 profesionales de la enfermer\u00eda en el \u00e1mbito de la ecograf\u00eda para matronas<\/strong><\/p>\n<p>La Universidad Pablo de Olavide y el Ilustre Colegio de Enfermer\u00eda de Sevilla han impartido en las \u00faltimas semanas la microcredencial universitaria \u2018Ecograf\u00eda b\u00e1sica para matronas\u2019, el primer t\u00edtulo conjunto de ambas entidades y con el que se han formado profesionales de la enfermer\u00eda en un \u00e1mbito tan espec\u00edfico como es la ecograf\u00eda para matronas.<\/p>\n<p>El t\u00edtulo, con una carga lectiva de 5 ECTS y 37,5 horas de formaci\u00f3n para su alumnado, ha proporcionado una formaci\u00f3n especializada en el manejo de un aparato de ultrasonidos con el que el alumnado ha sido capaz de diagnosticar una gestaci\u00f3n por ecograf\u00eda, visualizar las estructuras anat\u00f3micas en una gestaci\u00f3n normal y hacer mediciones biom\u00e9tricas en los tres trimestres de embarazo, as\u00ed como medir la cantidad de l\u00edquido amni\u00f3tico, situar la localizaci\u00f3n de la placenta o la posici\u00f3n fetal entre otros aspectos.<\/p>\n<p>Adem\u00e1s, esta formaci\u00f3n tambi\u00e9n ha permitido que sus estudiantes adquieran habilidades competenciales a trav\u00e9s de un programa te\u00f3rico-pr\u00e1ctico que en su parte final ha incorporado pr\u00e1cticas realizadas con pacientes voluntarias en los diferentes trimestres de gestaci\u00f3n.<\/p>\n<p><strong>Nueva formaci\u00f3n en septiembre<\/strong><\/p>\n<p>Adem\u00e1s de esta microcredencial, la Olavide y el Colegio de Enfermer\u00eda de Sevilla han puesto en marcha la formaci\u00f3n \u2018Emergencias obst\u00e9tricas\u2019, que tambi\u00e9n bajo el formato de microcredenciales formar\u00e1 a los profesionales de la enfermer\u00eda a partir de septiembre y para la que ya se puede realizar la <a href=\"https:\/\/www.upo.es\/formacionpermanente\/microcredenciales\/emergencias-obstetricas\/\">matr\u00edcula.<\/a><\/p>\n<p>Esta nueva formaci\u00f3n permitir\u00e1 a su alumnado conocer los factores de riesgo y s\u00edntomas iniciales de las principales emergencias obst\u00e9tricas (distocia de hombros, hemorragia obst\u00e9trica, eclampsia y parda cardiorrespiratoria), identificar las emergencias de manera precoz, adquirir habilidades de comunicaci\u00f3n para ser m\u00e1s eficaces en el intercambio de informaci\u00f3n durante una emergencia, actuar de manera programada siguiendo el algoritmo de actuaci\u00f3n en cada tipo de emergencia y desarrollar capacidades de liderazgo ante una situaci\u00f3n cr\u00edtica.<\/p>\n<p>Las microcredenciales universitarias son experiencias de aprendizaje breves, focalizadas en la adquisici\u00f3n de competencias espec\u00edficas con un formato flexible, adaptado a las necesidades del estudiantado y con una estructura modular pudiendo realizarse de forma independiente o dentro de un itinerario formativo m\u00e1s amplio. Las microcredenciales de la Universidad Pablo de Olavide se insertan en ocho l\u00edneas estrat\u00e9gicas: Competencias digitales, Salud y nutrici\u00f3n, Econom\u00eda e industria, Pr\u00e1ctica jur\u00eddica, Administraci\u00f3n y gesti\u00f3n empresarial, Industrias culturales, Ordenaci\u00f3n del territorio y urbanismo, y Educaci\u00f3n.<\/p>\n<p>Las microcredenciales UPO est\u00e1n gestionadas por la Fundaci\u00f3n Universidad Pablo de Olavide, a trav\u00e9s del \u00c1rea de Microcredenciales, y dise\u00f1adas bajo las directrices del Vicerrectorado de Relaciones Institucionales, Formaci\u00f3n Permanente y Fundaciones. Para su impartici\u00f3n se prioriza la colaboraci\u00f3n con profesionales y organizaciones p\u00fablicas y privadas que conocen las necesidades reales del mercado laboral, asegurando una formaci\u00f3n pr\u00e1ctica, actualizada y con impacto en el mercado laboral.<\/p>\n<p>M\u00e1s informaci\u00f3n: <a href=\"http:\/\/www.microcredenciales.es\">www.microcredenciales.es<\/a><\/p>\n","protected":false},"excerpt":{"rendered":"<p>El t\u00edtulo, impartido en formato h\u00edbrido, ha formado a 12 profesionales de la enfermer\u00eda en el \u00e1mbito de la ecograf\u00eda para matronas La Universidad Pablo de Olavide y el Ilustre Colegio de Enfermer\u00eda de Sevilla han impartido en las \u00faltimas semanas la microcredencial universitaria \u2018Ecograf\u00eda b\u00e1sica para matronas\u2019, el primer t\u00edtulo conjunto de ambas entidades [&hellip;]<\/p>\n","protected":false},"author":7,"featured_media":55422,"comment_status":"open","ping_status":"open","sticky":false,"template":"","format":"standard","meta":{"_acf_changed":false,"site-sidebar-layout":"default","site-content-layout":"","ast-site-content-layout":"default","site-content-style":"default","site-sidebar-style":"default","ast-global-header-display":"","ast-banner-title-visibility":"","ast-main-header-display":"","ast-hfb-above-header-display":"","ast-hfb-below-header-display":"","ast-hfb-mobile-header-display":"","site-post-title":"","ast-breadcrumbs-content":"","ast-featured-img":"","footer-sml-layout":"","ast-disable-related-posts":"","theme-transparent-header-meta":"default","adv-header-id-meta":"","stick-header-meta":"","header-above-stick-meta":"","header-main-stick-meta":"","header-below-stick-meta":"","astra-migrate-meta-layouts":"set","ast-page-background-enabled":"default","ast-page-background-meta":{"desktop":{"background-color":"var(--ast-global-color-4)","background-image":"","background-repeat":"repeat","background-position":"center center","background-size":"auto","background-attachment":"scroll","background-type":"","background-media":"","overlay-type":"","overlay-color":"","overlay-opacity":"","overlay-gradient":""},"tablet":{"background-color":"","background-image":"","background-repeat":"repeat","background-position":"center center","background-size":"auto","background-attachment":"scroll","background-type":"","background-media":"","overlay-type":"","overlay-color":"","overlay-opacity":"","overlay-gradient":""},"mobile":{"background-color":"","background-image":"","background-repeat":"repeat","background-position":"center center","background-size":"auto","background-attachment":"scroll","background-type":"","background-media":"","overlay-type":"","overlay-color":"","overlay-opacity":"","overlay-gradient":""}},"ast-content-background-meta":{"desktop":{"background-color":"var(--ast-global-color-5)","background-image":"","background-repeat":"repeat","background-position":"center center","background-size":"auto","background-attachment":"scroll","background-type":"","background-media":"","overlay-type":"","overlay-color":"","overlay-opacity":"","overlay-gradient":""},"tablet":{"background-color":"var(--ast-global-color-5)","background-image":"","background-repeat":"repeat","background-position":"center center","background-size":"auto","background-attachment":"scroll","background-type":"","background-media":"","overlay-type":"","overlay-color":"","overlay-opacity":"","overlay-gradient":""},"mobile":{"background-color":"var(--ast-global-color-5)","background-image":"","background-repeat":"repeat","background-position":"center center","background-size":"auto","background-attachment":"scroll","background-type":"","background-media":"","overlay-type":"","overlay-color":"","overlay-opacity":"","overlay-gradient":""}},"footnotes":""},"categories":[55],"tags":[869,868,375,746,280,291],"class_list":["post-55418","post","type-post","status-publish","format-standard","has-post-thumbnail","hentry","category-microcredenciales","tag-colegio-oficial-de-enfermeria-de-sevilla","tag-ecografia-basica-para-matronas","tag-formacion-especializada","tag-icoes","tag-microcredenciales","tag-universidad-pablo-de-olavide"],"acf":[],"yoast_head":"<!-- This site is optimized with the Yoast SEO plugin v27.5 - https:\/\/yoast.com\/product\/yoast-seo-wordpress\/ -->\n<title>La Universidad Pablo de Olavide y el Colegio de Enfermer\u00eda de Sevilla imparten su primera microcredencial conjunta - Formaci\u00f3n Permanente UPO<\/title>\n<meta name=\"robots\" content=\"index, follow, max-snippet:-1, max-image-preview:large, max-video-preview:-1\" \/>\n<link rel=\"canonical\" href=\"https:\/\/www.upo.es\/formacionpermanente\/la-universidad-pablo-de-olavide-y-el-colegio-de-enfermeria-de-sevilla-imparten-su-primera-microcredencial-conjunta\/\" \/>\n<meta property=\"og:locale\" content=\"es_ES\" \/>\n<meta property=\"og:type\" content=\"article\" \/>\n<meta property=\"og:title\" content=\"La Universidad Pablo de Olavide y el Colegio de Enfermer\u00eda de Sevilla imparten su primera microcredencial conjunta - Formaci\u00f3n Permanente UPO\" \/>\n<meta property=\"og:description\" content=\"El t\u00edtulo, impartido en formato h\u00edbrido, ha formado a 12 profesionales de la enfermer\u00eda en el \u00e1mbito de la ecograf\u00eda para matronas La Universidad Pablo de Olavide y el Ilustre Colegio de Enfermer\u00eda de Sevilla han impartido en las \u00faltimas semanas la microcredencial universitaria \u2018Ecograf\u00eda b\u00e1sica para matronas\u2019, el primer t\u00edtulo conjunto de ambas entidades [&hellip;]\" \/>\n<meta property=\"og:url\" content=\"https:\/\/www.upo.es\/formacionpermanente\/la-universidad-pablo-de-olavide-y-el-colegio-de-enfermeria-de-sevilla-imparten-su-primera-microcredencial-conjunta\/\" \/>\n<meta property=\"og:site_name\" content=\"Formaci\u00f3n Permanente UPO\" \/>\n<meta property=\"article:published_time\" content=\"2026-04-30T11:49:29+00:00\" \/>\n<meta property=\"og:image\" content=\"https:\/\/www.upo.es\/formacionpermanente\/wp-content\/imagenes\/uploads\/2026\/04\/IMG_5211.jpg\" \/>\n\t<meta property=\"og:image:width\" content=\"2048\" \/>\n\t<meta property=\"og:image:height\" content=\"1365\" \/>\n\t<meta property=\"og:image:type\" content=\"image\/jpeg\" \/>\n<meta name=\"author\" content=\"Nuria Mu\u00f1oz Fern\u00e1ndez\" \/>\n<meta name=\"twitter:card\" content=\"summary_large_image\" \/>\n<meta name=\"twitter:label1\" content=\"Escrito por\" \/>\n\t<meta name=\"twitter:data1\" content=\"Nuria Mu\u00f1oz Fern\u00e1ndez\" \/>\n\t<meta name=\"twitter:label2\" content=\"Tiempo de lectura\" \/>\n\t<meta name=\"twitter:data2\" content=\"3 minutos\" \/>\n<script type=\"application\/ld+json\" class=\"yoast-schema-graph\">{\"@context\":\"https:\\\/\\\/schema.org\",\"@graph\":[{\"@type\":\"Article\",\"@id\":\"https:\\\/\\\/www.upo.es\\\/formacionpermanente\\\/la-universidad-pablo-de-olavide-y-el-colegio-de-enfermeria-de-sevilla-imparten-su-primera-microcredencial-conjunta\\\/#article\",\"isPartOf\":{\"@id\":\"https:\\\/\\\/www.upo.es\\\/formacionpermanente\\\/la-universidad-pablo-de-olavide-y-el-colegio-de-enfermeria-de-sevilla-imparten-su-primera-microcredencial-conjunta\\\/\"},\"author\":{\"name\":\"Nuria Mu\u00f1oz Fern\u00e1ndez\",\"@id\":\"https:\\\/\\\/www.upo.es\\\/formacionpermanente\\\/#\\\/schema\\\/person\\\/51978fdabf0a5e2117cc6647819ed739\"},\"headline\":\"La Universidad Pablo de Olavide y el Colegio de Enfermer\u00eda de Sevilla imparten su primera microcredencial conjunta\",\"datePublished\":\"2026-04-30T11:49:29+00:00\",\"mainEntityOfPage\":{\"@id\":\"https:\\\/\\\/www.upo.es\\\/formacionpermanente\\\/la-universidad-pablo-de-olavide-y-el-colegio-de-enfermeria-de-sevilla-imparten-su-primera-microcredencial-conjunta\\\/\"},\"wordCount\":563,\"commentCount\":0,\"publisher\":{\"@id\":\"https:\\\/\\\/www.upo.es\\\/formacionpermanente\\\/#organization\"},\"image\":{\"@id\":\"https:\\\/\\\/www.upo.es\\\/formacionpermanente\\\/la-universidad-pablo-de-olavide-y-el-colegio-de-enfermeria-de-sevilla-imparten-su-primera-microcredencial-conjunta\\\/#primaryimage\"},\"thumbnailUrl\":\"https:\\\/\\\/www.upo.es\\\/formacionpermanente\\\/wp-content\\\/imagenes\\\/uploads\\\/2026\\\/04\\\/IMG_5211.jpg\",\"keywords\":[\"Colegio Oficial de Enfermer\u00eda de Sevilla\",\"Ecograf\u00eda b\u00e1sica para matronas\",\"formaci\u00f3n especializada\",\"ICOES\",\"microcredenciales\",\"Universidad Pablo de Olavide\"],\"articleSection\":[\"Microcredenciales\"],\"inLanguage\":\"es\",\"potentialAction\":[{\"@type\":\"CommentAction\",\"name\":\"Comment\",\"target\":[\"https:\\\/\\\/www.upo.es\\\/formacionpermanente\\\/la-universidad-pablo-de-olavide-y-el-colegio-de-enfermeria-de-sevilla-imparten-su-primera-microcredencial-conjunta\\\/#respond\"]}]},{\"@type\":\"WebPage\",\"@id\":\"https:\\\/\\\/www.upo.es\\\/formacionpermanente\\\/la-universidad-pablo-de-olavide-y-el-colegio-de-enfermeria-de-sevilla-imparten-su-primera-microcredencial-conjunta\\\/\",\"url\":\"https:\\\/\\\/www.upo.es\\\/formacionpermanente\\\/la-universidad-pablo-de-olavide-y-el-colegio-de-enfermeria-de-sevilla-imparten-su-primera-microcredencial-conjunta\\\/\",\"name\":\"La Universidad Pablo de Olavide y el Colegio de Enfermer\u00eda de Sevilla imparten su primera microcredencial conjunta - Formaci\u00f3n Permanente UPO\",\"isPartOf\":{\"@id\":\"https:\\\/\\\/www.upo.es\\\/formacionpermanente\\\/#website\"},\"primaryImageOfPage\":{\"@id\":\"https:\\\/\\\/www.upo.es\\\/formacionpermanente\\\/la-universidad-pablo-de-olavide-y-el-colegio-de-enfermeria-de-sevilla-imparten-su-primera-microcredencial-conjunta\\\/#primaryimage\"},\"image\":{\"@id\":\"https:\\\/\\\/www.upo.es\\\/formacionpermanente\\\/la-universidad-pablo-de-olavide-y-el-colegio-de-enfermeria-de-sevilla-imparten-su-primera-microcredencial-conjunta\\\/#primaryimage\"},\"thumbnailUrl\":\"https:\\\/\\\/www.upo.es\\\/formacionpermanente\\\/wp-content\\\/imagenes\\\/uploads\\\/2026\\\/04\\\/IMG_5211.jpg\",\"datePublished\":\"2026-04-30T11:49:29+00:00\",\"breadcrumb\":{\"@id\":\"https:\\\/\\\/www.upo.es\\\/formacionpermanente\\\/la-universidad-pablo-de-olavide-y-el-colegio-de-enfermeria-de-sevilla-imparten-su-primera-microcredencial-conjunta\\\/#breadcrumb\"},\"inLanguage\":\"es\",\"potentialAction\":[{\"@type\":\"ReadAction\",\"target\":[\"https:\\\/\\\/www.upo.es\\\/formacionpermanente\\\/la-universidad-pablo-de-olavide-y-el-colegio-de-enfermeria-de-sevilla-imparten-su-primera-microcredencial-conjunta\\\/\"]}]},{\"@type\":\"ImageObject\",\"inLanguage\":\"es\",\"@id\":\"https:\\\/\\\/www.upo.es\\\/formacionpermanente\\\/la-universidad-pablo-de-olavide-y-el-colegio-de-enfermeria-de-sevilla-imparten-su-primera-microcredencial-conjunta\\\/#primaryimage\",\"url\":\"https:\\\/\\\/www.upo.es\\\/formacionpermanente\\\/wp-content\\\/imagenes\\\/uploads\\\/2026\\\/04\\\/IMG_5211.jpg\",\"contentUrl\":\"https:\\\/\\\/www.upo.es\\\/formacionpermanente\\\/wp-content\\\/imagenes\\\/uploads\\\/2026\\\/04\\\/IMG_5211.jpg\",\"width\":2048,\"height\":1365},{\"@type\":\"BreadcrumbList\",\"@id\":\"https:\\\/\\\/www.upo.es\\\/formacionpermanente\\\/la-universidad-pablo-de-olavide-y-el-colegio-de-enfermeria-de-sevilla-imparten-su-primera-microcredencial-conjunta\\\/#breadcrumb\",\"itemListElement\":[{\"@type\":\"ListItem\",\"position\":1,\"name\":\"Portada\",\"item\":\"https:\\\/\\\/www.upo.es\\\/formacionpermanente\\\/\"},{\"@type\":\"ListItem\",\"position\":2,\"name\":\"La Universidad Pablo de Olavide y el Colegio de Enfermer\u00eda de Sevilla imparten su primera microcredencial conjunta\"}]},{\"@type\":\"WebSite\",\"@id\":\"https:\\\/\\\/www.upo.es\\\/formacionpermanente\\\/#website\",\"url\":\"https:\\\/\\\/www.upo.es\\\/formacionpermanente\\\/\",\"name\":\"Formaci\u00f3n Permanente UPO\",\"description\":\"T\u00edtulos Propios, Microcredenciales, Cursos de Verano\",\"publisher\":{\"@id\":\"https:\\\/\\\/www.upo.es\\\/formacionpermanente\\\/#organization\"},\"potentialAction\":[{\"@type\":\"SearchAction\",\"target\":{\"@type\":\"EntryPoint\",\"urlTemplate\":\"https:\\\/\\\/www.upo.es\\\/formacionpermanente\\\/?s={search_term_string}\"},\"query-input\":{\"@type\":\"PropertyValueSpecification\",\"valueRequired\":true,\"valueName\":\"search_term_string\"}}],\"inLanguage\":\"es\"},{\"@type\":\"Organization\",\"@id\":\"https:\\\/\\\/www.upo.es\\\/formacionpermanente\\\/#organization\",\"name\":\"Formaci\u00f3n Permanente Universidad Pablo de Olavide\",\"alternateName\":\"Formaci\u00f3n Permanente UPO\",\"url\":\"https:\\\/\\\/www.upo.es\\\/formacionpermanente\\\/\",\"logo\":{\"@type\":\"ImageObject\",\"inLanguage\":\"es\",\"@id\":\"https:\\\/\\\/www.upo.es\\\/formacionpermanente\\\/#\\\/schema\\\/logo\\\/image\\\/\",\"url\":\"https:\\\/\\\/www.upo.es\\\/formacionpermanente\\\/wp-content\\\/imagenes\\\/uploads\\\/2023\\\/02\\\/Logo-UPO-azul-amarillo-horizontal.png\",\"contentUrl\":\"https:\\\/\\\/www.upo.es\\\/formacionpermanente\\\/wp-content\\\/imagenes\\\/uploads\\\/2023\\\/02\\\/Logo-UPO-azul-amarillo-horizontal.png\",\"width\":1000,\"height\":407,\"caption\":\"Formaci\u00f3n Permanente Universidad Pablo de Olavide\"},\"image\":{\"@id\":\"https:\\\/\\\/www.upo.es\\\/formacionpermanente\\\/#\\\/schema\\\/logo\\\/image\\\/\"}},{\"@type\":\"Person\",\"@id\":\"https:\\\/\\\/www.upo.es\\\/formacionpermanente\\\/#\\\/schema\\\/person\\\/51978fdabf0a5e2117cc6647819ed739\",\"name\":\"Nuria Mu\u00f1oz Fern\u00e1ndez\",\"image\":{\"@type\":\"ImageObject\",\"inLanguage\":\"es\",\"@id\":\"https:\\\/\\\/secure.gravatar.com\\\/avatar\\\/f97ebae4c1147a6f2dc5c3ae08f90951b959092ae63a8adc8336f66bd7f7e9a7?s=96&d=mm&r=g\",\"url\":\"https:\\\/\\\/secure.gravatar.com\\\/avatar\\\/f97ebae4c1147a6f2dc5c3ae08f90951b959092ae63a8adc8336f66bd7f7e9a7?s=96&d=mm&r=g\",\"contentUrl\":\"https:\\\/\\\/secure.gravatar.com\\\/avatar\\\/f97ebae4c1147a6f2dc5c3ae08f90951b959092ae63a8adc8336f66bd7f7e9a7?s=96&d=mm&r=g\",\"caption\":\"Nuria Mu\u00f1oz Fern\u00e1ndez\"},\"url\":\"https:\\\/\\\/www.upo.es\\\/formacionpermanente\\\/author\\\/nmunfer1\\\/\"}]}<\/script>\n<!-- \/ Yoast SEO plugin. -->","yoast_head_json":{"title":"La Universidad Pablo de Olavide y el Colegio de Enfermer\u00eda de Sevilla imparten su primera microcredencial conjunta - Formaci\u00f3n Permanente UPO","robots":{"index":"index","follow":"follow","max-snippet":"max-snippet:-1","max-image-preview":"max-image-preview:large","max-video-preview":"max-video-preview:-1"},"canonical":"https:\/\/www.upo.es\/formacionpermanente\/la-universidad-pablo-de-olavide-y-el-colegio-de-enfermeria-de-sevilla-imparten-su-primera-microcredencial-conjunta\/","og_locale":"es_ES","og_type":"article","og_title":"La Universidad Pablo de Olavide y el Colegio de Enfermer\u00eda de Sevilla imparten su primera microcredencial conjunta - Formaci\u00f3n Permanente UPO","og_description":"El t\u00edtulo, impartido en formato h\u00edbrido, ha formado a 12 profesionales de la enfermer\u00eda en el \u00e1mbito de la ecograf\u00eda para matronas La Universidad Pablo de Olavide y el Ilustre Colegio de Enfermer\u00eda de Sevilla han impartido en las \u00faltimas semanas la microcredencial universitaria \u2018Ecograf\u00eda b\u00e1sica para matronas\u2019, el primer t\u00edtulo conjunto de ambas entidades [&hellip;]","og_url":"https:\/\/www.upo.es\/formacionpermanente\/la-universidad-pablo-de-olavide-y-el-colegio-de-enfermeria-de-sevilla-imparten-su-primera-microcredencial-conjunta\/","og_site_name":"Formaci\u00f3n Permanente UPO","article_published_time":"2026-04-30T11:49:29+00:00","og_image":[{"width":2048,"height":1365,"url":"https:\/\/www.upo.es\/formacionpermanente\/wp-content\/imagenes\/uploads\/2026\/04\/IMG_5211.jpg","type":"image\/jpeg"}],"author":"Nuria Mu\u00f1oz Fern\u00e1ndez","twitter_card":"summary_large_image","twitter_misc":{"Escrito por":"Nuria Mu\u00f1oz Fern\u00e1ndez","Tiempo de lectura":"3 minutos"},"schema":{"@context":"https:\/\/schema.org","@graph":[{"@type":"Article","@id":"https:\/\/www.upo.es\/formacionpermanente\/la-universidad-pablo-de-olavide-y-el-colegio-de-enfermeria-de-sevilla-imparten-su-primera-microcredencial-conjunta\/#article","isPartOf":{"@id":"https:\/\/www.upo.es\/formacionpermanente\/la-universidad-pablo-de-olavide-y-el-colegio-de-enfermeria-de-sevilla-imparten-su-primera-microcredencial-conjunta\/"},"author":{"name":"Nuria Mu\u00f1oz Fern\u00e1ndez","@id":"https:\/\/www.upo.es\/formacionpermanente\/#\/schema\/person\/51978fdabf0a5e2117cc6647819ed739"},"headline":"La Universidad Pablo de Olavide y el Colegio de Enfermer\u00eda de Sevilla imparten su primera microcredencial conjunta","datePublished":"2026-04-30T11:49:29+00:00","mainEntityOfPage":{"@id":"https:\/\/www.upo.es\/formacionpermanente\/la-universidad-pablo-de-olavide-y-el-colegio-de-enfermeria-de-sevilla-imparten-su-primera-microcredencial-conjunta\/"},"wordCount":563,"commentCount":0,"publisher":{"@id":"https:\/\/www.upo.es\/formacionpermanente\/#organization"},"image":{"@id":"https:\/\/www.upo.es\/formacionpermanente\/la-universidad-pablo-de-olavide-y-el-colegio-de-enfermeria-de-sevilla-imparten-su-primera-microcredencial-conjunta\/#primaryimage"},"thumbnailUrl":"https:\/\/www.upo.es\/formacionpermanente\/wp-content\/imagenes\/uploads\/2026\/04\/IMG_5211.jpg","keywords":["Colegio Oficial de Enfermer\u00eda de Sevilla","Ecograf\u00eda b\u00e1sica para matronas","formaci\u00f3n especializada","ICOES","microcredenciales","Universidad Pablo de Olavide"],"articleSection":["Microcredenciales"],"inLanguage":"es","potentialAction":[{"@type":"CommentAction","name":"Comment","target":["https:\/\/www.upo.es\/formacionpermanente\/la-universidad-pablo-de-olavide-y-el-colegio-de-enfermeria-de-sevilla-imparten-su-primera-microcredencial-conjunta\/#respond"]}]},{"@type":"WebPage","@id":"https:\/\/www.upo.es\/formacionpermanente\/la-universidad-pablo-de-olavide-y-el-colegio-de-enfermeria-de-sevilla-imparten-su-primera-microcredencial-conjunta\/","url":"https:\/\/www.upo.es\/formacionpermanente\/la-universidad-pablo-de-olavide-y-el-colegio-de-enfermeria-de-sevilla-imparten-su-primera-microcredencial-conjunta\/","name":"La Universidad Pablo de Olavide y el Colegio de Enfermer\u00eda de Sevilla imparten su primera microcredencial conjunta - Formaci\u00f3n Permanente UPO","isPartOf":{"@id":"https:\/\/www.upo.es\/formacionpermanente\/#website"},"primaryImageOfPage":{"@id":"https:\/\/www.upo.es\/formacionpermanente\/la-universidad-pablo-de-olavide-y-el-colegio-de-enfermeria-de-sevilla-imparten-su-primera-microcredencial-conjunta\/#primaryimage"},"image":{"@id":"https:\/\/www.upo.es\/formacionpermanente\/la-universidad-pablo-de-olavide-y-el-colegio-de-enfermeria-de-sevilla-imparten-su-primera-microcredencial-conjunta\/#primaryimage"},"thumbnailUrl":"https:\/\/www.upo.es\/formacionpermanente\/wp-content\/imagenes\/uploads\/2026\/04\/IMG_5211.jpg","datePublished":"2026-04-30T11:49:29+00:00","breadcrumb":{"@id":"https:\/\/www.upo.es\/formacionpermanente\/la-universidad-pablo-de-olavide-y-el-colegio-de-enfermeria-de-sevilla-imparten-su-primera-microcredencial-conjunta\/#breadcrumb"},"inLanguage":"es","potentialAction":[{"@type":"ReadAction","target":["https:\/\/www.upo.es\/formacionpermanente\/la-universidad-pablo-de-olavide-y-el-colegio-de-enfermeria-de-sevilla-imparten-su-primera-microcredencial-conjunta\/"]}]},{"@type":"ImageObject","inLanguage":"es","@id":"https:\/\/www.upo.es\/formacionpermanente\/la-universidad-pablo-de-olavide-y-el-colegio-de-enfermeria-de-sevilla-imparten-su-primera-microcredencial-conjunta\/#primaryimage","url":"https:\/\/www.upo.es\/formacionpermanente\/wp-content\/imagenes\/uploads\/2026\/04\/IMG_5211.jpg","contentUrl":"https:\/\/www.upo.es\/formacionpermanente\/wp-content\/imagenes\/uploads\/2026\/04\/IMG_5211.jpg","width":2048,"height":1365},{"@type":"BreadcrumbList","@id":"https:\/\/www.upo.es\/formacionpermanente\/la-universidad-pablo-de-olavide-y-el-colegio-de-enfermeria-de-sevilla-imparten-su-primera-microcredencial-conjunta\/#breadcrumb","itemListElement":[{"@type":"ListItem","position":1,"name":"Portada","item":"https:\/\/www.upo.es\/formacionpermanente\/"},{"@type":"ListItem","position":2,"name":"La Universidad Pablo de Olavide y el Colegio de Enfermer\u00eda de Sevilla imparten su primera microcredencial conjunta"}]},{"@type":"WebSite","@id":"https:\/\/www.upo.es\/formacionpermanente\/#website","url":"https:\/\/www.upo.es\/formacionpermanente\/","name":"Formaci\u00f3n Permanente UPO","description":"T\u00edtulos Propios, Microcredenciales, Cursos de Verano","publisher":{"@id":"https:\/\/www.upo.es\/formacionpermanente\/#organization"},"potentialAction":[{"@type":"SearchAction","target":{"@type":"EntryPoint","urlTemplate":"https:\/\/www.upo.es\/formacionpermanente\/?s={search_term_string}"},"query-input":{"@type":"PropertyValueSpecification","valueRequired":true,"valueName":"search_term_string"}}],"inLanguage":"es"},{"@type":"Organization","@id":"https:\/\/www.upo.es\/formacionpermanente\/#organization","name":"Formaci\u00f3n Permanente Universidad Pablo de Olavide","alternateName":"Formaci\u00f3n Permanente UPO","url":"https:\/\/www.upo.es\/formacionpermanente\/","logo":{"@type":"ImageObject","inLanguage":"es","@id":"https:\/\/www.upo.es\/formacionpermanente\/#\/schema\/logo\/image\/","url":"https:\/\/www.upo.es\/formacionpermanente\/wp-content\/imagenes\/uploads\/2023\/02\/Logo-UPO-azul-amarillo-horizontal.png","contentUrl":"https:\/\/www.upo.es\/formacionpermanente\/wp-content\/imagenes\/uploads\/2023\/02\/Logo-UPO-azul-amarillo-horizontal.png","width":1000,"height":407,"caption":"Formaci\u00f3n Permanente Universidad Pablo de Olavide"},"image":{"@id":"https:\/\/www.upo.es\/formacionpermanente\/#\/schema\/logo\/image\/"}},{"@type":"Person","@id":"https:\/\/www.upo.es\/formacionpermanente\/#\/schema\/person\/51978fdabf0a5e2117cc6647819ed739","name":"Nuria Mu\u00f1oz Fern\u00e1ndez","image":{"@type":"ImageObject","inLanguage":"es","@id":"https:\/\/secure.gravatar.com\/avatar\/f97ebae4c1147a6f2dc5c3ae08f90951b959092ae63a8adc8336f66bd7f7e9a7?s=96&d=mm&r=g","url":"https:\/\/secure.gravatar.com\/avatar\/f97ebae4c1147a6f2dc5c3ae08f90951b959092ae63a8adc8336f66bd7f7e9a7?s=96&d=mm&r=g","contentUrl":"https:\/\/secure.gravatar.com\/avatar\/f97ebae4c1147a6f2dc5c3ae08f90951b959092ae63a8adc8336f66bd7f7e9a7?s=96&d=mm&r=g","caption":"Nuria Mu\u00f1oz Fern\u00e1ndez"},"url":"https:\/\/www.upo.es\/formacionpermanente\/author\/nmunfer1\/"}]}},"_links":{"self":[{"href":"https:\/\/www.upo.es\/formacionpermanente\/wp-json\/wp\/v2\/posts\/55418","targetHints":{"allow":["GET"]}}],"collection":[{"href":"https:\/\/www.upo.es\/formacionpermanente\/wp-json\/wp\/v2\/posts"}],"about":[{"href":"https:\/\/www.upo.es\/formacionpermanente\/wp-json\/wp\/v2\/types\/post"}],"author":[{"embeddable":true,"href":"https:\/\/www.upo.es\/formacionpermanente\/wp-json\/wp\/v2\/users\/7"}],"replies":[{"embeddable":true,"href":"https:\/\/www.upo.es\/formacionpermanente\/wp-json\/wp\/v2\/comments?post=55418"}],"version-history":[{"count":1,"href":"https:\/\/www.upo.es\/formacionpermanente\/wp-json\/wp\/v2\/posts\/55418\/revisions"}],"predecessor-version":[{"id":55423,"href":"https:\/\/www.upo.es\/formacionpermanente\/wp-json\/wp\/v2\/posts\/55418\/revisions\/55423"}],"wp:featuredmedia":[{"embeddable":true,"href":"https:\/\/www.upo.es\/formacionpermanente\/wp-json\/wp\/v2\/media\/55422"}],"wp:attachment":[{"href":"https:\/\/www.upo.es\/formacionpermanente\/wp-json\/wp\/v2\/media?parent=55418"}],"wp:term":[{"taxonomy":"category","embeddable":true,"href":"https:\/\/www.upo.es\/formacionpermanente\/wp-json\/wp\/v2\/categories?post=55418"},{"taxonomy":"post_tag","embeddable":true,"href":"https:\/\/www.upo.es\/formacionpermanente\/wp-json\/wp\/v2\/tags?post=55418"}],"curies":[{"name":"wp","href":"https:\/\/api.w.org\/{rel}","templated":true}]}}